{"id":174825,"date":"2019-06-27T16:01:13","date_gmt":"2019-06-27T13:01:13","guid":{"rendered":"http:\/\/www.tvturk.com\/index.php\/kktc-basbakani-tatar-turkiyeden-gelen-heyeti-kabul-etti\/"},"modified":"2019-06-27T16:01:13","modified_gmt":"2019-06-27T13:01:13","slug":"kktc-basbakani-tatar-turkiyeden-gelen-heyeti-kabul-etti","status":"publish","type":"post","link":"http:\/\/www.tvturk.com\/index.php\/kktc-basbakani-tatar-turkiyeden-gelen-heyeti-kabul-etti\/","title":{"rendered":"KKTC Ba\u015fbakan\u0131 Tatar, T\u00fcrkiye\u2019den gelen heyeti kabul etti"},"content":{"rendered":"<p>KKTC Ba\u015fbakan\u0131 Ersin Tatar, T\u00fcrkiye\u2019den gelen heyeti kabul etti. Tatar, \u201cBizi T\u00fcrkiye\u2019den kimse koparamaz\u201d dedi.<\/p>\n<p>KKTC Ba\u015fbakan\u0131 Ersin Tatar, Vak\u0131flar \u0130daresi\u2019nin davetiyle T\u00fcrkiye\u2019den gelen T\u00fcrk Tarih Kurumu Ba\u015fkan\u0131 Prof. Dr. Refik Turan, Atat\u00fcrk K\u00fclt\u00fcr, Dil ve Tarih Y\u00fcksek Kurumu Ba\u015fkan\u0131 Yard\u0131mc\u0131s\u0131 Prof. Dr. Muhammet Hekimo\u011flu, Ankara Hac\u0131 Bayram Veli \u00dcniversitesi \u00d6\u011fretim \u00dcyesi Prof. Dr. Mehmet Seyfettin Erol, T\u00fcrk Tarih Kurumu Bilimsel Ara\u015ft\u0131rma Uzman M\u00fcd\u00fcr\u00fc U\u011fur Cenk Deniz \u0130mamo\u011flu kabul etti. Heyete, kabulde, K\u0131br\u0131s Vak\u0131flar \u0130daresi Y\u00f6netim Kurulu Ba\u015fkan\u0131 \u0130brahim Benter de e\u015flik etti.<\/p>\n<p>T\u00fcrkiye Atat\u00fcrk K\u00fclt\u00fcr, Dil ve Tarih Y\u00fcksek Kurumu Ba\u015fkan\u0131 Yard\u0131mc\u0131s\u0131 Prof. Dr. Muhammet Hekimo\u011flu, yapt\u0131\u011f\u0131 konu\u015fmada, T\u00fcrkiye\u2019den selamlar getirdi\u011fini belirterek, iki \u00fclke aras\u0131ndaki ba\u011flar\u0131n daha da kuvvetlendirilmesi ve ila nihai s\u00fcrd\u00fcr\u00fclmesi i\u00e7in k\u00fclt\u00fcrel ili\u015fkileri \u00f6nemsediklerini s\u00f6yledi. \u201cSiyasetin ve ticaretin r\u00fczgar\u0131 farkl\u0131 eser ama k\u00fclt\u00fcr\u00fcn r\u00fczgar\u0131 bir kere eser yerle\u015ftireceklerini yerle\u015ftirir\u201d diyen Hekimo\u011flu, Vak\u0131flar \u0130daresi\u2019yle bir dizi projede \u00e7al\u0131\u015fma imkan\u0131 bulmaktan mutlu olduklar\u0131n\u0131 belirtti.<\/p>\n<p>Hekimo\u011flu, \u015fimdi ve gelecekte yer alacaklar\u0131 t\u00fcm programlarda i\u015fbirli\u011fine haz\u0131r olduklar\u0131n\u0131 vurgulad\u0131. Ba\u015fbakan Ersin Tatar, T\u00fcrkiye\u2019yle siyasi, k\u00fclt\u00fcrel, her t\u00fcrl\u00fc ba\u011f\u0131 \u00f6nemsediklerini dile getirerek, Kapal\u0131 Mara\u015f\u2019taki incelemeler ve yap\u0131lacak envanter \u00e7al\u0131\u015fmas\u0131 i\u00e7in i\u015fbirli\u011fi i\u00e7erisinde olmaktan mutluluk duyacaklar\u0131n\u0131 belirtti. Siyasetin gere\u011fi K\u0131br\u0131s T\u00fcrk halk\u0131n\u0131n hak ve \u00e7\u0131karlar\u0131n\u0131n savunulmas\u0131nda, 1571\u2019de ve sonras\u0131nda 1974\u2019de gelenlerin kayna\u015fmas\u0131yla yola devam ettiklerini belirten Tatar, \u201cTabii ki T\u00fcrkiye\u2019nin hayati \u00f6neme sahip destekleriyle\u201d dedi.<\/p>\n<p>\u201cBizi T\u00fcrkiye\u2019den kimse koparamaz\u201d<\/p>\n<p>T\u00fcrkiye\u2019nin garant\u00f6rl\u00fc\u011f\u00fcn\u00fcn \u00f6nemini yeniden dile getirmek istedi\u011fini s\u00f6yleyen Tatar, \u201cK\u0131br\u0131s davas\u0131 hala devam ediyor, her ne kadar bizim i\u00e7in bar\u0131\u015f 74\u2019te tescil edilmi\u015f olsa da, uluslararas\u0131 camian\u0131n bask\u0131s\u0131yla K\u0131br\u0131s\u2019ta anla\u015fma ve sonras\u0131nda AB\u2019de yerini bulmas\u0131 \u015feklinde bask\u0131 g\u00f6r\u00fcyoruz\u201d \u015feklinde konu\u015ftu.<\/p>\n<p>Tatar, bu bask\u0131lar\u0131n her zaman olaca\u011f\u0131n\u0131 ancak kendilerinin direnmek durumunda olduklar\u0131n\u0131 s\u00f6yleyerek, \u201cAB \u00fcyeli\u011fi olabilir ama g\u00fcn\u00fcn sonunda T\u00fcrkiye\u2019nin etkin ve fiili garant\u00f6rl\u00fc\u011f\u00fc ve K\u0131br\u0131s T\u00fcrk halk\u0131yla ba\u011flar\u0131n\u0131n g\u00fc\u00e7lenerek devam etmesi \u00e7ok \u00f6nemlidir\u201d dedi. \u201cBizi T\u00fcrkiye\u2019den kimse koparamaz\u201d diyen Tatar, m\u00fccadelelerine hem uluslararas\u0131 camiada hem de K\u0131br\u0131s\u2019taki siyasette devam ettirdiklerini s\u00f6yledi. Tatar, her yerde muhalifler oldu\u011funu ancak kendilerinin \u00e7\u0131k\u0131\u015f noktalar\u0131ndan yollar\u0131na devam etti\u011fini, kendi yollar\u0131n\u0131n T\u00fcrkiye ile birlikte ulusal dava i\u00e7in m\u00fccadele etmeye devam oldu\u011funu belirtti.<\/p>\n<p>K\u0131br\u0131s konusunda ya\u015fanan s\u00fcre\u00e7le ilgili bilgi veren Tatar, bug\u00fcn bile deniz dibindeki haklar\u0131n tart\u0131\u015f\u0131ld\u0131\u011f\u0131n\u0131, egemenlik haklar\u0131n\u0131n tart\u0131\u015f\u0131ld\u0131\u011f\u0131n\u0131, T\u00fcrkiye\u2019nin deste\u011fiyle hakimiyet alan\u0131n\u0131 ortaya koyduklar\u0131n\u0131 ifade etti. Fatih ve Yavuz gemilerinin b\u00f6lgedeki K\u0131br\u0131s T\u00fcrk haklar\u0131n\u0131 arad\u0131\u011f\u0131n\u0131, yap\u0131lan \u00e7al\u0131\u015fmalar\u0131 ve T\u00fcrkiye\u2019nin de bu davadaki kararl\u0131l\u0131\u011f\u0131n\u0131 takdirle izlediklerini dile getiren Tatar, Cumhurba\u015fkan\u0131 Recep Tayyip Erdo\u011fan\u2019\u0131n d\u00fcn yapt\u0131\u011f\u0131 a\u00e7\u0131klamalar\u0131n da y\u00fcreklerine su serpti\u011fini vurgulad\u0131.<\/p>\n<p>\u201cK\u0131br\u0131s bizim i\u00e7in yavru vatan de\u011fil serhat vatan\u201d<\/p>\n<p>T\u00fcrk Tarih Kurumu Ba\u015fkan\u0131 Prof. Dr. Refik Turan da KKTC\u2019ye her geldi\u011finde m\u00fcthi\u015f bir heyecan hissetti\u011fini belirterek, \u201cSizin gibi, Benter gibi de\u011ferli \u015fah\u0131slarla bir araya gelmek ve ya\u015fanan tarihi, kahramanlar\u0131 hat\u0131rlamak ayr\u0131 bir \u015fans\u201d dedi. Turan, K\u0131br\u0131s i\u00e7in hi\u00e7bir endi\u015fe beslemedi\u011fini ifade ederek, bunun sebeplerini \u015f\u00f6yle s\u0131ralad\u0131:<\/p>\n<p>\u201c1. sizler, TMT ve kahramanlar; 2. Mehmet\u00e7ik; 3. K\u0131br\u0131s Vak\u0131flar\u0131; 4. K\u0131br\u0131s bizim i\u00e7in yavru vatan de\u011fil \u2018serhat vatan.\u2019\u201d<\/p>\n","protected":false},"excerpt":{"rendered":"<p>KKTC BA\u015eBAKANI ERS\u0130N TATAR, VAKIFLAR \u0130DARES\u0130\u2019N\u0130N DAVET\u0130YLE T\u00dcRK\u0130YE\u2019DEN GELEN T\u00dcRK TAR\u0130H KURUMU BA\u015eKANI PROF. DR. REF\u0130K TURAN, ATAT\u00dcRK K\u00dcLT\u00dcR, D\u0130L VE TAR\u0130H Y\u00dcKSEK KURUMU BA\u015eKANI YARDIMCISI PROF. DR. MUHAMMET HEK\u0130MO\u011eLU, ANKARA HACI BAYRAM VEL\u0130 \u00dcN\u0130VERS\u0130TES\u0130 \u00d6\u011eRET\u0130M \u00dcYES\u0130 PROF. DR. MEHMET SEYFETT\u0130N EROL, T\u00dcRK TAR\u0130H KURUMU B\u0130L\u0130MSEL ARA\u015eTIRMA UZMAN M\u00dcD\u00dcR\u00dc U\u011eUR CENK DEN\u0130Z \u0130MAMO\u011eLU KABUL ETT\u0130. HEYETE, KABULDE, KIBRIS VAKIFLAR \u0130DARES\u0130 Y\u00d6NET\u0130M KURULU BA\u015eKANI \u0130BRAH\u0130M BENTER DE E\u015eL\u0130K ETT\u0130.<\/p>\n","protected":false},"author":1,"featured_media":0,"comment_status":"closed","ping_status":"open","sticky":false,"template":"","format":"standard","meta":{"jetpack_post_was_ever_published":false,"_jetpack_newsletter_access":"","_jetpack_dont_email_post_to_subs":false,"_jetpack_newsletter_tier_id":0,"_jetpack_memberships_contains_paywalled_content":false,"_jetpack_memberships_contains_paid_content":false,"footnotes":"","jetpack_publicize_message":"","jetpack_publicize_feature_enabled":true,"jetpack_social_post_already_shared":true,"jetpack_social_options":{"image_generator_settings":{"template":"highway","default_image_id":0,"font":"","enabled":false},"version":2}},"categories":[10],"tags":[651,207,307,615,654,9977,30456,11565],"class_list":["post-174825","post","type-post","status-publish","format-standard","hentry","category-dunya","tag-basbakani","tag-etti","tag-gelen","tag-heyeti","tag-kabul","tag-kktc","tag-tatar","tag-turkiyeden"],"jetpack_publicize_connections":[],"jetpack_featured_media_url":"","jetpack_sharing_enabled":true,"jetpack_shortlink":"https:\/\/wp.me\/paKIfm-JtL","_links":{"self":[{"href":"http:\/\/www.tvturk.com\/index.php\/wp-json\/wp\/v2\/posts\/174825","targetHints":{"allow":["GET"]}}],"collection":[{"href":"http:\/\/www.tvturk.com\/index.php\/wp-json\/wp\/v2\/posts"}],"about":[{"href":"http:\/\/www.tvturk.com\/index.php\/wp-json\/wp\/v2\/types\/post"}],"author":[{"embeddable":true,"href":"http:\/\/www.tvturk.com\/index.php\/wp-json\/wp\/v2\/users\/1"}],"replies":[{"embeddable":true,"href":"http:\/\/www.tvturk.com\/index.php\/wp-json\/wp\/v2\/comments?post=174825"}],"version-history":[{"count":0,"href":"http:\/\/www.tvturk.com\/index.php\/wp-json\/wp\/v2\/posts\/174825\/revisions"}],"wp:attachment":[{"href":"http:\/\/www.tvturk.com\/index.php\/wp-json\/wp\/v2\/media?parent=174825"}],"wp:term":[{"taxonomy":"category","embeddable":true,"href":"http:\/\/www.tvturk.com\/index.php\/wp-json\/wp\/v2\/categories?post=174825"},{"taxonomy":"post_tag","embeddable":true,"href":"http:\/\/www.tvturk.com\/index.php\/wp-json\/wp\/v2\/tags?post=174825"}],"curies":[{"name":"wp","href":"https:\/\/api.w.org\/{rel}","templated":true}]}}