{"id":174837,"date":"2019-06-27T16:02:44","date_gmt":"2019-06-27T13:02:44","guid":{"rendered":"http:\/\/www.tvturk.com\/index.php\/hayata-firsat-projesi-multecilere-istihdam-kapisi-acacak\/"},"modified":"2019-06-27T16:02:44","modified_gmt":"2019-06-27T13:02:44","slug":"hayata-firsat-projesi-multecilere-istihdam-kapisi-acacak","status":"publish","type":"post","link":"http:\/\/www.tvturk.com\/index.php\/hayata-firsat-projesi-multecilere-istihdam-kapisi-acacak\/","title":{"rendered":"\u201cHayata F\u0131rsat\u201d projesi m\u00fcltecilere istihdam kap\u0131s\u0131 a\u00e7acak"},"content":{"rendered":"<p>Konya\u2019da m\u00fcltecilere istihdam kap\u0131s\u0131 a\u00e7acak farkl\u0131 mesleki bran\u015flarda d\u00fczenlenen kurslar\u0131n start\u0131 verildi.<\/p>\n<p>Avrupa Birli\u011fi (AB) taraf\u0131ndan finanse edilen, Uluslararas\u0131 \u00c7al\u0131\u015fma \u00d6rg\u00fct\u00fc (ILO) ile Konya Esnaf ve Sanatkarlar Odalar\u0131 Birli\u011fi (KONESOB) i\u015fbirli\u011finde y\u00fcr\u00fct\u00fclen, Sel\u00e7uklu Halk E\u011fitim M\u00fcd\u00fcrl\u00fc\u011f\u00fc b\u00fcnyesinde farkl\u0131 bran\u015flarda d\u00fczenlenen mesleki e\u011fitim kurslar\u0131n\u0131n start\u0131 verildi. KONESOB Ba\u015fkan\u0131 Muharrem Karabacak, Konya Pastac\u0131lar Esnaf Odas\u0131 Ba\u015fkan\u0131 Kadir Ka\u011fn\u0131c\u0131o\u011flu ve ILO T\u00fcrkiye Ofisi Ulusal Beceri Geli\u015ftirme ve \u0130stihdam Uzman\u0131 Nuran Torun At\u0131\u015f, kurslar ve faaliyetler hakk\u0131nda yetkililerden bilgi ald\u0131. KONESOB Ba\u015fkan\u0131 Muharrem Karabacak, 105 kursiyerin devam etti\u011fi projenin 4 ay s\u00fcrece\u011fini belirterek, \u201cBu 4 ayl\u0131k s\u00fcrenin sonunda da ba\u015far\u0131l\u0131 olan kursiyerlerimize ba\u015far\u0131n\u0131n akabinde Milli E\u011fitim Bakanl\u0131\u011f\u0131m\u0131z taraf\u0131ndan sertifika verilmi\u015f olacak. Dolas\u0131yla bug\u00fcn farkl\u0131 bir ortamday\u0131z. Bir mutfak kuruldu ve g\u00f6rd\u00fc\u011f\u00fcn\u00fcz \u00fczere de 25 bayan arkada\u015f\u0131m\u0131z\u0131n \u00e7al\u0131\u015fmalar\u0131n\u0131 burada seyrediyoruz. \u015eu ana kadar 1 ay ge\u00e7ti, 3 ay daha burada olacaklar. Uluslararas\u0131 \u00c7al\u0131\u015fma \u00d6rg\u00fct\u00fc g\u00fcnl\u00fck cep har\u00e7l\u0131\u011f\u0131 da veriyor. Amac\u0131m\u0131z, hedefimiz Konya i\u015f g\u00fcc\u00fcne buradan mezun olan ki\u015filerin kazand\u0131r\u0131lm\u0131\u015f olmas\u0131 ve in\u015fallah bu tarzdaki projelerimizle farkl\u0131 meslek gruplar\u0131nda Konya Esnaf ve Sanatkarlar Odalar\u0131 Birli\u011fi olarak aranan ki\u015fileri yeti\u015ftirmek \u00fczere, Uluslar Aras\u0131 \u00c7al\u0131\u015fma \u00d6rg\u00fct\u00fcm\u00fczle Birlikte \u00e7al\u0131\u015fmalara devam edece\u011fiz. Kurslar\u0131m\u0131z\u0131n hay\u0131rl\u0131 olmas\u0131n\u0131 diliyoruz\u201d \u015feklinde konu\u015ftu.<\/p>\n<p>ILO T\u00fcrkiye Ofisi Ulusal Beceri Geli\u015ftirme ve \u0130stihdam Uzman\u0131 Nuran Torun At\u0131\u015f ise, ILO T\u00fcrkiye taraf\u0131ndan bu programa \u00f6zel at\u00f6lye ve e\u011fitim s\u0131n\u0131flar\u0131 tefri\u015f edildi\u011fini belirterek, \u201cE\u011fitimler \u00f6ncesinde Sel\u00e7uklu Halk E\u011fitim Merkezi\u2019ne pastac\u0131l\u0131k at\u00f6lyesi ve bilgisayar donan\u0131m\u0131 sa\u011fland\u0131. Bunlar yerelde proje sonras\u0131nda da kullan\u0131labilecek e\u011fitim altyap\u0131lar\u0131\u201d ifadelerini kulland\u0131.<\/p>\n<p>Pasta yap\u0131m\u0131 ve sunumu, bilgisayar sistem kurulum, bak\u0131m, onar\u0131m ve ar\u0131za giderme, bilgisayar destekli muhasebe, oto lastik sat\u0131\u015f ve servis eleman\u0131, tesisat montaj eleman\u0131 ve web tasar\u0131m\u0131 alanlar\u0131nda verilecek e\u011fitimler g\u00fcnde 8, haftada 40 saat olarak planland\u0131. E\u011fitim program\u0131 olarak Milli E\u011fitim Bakanl\u0131\u011f\u0131n\u0131n hayat boyu \u00f6\u011frenme mod\u00fclleri kullan\u0131lacak. Kursiyerlere kurs boyunca zaruri giderlerini kar\u015f\u0131lamak \u00fczere g\u00fcnl\u00fck cep har\u00e7l\u0131\u011f\u0131 da verilecek.<\/p>\n<p>Mesleki e\u011fitim kurslar\u0131 ile Konya\u2019daki ge\u00e7ici koruma alt\u0131ndaki Suriyeliler ve T\u00fcrk n\u00fcfusunun mesleki becerilerinin geli\u015ftirilmesi, ilgili gruplar\u0131n insana yak\u0131\u015f\u0131r i\u015f ko\u015fullar\u0131nda istihdam edilebilirliklerinin artt\u0131r\u0131lmas\u0131 ve Konya i\u015f g\u00fcc\u00fc piyasas\u0131n\u0131n beceri taleplerine cevap verilmesi hedefleniyor.<\/p>\n","protected":false},"excerpt":{"rendered":"<p>ULUSLARARASI \u00c7ALI\u015eMA \u00d6RG\u00dcT\u00dc (ILO) VE KONYA ESNAF VE SANATKARLAR ODALARI B\u0130RL\u0130\u011e\u0130 (KONESOB) \u0130\u015eB\u0130RL\u0130\u011e\u0130NDE Y\u00dcR\u00dcT\u00dcLEN VE SEL\u00c7UKLU HALK E\u011e\u0130T\u0130M M\u00dcD\u00dcRL\u00dc\u011e\u00dc B\u00dcNYES\u0130NDE FARKLI BRAN\u015eLARDA D\u00dcZENLENEN MESLEK\u0130 E\u011e\u0130T\u0130M KURSLARININ STARTI VER\u0130LD\u0130.<\/p>\n","protected":false},"author":1,"featured_media":0,"comment_status":"closed","ping_status":"open","sticky":false,"template":"","format":"standard","meta":{"jetpack_post_was_ever_published":false,"_jetpack_newsletter_access":"","_jetpack_dont_email_post_to_subs":false,"_jetpack_newsletter_tier_id":0,"_jetpack_memberships_contains_paywalled_content":false,"_jetpack_memberships_contains_paid_content":false,"footnotes":"","jetpack_publicize_message":"","jetpack_publicize_feature_enabled":true,"jetpack_social_post_already_shared":true,"jetpack_social_options":{"image_generator_settings":{"template":"highway","default_image_id":0,"font":"","enabled":false},"version":2}},"categories":[1],"tags":[13924,4837,4467,2034,2035,22271,1324],"class_list":["post-174837","post","type-post","status-publish","format-standard","hentry","category-genel","tag-acacak","tag-firsat","tag-hayata","tag-istihdam","tag-kapisi","tag-multecilere","tag-projesi"],"jetpack_publicize_connections":[],"jetpack_featured_media_url":"","jetpack_sharing_enabled":true,"jetpack_shortlink":"https:\/\/wp.me\/paKIfm-JtX","_links":{"self":[{"href":"http:\/\/www.tvturk.com\/index.php\/wp-json\/wp\/v2\/posts\/174837","targetHints":{"allow":["GET"]}}],"collection":[{"href":"http:\/\/www.tvturk.com\/index.php\/wp-json\/wp\/v2\/posts"}],"about":[{"href":"http:\/\/www.tvturk.com\/index.php\/wp-json\/wp\/v2\/types\/post"}],"author":[{"embeddable":true,"href":"http:\/\/www.tvturk.com\/index.php\/wp-json\/wp\/v2\/users\/1"}],"replies":[{"embeddable":true,"href":"http:\/\/www.tvturk.com\/index.php\/wp-json\/wp\/v2\/comments?post=174837"}],"version-history":[{"count":0,"href":"http:\/\/www.tvturk.com\/index.php\/wp-json\/wp\/v2\/posts\/174837\/revisions"}],"wp:attachment":[{"href":"http:\/\/www.tvturk.com\/index.php\/wp-json\/wp\/v2\/media?parent=174837"}],"wp:term":[{"taxonomy":"category","embeddable":true,"href":"http:\/\/www.tvturk.com\/index.php\/wp-json\/wp\/v2\/categories?post=174837"},{"taxonomy":"post_tag","embeddable":true,"href":"http:\/\/www.tvturk.com\/index.php\/wp-json\/wp\/v2\/tags?post=174837"}],"curies":[{"name":"wp","href":"https:\/\/api.w.org\/{rel}","templated":true}]}}