{"id":174845,"date":"2019-06-27T16:16:29","date_gmt":"2019-06-27T13:16:29","guid":{"rendered":"http:\/\/www.tvturk.com\/index.php\/ankarada-ozel-halk-otobusu-soforlerinden-zam-talebi\/"},"modified":"2019-06-27T16:16:29","modified_gmt":"2019-06-27T13:16:29","slug":"ankarada-ozel-halk-otobusu-soforlerinden-zam-talebi","status":"publish","type":"post","link":"http:\/\/www.tvturk.com\/index.php\/ankarada-ozel-halk-otobusu-soforlerinden-zam-talebi\/","title":{"rendered":"Ankara\u2019da \u00f6zel halk otob\u00fcs\u00fc \u015fof\u00f6rlerinden zam talebi"},"content":{"rendered":"<p>Ankara \u00d6zel Halk Otob\u00fcsleri Kooperatifi Ba\u015fkan\u0131 Kurtulu\u015f Kara, ekonomik a\u00e7\u0131dan ya\u015fad\u0131klar\u0131 s\u0131k\u0131nt\u0131lar\u0131 dile getirerek, Ankara B\u00fcy\u00fck\u015fehir Belediyesi ve EGO Genel M\u00fcd\u00fcrl\u00fc\u011f\u00fcnden zam talep etti.<\/p>\n<p>Ankara \u00d6zel Halk Otob\u00fcsleri Kooperatifi Ba\u015fkan\u0131 Kurtulu\u015f Kara, \u00f6zel halk otob\u00fcslerine uygulanacak bilet \u00fccretlerini belirlenme ve otob\u00fcslerin \u00e7al\u0131\u015fma ko\u015fullar\u0131n\u0131 d\u00fczenlenme yetkisinin Ankara B\u00fcy\u00fck\u015fehir Belediye Ba\u015fkanl\u0131\u011f\u0131nda oldu\u011funu hat\u0131rlatarak, \u201cUla\u015f\u0131mda bilet fiyat\u0131 art\u0131\u015f\u0131 ve problemler Ankara B\u00fcy\u00fck\u015fehir Belediye Ba\u015fkan\u0131 Say\u0131n Mansur Yava\u015f\u2019a miras kald\u0131. 876 tane arac\u0131m\u0131z ad\u0131na buraday\u0131z. 34 tane de dura\u011f\u0131m\u0131z var. Ankara \u015fehir i\u00e7i ve il\u00e7elerinde 200 adet mavi halk otob\u00fcs\u00fc esnaf\u0131m\u0131z var odaya ba\u011fl\u0131. Onlar da 1 Temmuz\u2019dan itibaren Ankarakart\u2019a ge\u00e7iyor, herhalde tek tip olaca\u011f\u0131z. Burada bulunan ara\u00e7lar\u0131n 170 tanesi Ankarakart\u2019a 28 Ocak\u2019tan itibaren ge\u00e7ti. Beyaz otob\u00fcsler de 15 May\u0131s 2017\u2019den itibaren Ankarakart\u2019a ge\u00e7ti\u201d diye konu\u015ftu.<\/p>\n<p>\u201cBizi zam da kurtarmaz\u201d<\/p>\n<p>Ara\u00e7lar\u0131n\u0131n b\u00fcy\u00fcd\u00fc\u011f\u00fcn\u00fc ve yeniden 10 y\u0131ll\u0131k ihalenin ger\u00e7ekle\u015fti\u011fini ifade eden Kara, s\u00f6zlerine \u015f\u00f6yle devam etti:<\/p>\n<p>\u201cTam biletin fiyat\u0131 2 lira 75 kuru\u015ftan 2 lira 50 kuru\u015fa d\u00fc\u015ft\u00fc. Tam aktarma 1 liraya, \u00f6\u011frenci aktarma 25 kuru\u015fa d\u00fc\u015ft\u00fc. EGO otob\u00fcslerinin ta\u015f\u0131m\u0131\u015f oldu\u011fu t\u00fcm serbest kartlar, bizim Ankara Halk Otob\u00fcsleri Kooperatifinde de ge\u00e7erli olmak \u00fczere devam etmeye ba\u015flam\u0131\u015ft\u0131r. Bunun \u00fczerine esnaflar\u0131m\u0131z yakla\u015f\u0131k 2 y\u0131ld\u0131r ciddi bi\u00e7imde zarar etmektedir. Biz Mustafa Tuna\u2019dan, Melih G\u00f6k\u00e7ek\u2019ten ve Mansur Yava\u015f\u2019tan zam talebinde bulunduk. \u0130stanbul indirime giderken, di\u011fer b\u00fcy\u00fck\u015fehirler indirime giderken Ankara\u2019n\u0131n zam yapmas\u0131 olmaz. Ama zam yap\u0131lmas\u0131 mecbur, zam olmazsa olmaz. Ancak \u015funu belirtmek isterim, bizi zam da kurtarmaz. \u0130stanbul B\u00fcy\u00fck\u015fehir Belediye Ba\u015fkan\u0131 se\u00e7ilen Ekrem \u0130mamo\u011flu, \u0130stanbul\u2019da halk otob\u00fcsleri esnaf\u0131 ile bir araya gelerek, s\u00fcspanse gelir deste\u011fini 20 kuru\u015f daha art\u0131rd\u0131. \u015euan da \u0130stanbul\u2019da kilometre baz\u0131na g\u00f6re gelir deste\u011fi var. Ankara\u2019da da Say\u0131n Mansur Yava\u015f\u2019tan hem zam hem de gelir deste\u011fi istiyoruz. \u0130nan\u0131n d\u00fcn de\u011fil, evvelki g\u00fcn mazota 29 kuru\u015f zam geldi. Haftaya tekrar zam beklenmektedir. 2017 y\u0131l\u0131ndan bu yana biz zam ald\u0131k alal\u0131 y\u00fczde 43 akaryak\u0131t zamm\u0131 olmu\u015ftur. Personel gideri, sanayi giderleri art\u0131\u015f\u0131 y\u00fczde 50 olmu\u015ftur. Y\u00fczde 100 art\u0131\u015f olan personel ve SGK giderlerimiz de vard\u0131r. Biz Ankara B\u00fcy\u00fck\u015fehir Belediye Ba\u015fkan\u0131 Mansur Yava\u015f\u2019tan ve EGO Genel M\u00fcd\u00fcr\u00fcnden zam ve gelir deste\u011fi istiyoruz. \u0130nan\u0131n bu \u015fekilde giderse bir\u00e7ok esnaf\u0131m\u0131z banka kredilerini \u00f6deyemeyip temerr\u00fcte d\u00fc\u015fecektir. Benzinliklere akaryak\u0131t paras\u0131n\u0131 \u00f6deyemeyecek hale gelmi\u015f durumday\u0131z. Ba\u015flad\u0131\u011f\u0131m\u0131zda hi\u00e7 borcumuz yoktu, bug\u00fcn ara\u00e7 ba\u015f\u0131na her benzinli\u011fe 60 bin lira borcumuz var. Bir an \u00f6nce Ankara B\u00fcy\u00fck\u015fehir Belediye Ba\u015fkan\u0131 ve yetkililerden, b\u00fcrokratlardan esnaf\u0131m\u0131za acil bir \u00e7\u00f6z\u00fcm istiyoruz. Ankara halk\u0131m\u0131zdan da \u00f6z\u00fcr diliyoruz, bu zamm\u0131 mecbur kald\u0131\u011f\u0131m\u0131z i\u00e7in istiyoruz. B\u00fcy\u00fck\u015fehir Belediyesinin EGO\u2019ya y\u0131lda 35-40 milyon lira destek verdi\u011fi gibi Ankara\u2019daki 876 tane esnaf\u0131m\u0131za da destek verirse zam yapmas\u0131na da gerek kalmayabilir. Takdir Say\u0131n Yava\u015f ve Belediye Meclis \u00fcyelerine kalm\u0131\u015ft\u0131r. Bir an \u00f6nce ilk yap\u0131lacak UKOME\u2019de ara\u00e7lar\u0131n hat ve g\u00fczergahlar\u0131nda iyile\u015ftirme, ayriyeten de zam, zam olmazsa olmaz bu esnaf bir ad\u0131m ileri gidemez.\u201d<\/p>\n<p>\u201cAnkarakart\u2019\u0131n t\u00fcm Ankara\u2019daki halk otob\u00fcslerine tak\u0131lmas\u0131 laz\u0131m\u201d<\/p>\n<p>Akaryak\u0131t zamlar\u0131na ve bak\u0131m onar\u0131m giderlerinin artt\u0131\u011f\u0131na de\u011finen Kara, \u201c\u015euan ki piyasa durumuna g\u00f6re y\u00fczde 50 zam gelmesi laz\u0131m. Bizim 2017 y\u0131l\u0131nda ilk zamm\u0131 ald\u0131\u011f\u0131m\u0131zda akaryak\u0131t 4 lira 25 kuru\u015ftu, bug\u00fcn 6 lira 60 kuru\u015f. Bizim eskiden 400 lira yakan ara\u00e7, bug\u00fcn bin 200 lira yak\u0131yor. Yani nereden bakarsan\u0131z bak\u0131n bilet fiyat\u0131 3 lira 50 kuru\u015f olmas\u0131 laz\u0131m. Bug\u00fcnk\u00fc il\u00e7elerin de kilometre bazl\u0131 olarak verilmesi laz\u0131m. \u0130l\u00e7e \u00fcyelerimizden Nall\u0131han 175 kilometre fiyat\u0131 ayr\u0131, Beypazar\u0131 110-150 kilometre fiyat\u0131 ayr\u0131, Kahramankazan 55 kilometre, \u00c7ubuk 55 kilometre. \u0130l\u00e7elerimizi de zam kurtarmaz. \u0130l\u00e7elerimize de gelir deste\u011fi vermemiz laz\u0131m. Ankarakart\u2019\u0131n t\u00fcm Ankara\u2019daki halk otob\u00fcslerine tak\u0131lmas\u0131 laz\u0131m. Zaten bizim ta\u015f\u0131d\u0131\u011f\u0131m\u0131z her serbest kartl\u0131m\u0131z kay\u0131t alt\u0131nda. Ge\u00e7en ay 170 ara\u00e7ta yakla\u015f\u0131k 485 bin serbest kart kullan\u0131m\u0131 olmu\u015ftur. Biz bunu EGO Genel M\u00fcd\u00fcrl\u00fc\u011f\u00fc ve Aile Sosyal Politikalar Bakanl\u0131\u011f\u0131na yaz\u0131l\u0131 olarak ibraz ettik. Devletimizden ald\u0131\u011f\u0131m\u0131z gelir deste\u011fi 1330 lira. Ayr\u0131ca 876 tane arac\u0131m\u0131z var neredeyse kontak kapatma noktas\u0131na geldi. Ancak tabi ki kontak kapatmam\u0131z m\u00fcmk\u00fcn de\u011fil, Ankara halk\u0131na hizmet vermek bu esnaf\u0131n g\u00f6revi. O y\u00fczden belediye ba\u015fkan\u0131m\u0131zdan \u00f6n\u00fcm\u00fczdeki haftalarda bu konu ile alakal\u0131, esnaf olarak destek bekliyoruz. Gelir deste\u011fi b\u00fcy\u00fck\u015fehirler i\u00e7erisinde sadece Ankara\u2019da yok. \u0130sterseniz ara\u015ft\u0131rabilirsiniz. Biz Mansur Yava\u015f\u2019tan \u015funu isteriz; 2 lira tam, 1 lira \u00f6\u011frenci olsun ama bize gelir deste\u011fi versin\u201d \u015feklinde konu\u015ftu.<\/p>\n<p>Mazota gelen zamlardan dolay\u0131 \u00e7al\u0131\u015famayacak hale geldiklerini belirten \u00f6zel halk otob\u00fcs\u00fc \u015fof\u00f6r\u00fc Mustafa Yi\u011fitba\u015f\u0131 ise, \u201cBenzinli\u011fe bor\u00e7lar\u0131m\u0131z artt\u0131. Arac\u0131m\u0131z ar\u0131za yapt\u0131\u011f\u0131 zaman par\u00e7alar y\u00fczde y\u00fcz zamland\u0131 onlar\u0131 kar\u015f\u0131lamakta s\u0131k\u0131nt\u0131 ya\u015f\u0131yoruz\u201d ifadelerini kulland\u0131.<\/p>\n","protected":false},"excerpt":{"rendered":"<p>ANKARA \u00d6ZEL HALK OTOB\u00dcSLER\u0130 KOOPERAT\u0130F\u0130 BA\u015eKANI KURTULU\u015e KARA, EKONOM\u0130K A\u00c7IDAN YA\u015eADIKLARI SIKINTILARI BEL\u0130RTEREK ANKARA B\u00dcY\u00dcK\u015eEH\u0130R BELED\u0130YES\u0130 VE EGO GENEL M\u00dcD\u00dcRL\u00dc\u011e\u00dc\u2019NDEN ZAM TALEP ETT\u0130.<\/p>\n","protected":false},"author":1,"featured_media":0,"comment_status":"closed","ping_status":"open","sticky":false,"template":"","format":"standard","meta":{"jetpack_post_was_ever_published":false,"_jetpack_newsletter_access":"","_jetpack_dont_email_post_to_subs":false,"_jetpack_newsletter_tier_id":0,"_jetpack_memberships_contains_paywalled_content":false,"_jetpack_memberships_contains_paid_content":false,"footnotes":"","jetpack_publicize_message":"","jetpack_publicize_feature_enabled":true,"jetpack_social_post_already_shared":true,"jetpack_social_options":{"image_generator_settings":{"template":"highway","default_image_id":0,"font":"","enabled":false},"version":2}},"categories":[1],"tags":[1073,5444,1933,4598,39184,1174,4652],"class_list":["post-174845","post","type-post","status-publish","format-standard","hentry","category-genel","tag-ozel","tag-ankarada","tag-halk","tag-otobusu","tag-soforlerinden","tag-talebi","tag-zam"],"jetpack_publicize_connections":[],"jetpack_featured_media_url":"","jetpack_sharing_enabled":true,"jetpack_shortlink":"https:\/\/wp.me\/paKIfm-Ju5","_links":{"self":[{"href":"http:\/\/www.tvturk.com\/index.php\/wp-json\/wp\/v2\/posts\/174845","targetHints":{"allow":["GET"]}}],"collection":[{"href":"http:\/\/www.tvturk.com\/index.php\/wp-json\/wp\/v2\/posts"}],"about":[{"href":"http:\/\/www.tvturk.com\/index.php\/wp-json\/wp\/v2\/types\/post"}],"author":[{"embeddable":true,"href":"http:\/\/www.tvturk.com\/index.php\/wp-json\/wp\/v2\/users\/1"}],"replies":[{"embeddable":true,"href":"http:\/\/www.tvturk.com\/index.php\/wp-json\/wp\/v2\/comments?post=174845"}],"version-history":[{"count":0,"href":"http:\/\/www.tvturk.com\/index.php\/wp-json\/wp\/v2\/posts\/174845\/revisions"}],"wp:attachment":[{"href":"http:\/\/www.tvturk.com\/index.php\/wp-json\/wp\/v2\/media?parent=174845"}],"wp:term":[{"taxonomy":"category","embeddable":true,"href":"http:\/\/www.tvturk.com\/index.php\/wp-json\/wp\/v2\/categories?post=174845"},{"taxonomy":"post_tag","embeddable":true,"href":"http:\/\/www.tvturk.com\/index.php\/wp-json\/wp\/v2\/tags?post=174845"}],"curies":[{"name":"wp","href":"https:\/\/api.w.org\/{rel}","templated":true}]}}