{"id":174853,"date":"2019-06-27T16:17:15","date_gmt":"2019-06-27T13:17:15","guid":{"rendered":"http:\/\/www.tvturk.com\/index.php\/besiktasta-genc-futbolcular-saglik-kontrolunden-gecti\/"},"modified":"2019-06-27T16:17:15","modified_gmt":"2019-06-27T13:17:15","slug":"besiktasta-genc-futbolcular-saglik-kontrolunden-gecti","status":"publish","type":"post","link":"http:\/\/www.tvturk.com\/index.php\/besiktasta-genc-futbolcular-saglik-kontrolunden-gecti\/","title":{"rendered":"Be\u015fikta\u015f\u2019ta gen\u00e7 futbolcular sa\u011fl\u0131k kontrol\u00fcnden ge\u00e7ti"},"content":{"rendered":"<p>Be\u015fikta\u015f\u2019ta R\u0131dvan Y\u0131lmaz, Kerem Kalafat, Erdo\u011fan Kaya, \u0130lkay \u0130\u015fler, Kartal Kayra Y\u0131lmaz ve Erdem Se\u00e7gin, Ac\u0131badem Fulya Hastanesi\u2019nde sa\u011fl\u0131k kontrol\u00fcnden ge\u00e7ti.<\/p>\n<p>Yeni sezon haz\u0131rl\u0131klar\u0131na 8 Temmuz\u2019da ba\u015flayacak olan Be\u015fikta\u015f\u2019ta sa\u011fl\u0131k kontrolleri ba\u015flad\u0131. Siyah-beyazl\u0131larda gen\u00e7 futbolcular; R\u0131dvan Y\u0131lmaz, Kerem Kalafat, Erdo\u011fan Kaya, \u0130lkay \u0130\u015fler, Kartal Kayra Y\u0131lmaz ve Erdem Se\u00e7gin, Ac\u0131badem Fulya Hastanesi\u2019nde sa\u011fl\u0131k kontrol\u00fcnden ge\u00e7ti. Detayl\u0131 kan tetkikleri yap\u0131lan futbolcular; ortopedi, i\u00e7 hastal\u0131klar\u0131, g\u00f6z, kulak burun bo\u011faz, genel cerrahi ve kardiyoloji b\u00f6l\u00fcmlerinde muayene edildi. Sa\u011fl\u0131k kontrolleri, akci\u011fer, kardiyak testleri ve radyolojik kontrollerin yap\u0131lmas\u0131yla sona erdi.<\/p>\n","protected":false},"excerpt":{"rendered":"<p>BE\u015e\u0130KTA\u015e&#8217;TA RIDVAN YILMAZ, KEREM KALAFAT, ERDO\u011eAN KAYA, \u0130LKAY \u0130\u015eLER, KARTAL KAYRA YILMAZ VE ERDEM SE\u00c7G\u0130N, ACIBADEM FULYA HASTANES\u0130\u2019NDE SA\u011eLIK KONTROL\u00dcNDEN GE\u00c7T\u0130.<\/p>\n","protected":false},"author":1,"featured_media":0,"comment_status":"closed","ping_status":"open","sticky":false,"template":"","format":"standard","meta":{"jetpack_post_was_ever_published":false,"_jetpack_newsletter_access":"","_jetpack_dont_email_post_to_subs":false,"_jetpack_newsletter_tier_id":0,"_jetpack_memberships_contains_paywalled_content":false,"_jetpack_memberships_contains_paid_content":false,"footnotes":"","jetpack_publicize_message":"","jetpack_publicize_feature_enabled":true,"jetpack_social_post_already_shared":true,"jetpack_social_options":{"image_generator_settings":{"template":"highway","default_image_id":0,"font":"","enabled":false},"version":2}},"categories":[657],"tags":[3383,9788,1512,803,9488,734],"class_list":["post-174853","post","type-post","status-publish","format-standard","hentry","category-spor","tag-besiktasta","tag-futbolcular","tag-gecti","tag-genc","tag-kontrolunden","tag-saglik"],"jetpack_publicize_connections":[],"jetpack_featured_media_url":"","jetpack_sharing_enabled":true,"jetpack_shortlink":"https:\/\/wp.me\/paKIfm-Jud","_links":{"self":[{"href":"http:\/\/www.tvturk.com\/index.php\/wp-json\/wp\/v2\/posts\/174853","targetHints":{"allow":["GET"]}}],"collection":[{"href":"http:\/\/www.tvturk.com\/index.php\/wp-json\/wp\/v2\/posts"}],"about":[{"href":"http:\/\/www.tvturk.com\/index.php\/wp-json\/wp\/v2\/types\/post"}],"author":[{"embeddable":true,"href":"http:\/\/www.tvturk.com\/index.php\/wp-json\/wp\/v2\/users\/1"}],"replies":[{"embeddable":true,"href":"http:\/\/www.tvturk.com\/index.php\/wp-json\/wp\/v2\/comments?post=174853"}],"version-history":[{"count":0,"href":"http:\/\/www.tvturk.com\/index.php\/wp-json\/wp\/v2\/posts\/174853\/revisions"}],"wp:attachment":[{"href":"http:\/\/www.tvturk.com\/index.php\/wp-json\/wp\/v2\/media?parent=174853"}],"wp:term":[{"taxonomy":"category","embeddable":true,"href":"http:\/\/www.tvturk.com\/index.php\/wp-json\/wp\/v2\/categories?post=174853"},{"taxonomy":"post_tag","embeddable":true,"href":"http:\/\/www.tvturk.com\/index.php\/wp-json\/wp\/v2\/tags?post=174853"}],"curies":[{"name":"wp","href":"https:\/\/api.w.org\/{rel}","templated":true}]}}