{"id":174865,"date":"2019-06-27T17:01:38","date_gmt":"2019-06-27T14:01:38","guid":{"rendered":"http:\/\/www.tvturk.com\/index.php\/yasam-vadisinde-caz-dolu-melodiler\/"},"modified":"2019-06-27T17:01:38","modified_gmt":"2019-06-27T14:01:38","slug":"yasam-vadisinde-caz-dolu-melodiler","status":"publish","type":"post","link":"http:\/\/www.tvturk.com\/index.php\/yasam-vadisinde-caz-dolu-melodiler\/","title":{"rendered":"Ya\u015fam Vadisi\u2019nde caz dolu melodiler"},"content":{"rendered":"<p>\u0130stanbul K\u00fclt\u00fcr Sanat Vakf\u0131 (\u0130KSV) taraf\u0131ndan d\u00fczenlenen 26. \u0130stanbul Caz Festivali\u2019nin ye\u015fille caz\u0131 bir araya getiren etkinli\u011fi Parklarda Caz, bu y\u0131l da m\u00fczikseverleri Beylikd\u00fcz\u00fc Ya\u015fam Vadisi\u2019nde bulu\u015fturacak. Beylikd\u00fcz\u00fc Belediyesi\u2019nin katk\u0131lar\u0131yla ger\u00e7ekle\u015fecek \u00fccretsiz konser etkinli\u011finde Minus Two, Standart Mafyas\u0131 ve Blue Monk adl\u0131 gen\u00e7 caz gruplar\u0131 ile Balkan Paradise Orchestra sahne alacak. 29 Haziran Cumartesi saat 18.00\u2019da Ya\u015fam Vadisi Sahnesi\u2019nde ba\u015flay\u0131p saat 23.00\u2019a dek s\u00fcrecek etkinlikte, m\u00fczikseverler parkta caz keyfini doyas\u0131ya ya\u015fayacak.<\/p>\n<p>\u0130KSV taraf\u0131ndan d\u00fczenlenen \u0130stanbul Caz Festivali, 26. kez m\u00fczikseverlerle bulu\u015fuyor. 29 Haziran\u2019da ba\u015flay\u0131p 18 Temmuz\u2019da sona erecek olan festival, bu y\u0131l da caz\u0131n \u00f6nde gelen isimlerini \u0130stanbul\u2019un farkl\u0131 mekanlar\u0131nda a\u011f\u0131rl\u0131yor. Festival kapsam\u0131nda 5 y\u0131ld\u0131r d\u00fczenlenen Parklarda Caz etkinli\u011finin destek\u00e7ileri aras\u0131nda  Beylikd\u00fcz\u00fc Belediyesi de yer al\u0131yor. Ge\u00e7en y\u0131l oldu\u011fu gibi bu sene de \u2018Parklarda Caz\u2019 konseri Beylikd\u00fcz\u00fc\u2019nde yap\u0131lacak.  Ya\u015fam Vadisi 1.Etap\u2019ta 29 Haziran Cumartesi g\u00fcn\u00fc 18.00-23.00 saatleri aras\u0131nda ger\u00e7ekle\u015fecek \u00fccretsiz konser etkinli\u011finde; Minus Two, Standart Mafyas\u0131 ve Blue Monk adl\u0131 gen\u00e7 caz gruplar\u0131n\u0131n performanslar\u0131ndan sonra Balkan Paradise Orchestra sahne alacak.<\/p>\n<p>Y\u0131ld\u0131zlar\u0131n Alt\u0131nda, \u00c7imlerin \u00dcst\u00fcnde Caz Keyfi<\/p>\n<p>\u0130stanbul Caz Festivali\u2019nin en sevilen etkinliklerinden Parklarda Caz, caz m\u00fczi\u011fin melodilerini parklara ta\u015f\u0131maya devam ediyor. 29 Haziran Cumartesi g\u00fcn\u00fc, Ya\u015fam Vadisi\u2019nde ger\u00e7ekle\u015fecek konser etkinli\u011finde; Beylikd\u00fcz\u00fc\u2019ndeki m\u00fczikseverler, caz m\u00fczi\u011fin k\u0131p\u0131r k\u0131p\u0131r melodileriyle keyifli bir yaz gecesi ya\u015fayacak. Etkinlik kapsam\u0131nda; saat 18.00\u2019da, Minus Two sahne alacak. Saat 19.00\u2019da ise sahne s\u0131ras\u0131 Standart Mafyas\u0131\u2019n\u0131n olacak. Saat 20.15\u2019te ise gen\u00e7 caz grubu Blue Monk sahneye \u00e7\u0131kacak. Gen\u00e7 caz gruplar\u0131n\u0131n performanslar\u0131ndan sonra, saatler 21.30\u2019u g\u00f6sterdi\u011finde hepsi Barselonal\u0131 on bir kad\u0131n m\u00fczisyenden olu\u015fan Balkan Paradise Orchestra sahne alacak. 2018 Mart ay\u0131nda ilk alb\u00fcmleri K\u2019ataka\u2019y\u0131 yay\u0131mlayan ve yurt d\u0131\u015f\u0131nda \u00f6nemli festivallere kat\u0131lan Balkan Paradise Orchestra, enstr\u00fcman m\u00fczi\u011fine odaklanan e\u011flenceli performanslar\u0131yla cazseverlere unutulmaz bir konser verecek. \u0130KSV taraf\u0131ndan d\u00fczenlenen 26. \u0130stanbul Caz Festivali\u2019nin program\u0131na https:\/\/caz.iksv.org\/tr resmi web sitesinden ula\u015f\u0131labilir.<\/p>\n","protected":false},"excerpt":{"rendered":"<p>\u0130STANBUL K\u00dcLT\u00dcR SANAT VAKFI (\u0130KSV) TARAFINDAN D\u00dcZENLENEN 26. \u0130STANBUL CAZ FEST\u0130VAL\u0130\u2019N\u0130N YE\u015e\u0130LLE CAZI B\u0130R ARAYA GET\u0130REN ETK\u0130NL\u0130\u011e\u0130 PARKLARDA CAZ, BU YIL DA M\u00dcZ\u0130KSEVERLER\u0130 BEYL\u0130KD\u00dcZ\u00dc YA\u015eAM VAD\u0130S\u0130\u2019NDE BULU\u015eTURACAK.<\/p>\n","protected":false},"author":1,"featured_media":0,"comment_status":"closed","ping_status":"open","sticky":false,"template":"","format":"standard","meta":{"jetpack_post_was_ever_published":false,"_jetpack_newsletter_access":"","_jetpack_dont_email_post_to_subs":false,"_jetpack_newsletter_tier_id":0,"_jetpack_memberships_contains_paywalled_content":false,"_jetpack_memberships_contains_paid_content":false,"footnotes":"","jetpack_publicize_message":"","jetpack_publicize_feature_enabled":true,"jetpack_social_post_already_shared":true,"jetpack_social_options":{"image_generator_settings":{"template":"highway","default_image_id":0,"font":"","enabled":false},"version":2}},"categories":[1],"tags":[6646,6667,33165,23463,294],"class_list":["post-174865","post","type-post","status-publish","format-standard","hentry","category-genel","tag-caz","tag-dolu","tag-melodiler","tag-vadisinde","tag-yasam"],"jetpack_publicize_connections":[],"jetpack_featured_media_url":"","jetpack_sharing_enabled":true,"jetpack_shortlink":"https:\/\/wp.me\/paKIfm-Jup","_links":{"self":[{"href":"http:\/\/www.tvturk.com\/index.php\/wp-json\/wp\/v2\/posts\/174865","targetHints":{"allow":["GET"]}}],"collection":[{"href":"http:\/\/www.tvturk.com\/index.php\/wp-json\/wp\/v2\/posts"}],"about":[{"href":"http:\/\/www.tvturk.com\/index.php\/wp-json\/wp\/v2\/types\/post"}],"author":[{"embeddable":true,"href":"http:\/\/www.tvturk.com\/index.php\/wp-json\/wp\/v2\/users\/1"}],"replies":[{"embeddable":true,"href":"http:\/\/www.tvturk.com\/index.php\/wp-json\/wp\/v2\/comments?post=174865"}],"version-history":[{"count":0,"href":"http:\/\/www.tvturk.com\/index.php\/wp-json\/wp\/v2\/posts\/174865\/revisions"}],"wp:attachment":[{"href":"http:\/\/www.tvturk.com\/index.php\/wp-json\/wp\/v2\/media?parent=174865"}],"wp:term":[{"taxonomy":"category","embeddable":true,"href":"http:\/\/www.tvturk.com\/index.php\/wp-json\/wp\/v2\/categories?post=174865"},{"taxonomy":"post_tag","embeddable":true,"href":"http:\/\/www.tvturk.com\/index.php\/wp-json\/wp\/v2\/tags?post=174865"}],"curies":[{"name":"wp","href":"https:\/\/api.w.org\/{rel}","templated":true}]}}