{"id":174889,"date":"2019-06-27T18:01:38","date_gmt":"2019-06-27T15:01:38","guid":{"rendered":"http:\/\/www.tvturk.com\/index.php\/ayk-ve-ttkdan-kuzey-kibris-turk-cumhuriyeti-basbakani-ersin-tatara-ziyaret\/"},"modified":"2019-06-27T18:01:38","modified_gmt":"2019-06-27T15:01:38","slug":"ayk-ve-ttkdan-kuzey-kibris-turk-cumhuriyeti-basbakani-ersin-tatara-ziyaret","status":"publish","type":"post","link":"http:\/\/www.tvturk.com\/index.php\/ayk-ve-ttkdan-kuzey-kibris-turk-cumhuriyeti-basbakani-ersin-tatara-ziyaret\/","title":{"rendered":"AYK ve TTK\u2019dan Kuzey K\u0131br\u0131s T\u00fcrk Cumhuriyeti Ba\u015fbakan\u0131 Ersin Tatar\u2019a Ziyaret"},"content":{"rendered":"<p>K\u00fclt\u00fcr ve Turizm Bakanl\u0131\u011f\u0131 Atat\u00fcrk K\u00fclt\u00fcr, Dil ve Tarih Y\u00fcksek Kurumu ile b\u00fcnyesindeki T\u00fcrk Tarih Kurumu, Kuzey K\u0131br\u0131s T\u00fcrk Cumhuriyeti Ba\u015fbakan\u0131 Ersin Tatar\u2019\u0131 ziyaret etti.<\/p>\n<p>K\u0131br\u0131s Vak\u0131flar \u0130daresi Genel M\u00fcd\u00fcr\u00fc Prof. Dr. \u0130brahim Benter\u2019in de bulundu\u011fu ziyaret heyetinde Atat\u00fcrk K\u00fclt\u00fcr, Dil ve Tarih Y\u00fcksek Kurumu (AYK) Ba\u015fkan\u0131 Prof. Dr. Muhammet Hekimo\u011flu, T\u00fcrk Tarih Kurumu (TTK) Ba\u015fkan\u0131 Prof. Dr. Refik Turan, Ankara Hac\u0131 Bayram Veli \u00dcniversitesi (AHBV) \u00d6\u011fretim \u00dcyesi Prof. Dr. Mehmet Seyfettin Erol ve TTK Uzmanlar\u0131ndan U\u011fur Cenk Deniz \u0130mamo\u011flu yer ald\u0131.<\/p>\n<p>Heyeti a\u011f\u0131rlayan KKTC Ba\u015fbakan\u0131 Ersin Tatar, T\u00fcrkiye Cumhuriyeti ile KKTC aras\u0131ndaki k\u00fclt\u00fcrel ba\u011flar\u0131n \u00f6nemini vurgulayarak, siyasi ve ekonomik ili\u015fkilerin geli\u015fiminin yan\u0131nda k\u00fclt\u00fcrel ve manevi miras\u0131n ya\u015fat\u0131l\u0131p derinle\u015ftirilmesi gere\u011finin alt\u0131n\u0131 \u00e7izdi.<\/p>\n<p>AYK Ba\u015fkan\u0131 Prof. Dr. Muhammet Hekimo\u011flu ise s\u00f6z konusu ili\u015fkiler ba\u011flam\u0131nda T\u00fcrk Tarih Kurumu ve K\u0131br\u0131s Vak\u0131flar \u0130daresi ortakl\u0131\u011f\u0131yla ger\u00e7ekle\u015ftirilen faaliyetlerdeki desteklerinden \u00f6t\u00fcr\u00fc Ba\u015fbakan Ersin Tatar\u2019a te\u015fekk\u00fcrlerini ileterek T\u00fcrkiye ile KKTC aras\u0131nda gerek k\u00fclt\u00fcrel ileti\u015fim gerekse insan kayna\u011f\u0131 anlam\u0131nda etkile\u015fim ve faaliyetlerin devam\u0131 hususunda kararl\u0131 olduklar\u0131n\u0131 dile getirdi.<\/p>\n<p>Ayr\u0131ca, yap\u0131lacak planlamalarda Y\u00fcksek Kurum b\u00fcnyesindeki T\u00fcrk Tarih Kurumu ve di\u011fer kurumlar\u0131n bug\u00fcne kadar oldu\u011fu gibi, bundan sonraki s\u00fcre\u00e7te de \u00fczerine d\u00fc\u015feni yapmaya devam edece\u011fini belirtti. T\u00fcrk Tarih Kurumu Ba\u015fkan\u0131 Prof. Dr. Refik Turan, \u201cSerhat Vatan\u201d olarak and\u0131\u011f\u0131 K\u0131br\u0131s\u2019\u0131n T\u00fcrkiye i\u00e7in, T\u00fcrkiye\u2019nin de K\u0131br\u0131s i\u00e7in anlam ve \u00f6neminden bahsederek k\u00fclt\u00fcrel faaliyetlerin art\u0131r\u0131larak s\u00fcrd\u00fcr\u00fclmesi y\u00f6n\u00fcndeki dileklerini iletti. T\u00fcrkiye\u2019de kendi ku\u015fa\u011f\u0131n\u0131n ve sonraki ku\u015faklar\u0131n \u201cK\u0131br\u0131s nesli\u201d olarak yeti\u015fti\u011fini hat\u0131rlatan Turan, bu vesileyle K\u0131br\u0131s davas\u0131n\u0131n \u00f6nemini ifade etti.<\/p>\n<p>K\u0131br\u0131s Vak\u0131flar \u0130daresi Genel M\u00fcd\u00fcr\u00fc Prof. Dr. \u0130brahim Benter ve ekibinin Mara\u015f B\u00f6lgesindeki \u00e7al\u0131\u015fmalar\u0131n\u0131n da ele al\u0131nd\u0131\u011f\u0131 ziyarette, T\u00fcrkiye\u2019deki ilgili kurumlar\u0131n da katk\u0131lar\u0131yla, genelde K\u0131br\u0131s Adas\u0131, \u00f6zelde ise Mara\u015f b\u00f6lgesindeki vak\u0131f mallar\u0131na dair ara\u015ft\u0131rmalar\u0131n disiplinler aras\u0131 bir mahiyette devam ettirilmesi ve T\u00fcrkiye ile KKTC aras\u0131nda bu konudaki i\u015f birli\u011fi imkanlar\u0131 isti\u015fare edildi.<\/p>\n<p>G\u00f6r\u00fc\u015fme sonunda Ba\u015fbakan Ersin Tatar\u2019a AYK Ba\u015fkan\u0131 Prof. Dr. Muhammet Hekimo\u011flu taraf\u0131ndan Fatih Sultan Mehmet temal\u0131 sultani vazo ve TTK Ba\u015fkan\u0131 Prof. Dr. Refik Turan taraf\u0131ndan Gazi Mustafa Kemal Atat\u00fcrk\u2019\u00fcn Nutuk\u2019unun t\u0131pk\u0131bas\u0131m\u0131 hediye edildi.<\/p>\n","protected":false},"excerpt":{"rendered":"<p>K\u00dcLT\u00dcR VE TUR\u0130ZM BAKANLI\u011eI ATAT\u00dcRK K\u00dcLT\u00dcR, D\u0130L VE TAR\u0130H Y\u00dcKSEK KURUMU \u0130LE B\u00dcNYES\u0130NDEK\u0130 T\u00dcRK TAR\u0130H KURUMU, KUZEY KIBRIS T\u00dcRK CUMHUR\u0130YET\u0130 BA\u015eBAKANI ERS\u0130N TATAR\u2019I Z\u0130YARET ETT\u0130.<\/p>\n","protected":false},"author":1,"featured_media":0,"comment_status":"closed","ping_status":"open","sticky":false,"template":"","format":"standard","meta":{"jetpack_post_was_ever_published":false,"_jetpack_newsletter_access":"","_jetpack_dont_email_post_to_subs":false,"_jetpack_newsletter_tier_id":0,"_jetpack_memberships_contains_paywalled_content":false,"_jetpack_memberships_contains_paid_content":false,"footnotes":"","jetpack_publicize_message":"","jetpack_publicize_feature_enabled":true,"jetpack_social_post_already_shared":true,"jetpack_social_options":{"image_generator_settings":{"template":"highway","default_image_id":0,"font":"","enabled":false},"version":2}},"categories":[1],"tags":[42557,651,18754,9623,7566,9741,42559,42558,957,150],"class_list":["post-174889","post","type-post","status-publish","format-standard","hentry","category-genel","tag-ayk","tag-basbakani","tag-cumhuriyeti","tag-ersin","tag-kibris","tag-kuzey","tag-tatara","tag-ttkdan","tag-turk","tag-ziyaret"],"jetpack_publicize_connections":[],"jetpack_featured_media_url":"","jetpack_sharing_enabled":true,"jetpack_shortlink":"https:\/\/wp.me\/paKIfm-JuN","_links":{"self":[{"href":"http:\/\/www.tvturk.com\/index.php\/wp-json\/wp\/v2\/posts\/174889","targetHints":{"allow":["GET"]}}],"collection":[{"href":"http:\/\/www.tvturk.com\/index.php\/wp-json\/wp\/v2\/posts"}],"about":[{"href":"http:\/\/www.tvturk.com\/index.php\/wp-json\/wp\/v2\/types\/post"}],"author":[{"embeddable":true,"href":"http:\/\/www.tvturk.com\/index.php\/wp-json\/wp\/v2\/users\/1"}],"replies":[{"embeddable":true,"href":"http:\/\/www.tvturk.com\/index.php\/wp-json\/wp\/v2\/comments?post=174889"}],"version-history":[{"count":0,"href":"http:\/\/www.tvturk.com\/index.php\/wp-json\/wp\/v2\/posts\/174889\/revisions"}],"wp:attachment":[{"href":"http:\/\/www.tvturk.com\/index.php\/wp-json\/wp\/v2\/media?parent=174889"}],"wp:term":[{"taxonomy":"category","embeddable":true,"href":"http:\/\/www.tvturk.com\/index.php\/wp-json\/wp\/v2\/categories?post=174889"},{"taxonomy":"post_tag","embeddable":true,"href":"http:\/\/www.tvturk.com\/index.php\/wp-json\/wp\/v2\/tags?post=174889"}],"curies":[{"name":"wp","href":"https:\/\/api.w.org\/{rel}","templated":true}]}}