{"id":174895,"date":"2019-06-27T18:17:07","date_gmt":"2019-06-27T15:17:07","guid":{"rendered":"http:\/\/www.tvturk.com\/index.php\/hasan-kartal-vedat-muric-konusu-icin-bu-hafta-bir-karara-variriz\/"},"modified":"2019-06-27T18:17:07","modified_gmt":"2019-06-27T15:17:07","slug":"hasan-kartal-vedat-muric-konusu-icin-bu-hafta-bir-karara-variriz","status":"publish","type":"post","link":"http:\/\/www.tvturk.com\/index.php\/hasan-kartal-vedat-muric-konusu-icin-bu-hafta-bir-karara-variriz\/","title":{"rendered":"Hasan Kartal: \u201cVedat Muri\u00e7 konusu i\u00e7in bu hafta bir karara var\u0131r\u0131z\u201d"},"content":{"rendered":"<p>\u00c7aykur Rizespor Ba\u015fkan\u0131 Hasan Kartal, bir\u00e7ok kul\u00fcb\u00fcn transfer listesinde bulunan oyuncular\u0131 Vedat Muri\u00e7 konusuyla ilgili belirsizli\u011fin bu hafta i\u00e7erisinde bir karara ba\u011flanaca\u011f\u0131n\u0131 a\u00e7\u0131klad\u0131.<\/p>\n<p>\u00c7aykur Rizespor Kul\u00fcp Ba\u015fkan\u0131 Hasan Kartal, TRT SPOR\u2019a yapt\u0131\u011f\u0131 a\u00e7\u0131klamada, oyuncular\u0131 Vedat Muri\u00e7\u2019in transfer konusu hakk\u0131nda olu\u015fan belirsizlikleri bu hafta i\u00e7erisinde karar ba\u011flayacaklar\u0131n\u0131 ifade etti. Fenerbah\u00e7e Ba\u015fkan\u0131 Ali Ko\u00e7 ile g\u00f6r\u00fc\u015ft\u00fc\u011f\u00fcn\u00fc a\u00e7\u0131klayan Ba\u015fkan Kartal, transferin ger\u00e7ekle\u015fememesi durumunda da Vedat\u2019\u0131n \u00c7aykur Rizespor\u2019da daha iyi performans g\u00f6sterece\u011fini belirtti.<\/p>\n<p>Ba\u015fkan Kartal, a\u00e7\u0131klamas\u0131nda \u015fu ifadelere yer verdi:<\/p>\n<p>\u201cVedat Muri\u00e7, T\u00fcrkiye g\u00fcndeminde baya zaman bir yer tuttu. Say\u0131n Ali Ko\u00e7 ile g\u00f6r\u00fc\u015ft\u00fcm. Art\u0131k son a\u015famaya getirmemiz gerekecek. Art\u0131k dalgalanma olu\u015fturacak \u015fekilde de\u011fil de, bu i\u015fi bir yerde bitirmek gerekiyor. E\u011fer transfer ger\u00e7ekle\u015fmezse de Vedat bizim oyuncumuz, neticede Rizespor\u2019da daha iyi oynayacakt\u0131r. Galiba bu hafta kesinle\u015fir. Galatasaray\u2019\u0131n teklifi de devam ediyor. Belirli bir bedelle bu i\u015fi bitirebiliriz diye bir sonuca ula\u015famad\u0131k. Bu hafta i\u00e7erisinde bir karara var\u0131r\u0131z diye d\u00fc\u015f\u00fcn\u00fcyorum.\u201d<\/p>\n<p>&#8220;Takasa s\u0131cak bakm\u0131yorum&#8221;<\/p>\n<p>Bir ba\u015fka oyuncu ile takas konusuna s\u0131cak bakmad\u0131\u011f\u0131n\u0131 ifade eden Ba\u015fkan Hasan Kartal, kul\u00fcp olarak kafalar\u0131nda bir rakam belirlediklerini belirtti. Kartal, \u201cKul\u00fcb\u00fcm\u00fcz\u00fcn kafas\u0131nda belirledi\u011fi bir fiyat var. Biraz ticari d\u00fc\u015f\u00fcnd\u00fc\u011f\u00fcm\u00fcz zaman fiyat\u0131 s\u00f6ylemek yanl\u0131\u015f olur. Oyuncuyla ilgilenen bir\u00e7ok kul\u00fcp var. Kafam\u0131zdaki rakam olursa olur, olmazsa zaten oyuncumuz bizim oyuncumuz. Oyuncumuzun da mutlu olmas\u0131n\u0131 isteriz. \u015eu bedelle bize verir misiniz diye bir teklif yok, ancak g\u00f6r\u00fc\u015fmeler biraz daha h\u0131zland\u0131. Takas konusu Sportif Direkt\u00f6r\u00fcm\u00fcz Y\u0131lmaz Bal ve \u0130smail Kartal hocam\u0131z\u0131n bilece\u011fi bir konu. Tak\u0131mlar\u0131n, bize yarayacak oyuncular\u0131 var m\u0131 yok mu onlar\u0131 bilmiyorum. Benim d\u00fc\u015f\u00fcncem takasa girmeden halletmekten yanad\u0131r. Aat\u0131f\u2019\u0131 biz \u00e7ok ucuz almad\u0131k. Bize maliyetli bir oyuncuydu. Her ne kadar Fenerbah\u00e7e bir \u015fey almad\u0131ysa da, bizim Aat\u0131f\u2019a verdi\u011fimiz bedel baya y\u00fcksekti. Bu konuyla k\u0131yaslaman\u0131n bir anlam\u0131 yok.&#8221;<\/p>\n<p>\u201cBelki s\u00f6zle\u015fmesini uzat\u0131r\u0131z, s\u00f6zle\u015fmesinde iyile\u015ftirme yapabiliriz\u201d<\/p>\n<p>Karadeniz ekibinin ba\u015fkan\u0131, olas\u0131 durumda Vedat ile olan s\u00f6zle\u015fmede iyile\u015ftirmeler yaparak oyuncu ile s\u00f6zle\u015fme uzatma gibi bir durumun da olabilece\u011finin alt\u0131n\u0131 \u00e7izdi. Muri\u00e7\u2019in Rizespor\u2019da kal\u0131p kendini daha iyi g\u00f6sterme \u015fans\u0131n\u0131 yakalayabilece\u011fini ifade eden Kartal, \u201cBir y\u0131l daha bizde oynayacak. Bir y\u0131l daha bizde oynarsa tak\u0131mda daha ba\u015far\u0131l\u0131 olur diye d\u00fc\u015f\u00fcn\u00fcyorum. Kul\u00fcb\u00fc tan\u0131yor, diyalo\u011fu var. Vedat gibi bir oyuncu alabilece\u011fimiz bir bedelde vermemiz gerekiyor oyuncuyu. Kaliteli birini ucuza verip tekrar bir sporcu alman\u0131n gere\u011fi yok. Bizde oynamas\u0131nda hi\u00e7bir sak\u0131nca yok. Belki s\u00f6zle\u015fmesini uzat\u0131r\u0131z, s\u00f6zle\u015fmesinde iyile\u015ftirme yapabiliriz. Bunlarda olabilir, bir s\u00fcrpriz de olabilir. En g\u00fczeli bu olur Vedat\u2019\u0131n ya\u015f\u0131 gen\u00e7. Bir y\u0131l daha kendini bizde daha iyi g\u00f6stermek \u015fart\u0131yla kendini i\u00e7in daha iyi olur\u201d dedi.<\/p>\n","protected":false},"excerpt":{"rendered":"<p>\u00c7AYKUR R\u0130ZESPOR BA\u015eKANI HASAN KARTAL, B\u0130R\u00c7OK KUL\u00dcB\u00dcN TRANSFER L\u0130STES\u0130NDE BULUNAN OYUNCULARI VEDAT MUR\u0130\u00c7 KONUSUYLA \u0130LG\u0130L\u0130 BEL\u0130RS\u0130ZL\u0130\u011e\u0130N BU HAFTA \u0130\u00c7ER\u0130S\u0130NDE B\u0130R KARARA BA\u011eLANACA\u011eINI A\u00c7IKLADI.<\/p>\n","protected":false},"author":1,"featured_media":0,"comment_status":"closed","ping_status":"open","sticky":false,"template":"","format":"standard","meta":{"jetpack_post_was_ever_published":false,"_jetpack_newsletter_access":"","_jetpack_dont_email_post_to_subs":false,"_jetpack_newsletter_tier_id":0,"_jetpack_memberships_contains_paywalled_content":false,"_jetpack_memberships_contains_paid_content":false,"footnotes":"","jetpack_publicize_message":"","jetpack_publicize_feature_enabled":true,"jetpack_social_post_already_shared":true,"jetpack_social_options":{"image_generator_settings":{"template":"highway","default_image_id":0,"font":"","enabled":false},"version":2}},"categories":[657],"tags":[125,1178,5846,44,42560,4914,4660,41412,42561,9063],"class_list":["post-174895","post","type-post","status-publish","format-standard","hentry","category-spor","tag-bir","tag-hafta","tag-hasan","tag-icin","tag-karara","tag-kartal","tag-konusu","tag-muric","tag-variriz","tag-vedat"],"jetpack_publicize_connections":[],"jetpack_featured_media_url":"","jetpack_sharing_enabled":true,"jetpack_shortlink":"https:\/\/wp.me\/paKIfm-JuT","_links":{"self":[{"href":"http:\/\/www.tvturk.com\/index.php\/wp-json\/wp\/v2\/posts\/174895","targetHints":{"allow":["GET"]}}],"collection":[{"href":"http:\/\/www.tvturk.com\/index.php\/wp-json\/wp\/v2\/posts"}],"about":[{"href":"http:\/\/www.tvturk.com\/index.php\/wp-json\/wp\/v2\/types\/post"}],"author":[{"embeddable":true,"href":"http:\/\/www.tvturk.com\/index.php\/wp-json\/wp\/v2\/users\/1"}],"replies":[{"embeddable":true,"href":"http:\/\/www.tvturk.com\/index.php\/wp-json\/wp\/v2\/comments?post=174895"}],"version-history":[{"count":0,"href":"http:\/\/www.tvturk.com\/index.php\/wp-json\/wp\/v2\/posts\/174895\/revisions"}],"wp:attachment":[{"href":"http:\/\/www.tvturk.com\/index.php\/wp-json\/wp\/v2\/media?parent=174895"}],"wp:term":[{"taxonomy":"category","embeddable":true,"href":"http:\/\/www.tvturk.com\/index.php\/wp-json\/wp\/v2\/categories?post=174895"},{"taxonomy":"post_tag","embeddable":true,"href":"http:\/\/www.tvturk.com\/index.php\/wp-json\/wp\/v2\/tags?post=174895"}],"curies":[{"name":"wp","href":"https:\/\/api.w.org\/{rel}","templated":true}]}}