{"id":174923,"date":"2019-06-27T20:47:25","date_gmt":"2019-06-27T17:47:25","guid":{"rendered":"http:\/\/www.tvturk.com\/index.php\/samsun-universitesi-havacilik-ve-uzay-bilimleri-fakultesi-ilk-mezunlarini-verdi\/"},"modified":"2019-06-27T20:47:25","modified_gmt":"2019-06-27T17:47:25","slug":"samsun-universitesi-havacilik-ve-uzay-bilimleri-fakultesi-ilk-mezunlarini-verdi","status":"publish","type":"post","link":"http:\/\/www.tvturk.com\/index.php\/samsun-universitesi-havacilik-ve-uzay-bilimleri-fakultesi-ilk-mezunlarini-verdi\/","title":{"rendered":"Samsun \u00dcniversitesi Havac\u0131l\u0131k ve Uzay Bilimleri Fak\u00fcltesi ilk mezunlar\u0131n\u0131 verdi"},"content":{"rendered":"<p>Samsun \u00dcniversitesi Havac\u0131l\u0131k ve Uzay Bilimleri Fak\u00fcltesi U\u00e7ak ve Uzay M\u00fchendisli\u011fi ile Meteoroloji M\u00fchendisli\u011fi B\u00f6l\u00fcmleri d\u00fczenlenen mezuniyet t\u00f6reniyle ilk mezunlar\u0131n\u0131 verdi.<\/p>\n<p>Samsun \u00dcniversitesi Ball\u0131ca Kamp\u00fcs\u00fcnde ger\u00e7ekle\u015ftirilen t\u00f6rende a\u00e7\u0131klamalarda bulunan Samsun \u00dcniversitesi Rekt\u00f6r Yard\u0131mc\u0131s\u0131 ve Havac\u0131l\u0131k ve Uzay Bilimleri Fak\u00fcltesi Dekan\u0131 Prof. Dr. Ayd\u0131n M\u0131s\u0131rl\u0131o\u011flu, bu g\u00fcn\u00fcn Samsun \u00dcniversitesi i\u00e7in \u00f6nemli bir g\u00fcn oldu\u011funu vurgulad\u0131. Samsun\u2019daki bu arazinin, bina ve kurumun Samsun, Karadeniz ve T\u00fcrkiye i\u00e7in kurtar\u0131lm\u0131\u015f b\u00f6lge oldu\u011funu ifade eden M\u0131s\u0131rl\u0131o\u011flu, \u201cHavac\u0131l\u0131\u011f\u0131n en a\u015fa\u011f\u0131s\u0131ndan yani yer hizmetlerinden, kabin hizmetlerinden m\u00fchendisine hepsine kadar olan bir yerde ortak vizyon i\u00e7in kurulmu\u015f bir yer. Bu potansiyele sahip olan bir yer. Dolay\u0131s\u0131yla buras\u0131 bir kurtar\u0131lm\u0131\u015f b\u00f6lge. O kurtar\u0131lm\u0131\u015f b\u00f6lgeler eskiden k\u00f6t\u00fc an\u0131lar\u0131 olanlard\u0131r. \u015eimdi biz bu kurtar\u0131lm\u0131\u015f b\u00f6lge olan \u015fu yeri iyi anlamda kullanarak daha da geli\u015ftirmek ve bunu her tarafa yaymak zorunday\u0131z. Sadece 700 d\u00f6n\u00fcml\u00fck arazi i\u00e7erisinde de\u011fil b\u00fct\u00fcn Samsun\u2019a, Karadeniz\u2019e ve T\u00fcrkiye\u2019ye iyi kazan\u0131mlar sa\u011flayabilecek \u015fekilde yaymaya \u00e7al\u0131\u015fmam\u0131z gerekiyor\u201d dedi.<\/p>\n<p>\u201cSon 10 y\u0131ld\u0131r savunma sanayinde \u00e7ok ciddi geli\u015fmeler ya\u015fan\u0131yor\u201d<\/p>\n<p>Samsun \u00dcniversitesi Rekt\u00f6r\u00fc Prof. Dr. Mahmut Ayd\u0131n, g\u00fcn\u00fcm\u00fcz d\u00fcnyas\u0131nda hava savunma sistemlerinin konu\u015fuldu\u011funa vurgu yaparak, \u201cT\u00fcrkiye\u2019de en \u00e7ok konu\u015fulan konu f\u00fcze meselesi. Rusya\u2019dan alaca\u011f\u0131m\u0131z S-400 f\u00fczeleriyle ilgili meseleler konu\u015fuluyor. Savunma sanayiniz ne kadar g\u00fc\u00e7l\u00fc olursa \u00fclkenizi tehlikelerden o kadar fazla korursunuz. Bu f\u00fcze al\u0131m\u0131na tepki g\u00f6sterenleri de g\u00f6r\u00fcyoruz. Niye bizim \u00fclke savunmam\u0131z kendimize b\u0131rak\u0131lm\u0131yor. Bu \u00fclke bizim. Kendimizi istedi\u011fimiz \u015fekilde savunma sistemleriyle donatarak \u00fclkemizi korumak zorunday\u0131z. Son 10 y\u0131ld\u0131r \u00fclkemizde savunma sanayinde \u00e7ok ciddi geli\u015fmeler ya\u015fan\u0131yor. \u0130HA, S\u0130HA, helikopterler, ASELSAN\u2019\u0131n yapt\u0131\u011f\u0131 silah ve savunma sanayine bakt\u0131\u011f\u0131m\u0131zda \u00fclkemiz belli bir yere gelmi\u015f durumda. H\u0131zl\u0131 bir \u015fekilde bu konumunu art\u0131rma yolunda. \u0130n\u015fallah 100. y\u0131lda bizim de yeni bir ba\u015flang\u0131\u00e7 noktas\u0131nda \u00fclkeye daha fazla hem ekonomik olarak hem savunma olarak hem de sanayi olarak katk\u0131 sa\u011flar\u0131z diye d\u00fc\u015f\u00fcn\u00fcyorum\u201d diye konu\u015ftu.<\/p>\n<p>Rekt\u00f6r Ayd\u0131n ayr\u0131ca Amerika Birle\u015fik Devletleri\u2019nde (ABD) d\u00fczenlenen IREC Roket Yar\u0131\u015fmas\u0131\u2019nda &#8220;En \u0130yi Tak\u0131m Ruhu&#8221; \u00f6d\u00fcl\u00fcn\u00fc alan Samsun Roket Tak\u0131m\u0131\u2019n\u0131 da tebrik etti.<\/p>\n<p>\u201c\u00dclkeniz, gelece\u011finiz i\u00e7in \u00e7ok \u015feylere vesile olaca\u011f\u0131n\u0131zdan \u015f\u00fcphe etmeyin\u201d<\/p>\n<p>Samsun B\u00fcy\u00fck\u015fehir Belediye Ba\u015fkan\u0131 Mustafa Demir ise \u00f6\u011frencilere tavsiyelerde bulunarak, \u201c\u00dclkeniz, gelece\u011finiz i\u00e7in \u00e7ok \u015feylere vesile olaca\u011f\u0131n\u0131zdan asla \u015f\u00fcphe etmeyin. Tek bir arkada\u015f\u0131m\u0131z olmayabilir ama topyekun buradaki kadro T\u00fcrkiye\u2019nin uzay ve u\u00e7ak m\u00fchendisli\u011fi alan\u0131nda omurgas\u0131, belkemi\u011fi ve \u00f6nc\u00fcleri burada. Bu \u00fcniversitemizi de T\u00fcrkiye\u2019nin \u00fcn\u00fcn\u00fc ta\u015fan bir konuma hep birlikte ta\u015f\u0131yal\u0131m\u201d \u015feklinde konu\u015ftu.<\/p>\n<p>Konu\u015fmalar\u0131n ard\u0131ndan Havac\u0131l\u0131k ve Uzay Bilimleri Fak\u00fcltesi b\u00fcnyesinde yer alan U\u00e7ak ve Uzay M\u00fchendisli\u011fi B\u00f6l\u00fcm\u00fc ile Meteoroloji M\u00fchendisli\u011fi B\u00f6l\u00fcm\u00fcnden mezun olan 46 \u00f6\u011frenci ba\u015far\u0131 belgelerini ve diplomalar\u0131n\u0131 protokol \u00fcyeleri ve akademisyenlerin elinden ald\u0131. Sonras\u0131nda ise mezun olan \u00f6\u011frenciler keplerini att\u0131.<\/p>\n<p>T\u00f6rene ayr\u0131ca, Ondokuz May\u0131s \u00dcniversitesi Rekt\u00f6r Yard\u0131mc\u0131s\u0131 Prof. Dr. Mehmet Kuran, 19 May\u0131s Belediye Ba\u015fkan\u0131 Osman Topalo\u011flu, Meteoroloji 10. B\u00f6lge M\u00fcd\u00fcr\u00fc Y\u00fccel Y\u00fcce, Samsun \u00dcniversitesi Genel Sekreteri Do\u00e7. Dr. Salih Kesgin, akademisyenler, veliler ve \u00f6\u011frenciler kat\u0131ld\u0131.<\/p>\n","protected":false},"excerpt":{"rendered":"<p>SAMSUN \u00dcN\u0130VERS\u0130TES\u0130 HAVACILIK VE UZAY B\u0130L\u0130MLER\u0130 FAK\u00dcLTES\u0130 U\u00c7AK VE UZAY M\u00dcHEND\u0130SL\u0130\u011e\u0130 \u0130LE METEOROLOJ\u0130 M\u00dcHEND\u0130SL\u0130\u011e\u0130 B\u00d6L\u00dcM\u00dc GER\u00c7EKLE\u015eT\u0130R\u0130LEN MEZUN\u0130YET T\u00d6REN\u0130YLE \u0130LK MEZUNLARINI VERD\u0130.<\/p>\n","protected":false},"author":1,"featured_media":0,"comment_status":"closed","ping_status":"open","sticky":false,"template":"","format":"standard","meta":{"jetpack_post_was_ever_published":false,"_jetpack_newsletter_access":"","_jetpack_dont_email_post_to_subs":false,"_jetpack_newsletter_tier_id":0,"_jetpack_memberships_contains_paywalled_content":false,"_jetpack_memberships_contains_paid_content":false,"footnotes":"","jetpack_publicize_message":"","jetpack_publicize_feature_enabled":true,"jetpack_social_post_already_shared":true,"jetpack_social_options":{"image_generator_settings":{"template":"highway","default_image_id":0,"font":"","enabled":false},"version":2}},"categories":[1],"tags":[3389,644,3079,37,15364,242,382,16444,386],"class_list":["post-174923","post","type-post","status-publish","format-standard","hentry","category-genel","tag-bilimleri","tag-fakultesi","tag-havacilik","tag-ilk","tag-mezunlarini","tag-samsun","tag-universitesi","tag-uzay","tag-verdi"],"jetpack_publicize_connections":[],"jetpack_featured_media_url":"","jetpack_sharing_enabled":true,"jetpack_shortlink":"https:\/\/wp.me\/paKIfm-Jvl","_links":{"self":[{"href":"http:\/\/www.tvturk.com\/index.php\/wp-json\/wp\/v2\/posts\/174923","targetHints":{"allow":["GET"]}}],"collection":[{"href":"http:\/\/www.tvturk.com\/index.php\/wp-json\/wp\/v2\/posts"}],"about":[{"href":"http:\/\/www.tvturk.com\/index.php\/wp-json\/wp\/v2\/types\/post"}],"author":[{"embeddable":true,"href":"http:\/\/www.tvturk.com\/index.php\/wp-json\/wp\/v2\/users\/1"}],"replies":[{"embeddable":true,"href":"http:\/\/www.tvturk.com\/index.php\/wp-json\/wp\/v2\/comments?post=174923"}],"version-history":[{"count":0,"href":"http:\/\/www.tvturk.com\/index.php\/wp-json\/wp\/v2\/posts\/174923\/revisions"}],"wp:attachment":[{"href":"http:\/\/www.tvturk.com\/index.php\/wp-json\/wp\/v2\/media?parent=174923"}],"wp:term":[{"taxonomy":"category","embeddable":true,"href":"http:\/\/www.tvturk.com\/index.php\/wp-json\/wp\/v2\/categories?post=174923"},{"taxonomy":"post_tag","embeddable":true,"href":"http:\/\/www.tvturk.com\/index.php\/wp-json\/wp\/v2\/tags?post=174923"}],"curies":[{"name":"wp","href":"https:\/\/api.w.org\/{rel}","templated":true}]}}