{"id":174957,"date":"2019-06-28T09:01:32","date_gmt":"2019-06-28T06:01:32","guid":{"rendered":"http:\/\/www.tvturk.com\/index.php\/istanbul-kavram-meslek-yuksekokulunda-mezuniyet-coskusu\/"},"modified":"2019-06-28T09:01:32","modified_gmt":"2019-06-28T06:01:32","slug":"istanbul-kavram-meslek-yuksekokulunda-mezuniyet-coskusu","status":"publish","type":"post","link":"http:\/\/www.tvturk.com\/index.php\/istanbul-kavram-meslek-yuksekokulunda-mezuniyet-coskusu\/","title":{"rendered":"\u0130stanbul Kavram Meslek Y\u00fcksekokulu\u2019nda mezuniyet co\u015fkusu"},"content":{"rendered":"<p>\u0130stanbul Kavram Meslek Y\u00fcksekokulu 2018-2019 Akademik Y\u0131l\u0131 Mezuniyet T\u00f6reni b\u00fcy\u00fck bir co\u015fkuyla kutland\u0131.<\/p>\n<p>\u0130stanbul Kavram Meslek Y\u00fcksekokulu 2018-2019 Akademik Y\u0131l\u0131 Mezuniyet T\u00f6reni \u0130stanbul Kavram Meslek Y\u00fcksekokulu \u00c7engelk\u00f6y Yerle\u015fkesinde d\u00fczenlendi. Sayg\u0131 Duru\u015fu ve \u0130stiklal Mar\u015f\u0131 ile ba\u015flayan mezuniyet t\u00f6renine kat\u0131lan Do\u011fu\u015f \u00dcniversitesi Rekt\u00f6r\u00fc, Rekt\u00f6r Yard\u0131mc\u0131s\u0131, Beykent \u00dcniversitesi Rekt\u00f6r\u00fc, Rekt\u00f6r Yard\u0131mc\u0131s\u0131, akademisyenler ve \u00f6\u011frencilerin velileri mezunlar\u0131n mutlulu\u011funa ortak oldu.<\/p>\n<p>\u201cEn \u00f6nemli hedefimiz \u00f6\u011frenmeyi de \u00f6\u011fretmek oldu\u201d<\/p>\n<p>Y\u00fcksekokul M\u00fcd\u00fcr\u00fc Do\u00e7. Dr. Kamil Uslu yapm\u0131\u015f oldu\u011fu a\u00e7\u0131l\u0131\u015f konu\u015fmas\u0131nda \u00f6ncelikli hedeflerinin \u2018\u00f6\u011frenmeyi \u00f6\u011fretmek\u2019 oldu\u011funa vurgu yaparak, \u201c\u00d6\u011frencilerimizin bizlere ya\u015fatt\u0131\u011f\u0131 bu duygu bizim i\u00e7in \u00e7ok ayr\u0131 ve g\u00fczel bir duygu. Bu sevincimize ortak oldu\u011funuz i\u00e7in kat\u0131l\u0131m g\u00f6steren ve bizi yaln\u0131z b\u0131rakmayan herkese te\u015fekk\u00fcr ederim. Kurum olarak verdi\u011fimiz e\u011fitimde \u00f6\u011frencilerimize bir\u00e7ok ayr\u0131cal\u0131k sunduk. \u00d6\u011frencilerimizin meslek hayat\u0131nda bu ayr\u0131cal\u0131\u011f\u0131 ya\u015fayacaklar\u0131ndan hi\u00e7 \u015f\u00fcphem yoktur. Gen\u00e7lerimizi yeti\u015ftirirken en \u00f6nemli hedefimiz \u00f6\u011frenmeyi de \u00f6\u011fretmek oldu. \u00d6\u011frenmek hayat boyu devam eden bir s\u00fcre\u00e7. Her g\u00fcn yeni \u015feyler ke\u015ffetmek, yenilikleri ve teknolojik geli\u015fmeleri takip etmek ve bir \u00f6nceki bilginin \u00fczerine yeni bilgiler eklemek zorundalar. Bu i\u015finizi en iyi \u015fekilde yapman\u0131n birinci ko\u015fuludur. Her \u00f6\u011frendi\u011fini daha da ileriye g\u00f6t\u00fcrme azmi i\u00e7inde olacaklard\u0131r.  Sizleri yeni bir hayat haz\u0131rlaman\u0131n mutlulu\u011funu ya\u015f\u0131yoruz. Sizler B\u00fcy\u00fck Atat\u00fcrk\u2019\u00fcn g\u00f6sterdi\u011fi yoldan ayr\u0131lmay\u0131n\u0131z. Ailenizi, \u00fclkenizi, milletinizi, bayra\u011f\u0131n\u0131z\u0131, dilinizi seviniz ve y\u00fcceltiniz. \u00d6mr\u00fcn\u00fcz bereketli, yolunuz ve baht\u0131n\u0131z a\u00e7\u0131k olsun. Y\u00fcce Allah\u2019a emanet olun\u201d dedi.<\/p>\n<p>Sonras\u0131nda Okul Birincisi Faruk Kak\u015fi, \u0130kincisi Adem \u00c7am G\u00f6ren ve \u00dc\u00e7\u00fcnc\u00fcs\u00fc Leyla Erarslan\u2019 e ba\u015far\u0131lar\u0131ndan dolay\u0131 plaket verildi. S\u0131ras\u0131yla sahneye davet edilen \u00f6\u011frenciler \u00f6\u011fretmenleri taraf\u0131ndan tebrik edilerek diplomalar\u0131 takdim edildi ve son olarak hep birlikte mezuniyet yemini eden \u00f6\u011frenciler keplerini havaya atarak sevin\u00e7lerini payla\u015ft\u0131lar.<\/p>\n","protected":false},"excerpt":{"rendered":"<p>\u0130STANBUL KAVRAM MESLEK Y\u00dcKSEKOKULU 2018-2019 AKADEM\u0130K YILI MEZUN\u0130YET T\u00d6REN\u0130 B\u00dcY\u00dcK B\u0130R CO\u015eKUYLA KUTLANDI.<\/p>\n","protected":false},"author":1,"featured_media":0,"comment_status":"closed","ping_status":"open","sticky":false,"template":"","format":"standard","meta":{"jetpack_post_was_ever_published":false,"_jetpack_newsletter_access":"","_jetpack_dont_email_post_to_subs":false,"_jetpack_newsletter_tier_id":0,"_jetpack_memberships_contains_paywalled_content":false,"_jetpack_memberships_contains_paid_content":false,"footnotes":"","jetpack_publicize_message":"","jetpack_publicize_feature_enabled":true,"jetpack_social_post_already_shared":true,"jetpack_social_options":{"image_generator_settings":{"template":"highway","default_image_id":0,"font":"","enabled":false},"version":2}},"categories":[1],"tags":[6596,730,24082,4030,820,6620],"class_list":["post-174957","post","type-post","status-publish","format-standard","hentry","category-genel","tag-coskusu","tag-istanbul","tag-kavram","tag-meslek","tag-mezuniyet","tag-yuksekokulunda"],"jetpack_publicize_connections":[],"jetpack_featured_media_url":"","jetpack_sharing_enabled":true,"jetpack_shortlink":"https:\/\/wp.me\/paKIfm-JvT","_links":{"self":[{"href":"http:\/\/www.tvturk.com\/index.php\/wp-json\/wp\/v2\/posts\/174957","targetHints":{"allow":["GET"]}}],"collection":[{"href":"http:\/\/www.tvturk.com\/index.php\/wp-json\/wp\/v2\/posts"}],"about":[{"href":"http:\/\/www.tvturk.com\/index.php\/wp-json\/wp\/v2\/types\/post"}],"author":[{"embeddable":true,"href":"http:\/\/www.tvturk.com\/index.php\/wp-json\/wp\/v2\/users\/1"}],"replies":[{"embeddable":true,"href":"http:\/\/www.tvturk.com\/index.php\/wp-json\/wp\/v2\/comments?post=174957"}],"version-history":[{"count":0,"href":"http:\/\/www.tvturk.com\/index.php\/wp-json\/wp\/v2\/posts\/174957\/revisions"}],"wp:attachment":[{"href":"http:\/\/www.tvturk.com\/index.php\/wp-json\/wp\/v2\/media?parent=174957"}],"wp:term":[{"taxonomy":"category","embeddable":true,"href":"http:\/\/www.tvturk.com\/index.php\/wp-json\/wp\/v2\/categories?post=174957"},{"taxonomy":"post_tag","embeddable":true,"href":"http:\/\/www.tvturk.com\/index.php\/wp-json\/wp\/v2\/tags?post=174957"}],"curies":[{"name":"wp","href":"https:\/\/api.w.org\/{rel}","templated":true}]}}