{"id":174971,"date":"2019-06-28T09:31:28","date_gmt":"2019-06-28T06:31:28","guid":{"rendered":"http:\/\/www.tvturk.com\/index.php\/ozel-dmd-hastasi-minik-yavuzun-ailesinin-yardim-cigligi\/"},"modified":"2019-06-28T09:31:28","modified_gmt":"2019-06-28T06:31:28","slug":"ozel-dmd-hastasi-minik-yavuzun-ailesinin-yardim-cigligi","status":"publish","type":"post","link":"http:\/\/www.tvturk.com\/index.php\/ozel-dmd-hastasi-minik-yavuzun-ailesinin-yardim-cigligi\/","title":{"rendered":"(\u00d6zel) DMD hastas\u0131 minik Yavuz\u2019un ailesinin yard\u0131m \u00e7\u0131\u011fl\u0131\u011f\u0131"},"content":{"rendered":"<p>DMD hastas\u0131 6 ya\u015f\u0131ndaki minik Yavuz\u2019un ailesi o\u011fullar\u0131 i\u00e7in yard\u0131m bekliyor. Anne Nuray \u00c7akmak, \u201c13 ya\u015f\u0131nda y\u00fcr\u00fcyemeyece\u011fini 20 ya\u015f\u0131nda \u00f6lece\u011fini s\u00f6ylediler. \u0130laca ula\u015f\u0131rsak o\u011flumun hayat\u0131 kurtulacak. Herkese \u00e7a\u011fr\u0131da bulunuyorum, yard\u0131m istiyorum \u201d dedi.<\/p>\n<p>K\u00fc\u00e7\u00fck\u00e7ekmece\u2019de ya\u015fayan \u00c7akmak ailesi, 6 ya\u015f\u0131ndaki o\u011fullar\u0131 Yavuz\u2019un merdiven \u00e7\u0131kamamas\u0131 ve y\u00fcr\u00fcmekte zorlanmas\u0131 \u015fikayetiyle doktora gitti. Yap\u0131lan testler ile minik o\u011fullar\u0131 Yavuz\u2019un kas erimesi hastas\u0131 oldu\u011funu \u00f6\u011frenen aile tedavilere ba\u015flad\u0131. Doktorlar\u0131n minik Yavuz i\u00e7in, 13 ya\u015f\u0131nda y\u00fcr\u00fcyemeyece\u011fini 20 ya\u015f\u0131nda vefat edece\u011fini s\u00f6ylemesi ile y\u0131k\u0131lan aile y\u0131lmad\u0131. Amerika ve Hollanda\u2018da bu hastal\u0131\u011f\u0131n tedavisinde etkili bir ila\u00e7 oldu\u011funun \u00f6\u011frenilmesi de \u00c7akmak ailesi i\u00e7in bir umut oldu. Maddi durumu iyi olmayan Aile, Duchenne Muscular Dystrophy (DMD) hastas\u0131 minik \u00e7ocu\u011fun ilac\u0131n\u0131 alabilmek i\u00e7in yetkililerden yard\u0131m bekliyor.<\/p>\n<p>\u201c13 ya\u015f\u0131nda y\u00fcr\u00fcyemeyece\u011fini 20 ya\u015f\u0131nda \u00f6lece\u011fini s\u00f6ylediler\u201d<\/p>\n<p>O\u011fullar\u0131 i\u00e7in ilaca ihtiya\u00e7lar\u0131 oldu\u011funu s\u00f6yleyen anne Nuray \u00c7akmak,\u201c O\u011flum DMD kas g\u00fc\u00e7s\u00fczl\u00fc\u011f\u00fc hastas\u0131 ve \u0130stanbul\u2019da tedavisi yok. Yurt d\u0131\u015f\u0131nda ila\u00e7 tedavisi var diyorlar. \u0130la\u00e7 tedavisini almak istiyoruz. Herkese yalvar\u0131yorum yard\u0131m bekliyorum. Biz hastal\u0131\u011f\u0131n\u0131 yeni anlad\u0131k. Merdiven de \u00e7\u0131kam\u0131yordu hastaneye g\u00f6t\u00fcrd\u00fc\u011f\u00fcm\u00fczde \u00f6\u011frendik. Genetik testinde \u00e7\u0131kt\u0131. Kortizon ile \u015fuan korunuyor ama 13 ya\u015f\u0131nda y\u00fcr\u00fcyemeyece\u011fini 20 ya\u015f\u0131nda vefat edece\u011fini s\u00f6ylediler. Tedavi sa\u011flan\u0131rsa ilaca ula\u015f\u0131rsak ila\u00e7 \u00e7ocu\u011fumu koruyacak ve \u00e7ocu\u011fum \u00f6lmeyecek, y\u00fcr\u00fcyebilecek\u201d diye konu\u015ftu.<\/p>\n<p>\u201c\u0130laca ula\u015f\u0131rsak o\u011flumun hayat\u0131 kurtulacak\u201d<\/p>\n<p>Hastal\u0131\u011f\u0131n\u0131n bir s\u00fcre sonra kalbini de etkileyece\u011fini aktaran anne \u00c7akmak, \u201cBaca\u011f\u0131n\u0131n arkas\u0131nda \u015fi\u015flik olabilece\u011fini s\u00f6ylediler. Solunum problemi ya\u015fay\u0131p kalp yetmezli\u011finden \u00f6lebilece\u011fini s\u00f6ylediler. Hastal\u0131\u011f\u0131n kaslar ile birlikte kalbi de etkiledi\u011fini s\u00f6ylediler. Bu ilaca ula\u015fmam\u0131z gerekiyor. O\u011flumun Amerika\u2019da ve Hollanda\u2019da ilac\u0131 oldu\u011funu s\u00f6ylediler. Bu ilaca o\u011flumun hayat\u0131 i\u00e7in ula\u015fmam\u0131z gerekiyor. Herkese \u00e7a\u011fr\u0131da bulunuyorum. Yard\u0131m istiyorum \u201ddedi.<\/p>\n<p>\u201cAmac\u0131m\u0131z y\u00fcr\u00fcme yetisini kaybetmeden bir tedavi yolu bulmak\u201d<\/p>\n<p>Bir in\u015faatta \u00e7al\u0131\u015fan baba Hakan \u00c7akmak, \u201cO\u011flumun rahats\u0131zl\u0131\u011f\u0131n\u0131 biz yeni \u00f6\u011frendik. Hastal\u0131\u011f\u0131n\u0131n ad\u0131 DMD, kas g\u00fc\u00e7s\u00fczl\u00fc\u011f\u00fc ilerleyen zamanlarda y\u00fcr\u00fcyemeyecek. Y\u00fcr\u00fcyemedi\u011fi zaman ila\u00e7 gelse bile bir tedavisi olmayacak. Bizim amac\u0131m\u0131z y\u00fcr\u00fcme yetisini kaybetmeden bir tedavi yolu bulmak istiyoruz. Hollanda ya da Amerika\u2019daki ila\u00e7lar\u0131 bir \u015fekilde o\u011flumun kullanmas\u0131n\u0131 istiyorum. Biz buradan sizin arac\u0131l\u0131\u011f\u0131n\u0131z ile sesimizi duyurmak istiyoruz. Cumhurba\u015fkan\u0131m\u0131z ile B\u00fcy\u00fck\u015fehir Belediye Ba\u015fkan\u0131m\u0131za sesimizi duyurmak istiyoruz. Tek istedi\u011fimiz \u00e7ocu\u011fumuzun sa\u011fl\u0131\u011f\u0131na kavu\u015fmas\u0131d\u0131r. B\u00fcy\u00fcklerimiz buradan bizi duysun dinlesinler yurt d\u0131\u015f\u0131ndaki ila\u00e7 ile tedavisi normal seyrinde devam edecek\u201d ifadelerini kulland\u0131.<\/p>\n<p>\u201cKendim i\u00e7in bir \u015fey istemiyorum karde\u015fim iyile\u015fsin\u201d<\/p>\n<p>Erken do\u011fumdan dolay\u0131 Serebral Palsi hastas\u0131 olan ve fizik tedavi g\u00f6ren abla Ya\u011fmur \u00c7akmak, \u201cKarde\u015fimin iyile\u015fmesini istiyorum. Kendim i\u00e7in bir \u015fey istemiyorum. Benim yine de d\u00fczelme ihtimalim var\u201d \u015feklinde konu\u015ftu.<\/p>\n<p>Duchenne Muscular Dystrophy (DMD) nedir ?<\/p>\n<p>Kas hastal\u0131klar\u0131 i\u00e7erisinde en s\u0131k g\u00f6zleneni Duchenne Muscular Dystrophy (DMD) \u00e7o\u011funlukla erkek \u00e7ocuklarda g\u00f6zlense de \u00e7ok nadirde olsa k\u0131z \u00e7ocuklar\u0131nda da ortaya \u00e7\u0131kabiliyor. Hastal\u0131\u011f\u0131n semptomlar\u0131 erken yorgunluk, yerden kalkma, yoku\u015f \u00e7\u0131kma ve merdiven \u00e7\u0131kma gibi aktivitelerde zorlanma \u015feklinde kendini g\u00f6sterir.<\/p>\n","protected":false},"excerpt":{"rendered":"<p>DMD HASTASI 6 YA\u015eINDAK\u0130 M\u0130N\u0130K YAVUZ\u2019UN A\u0130LES\u0130 O\u011eULLARI \u0130\u00c7\u0130N YARDIM BEKL\u0130YOR.<\/p>\n","protected":false},"author":1,"featured_media":0,"comment_status":"closed","ping_status":"open","sticky":false,"template":"","format":"standard","meta":{"jetpack_post_was_ever_published":false,"_jetpack_newsletter_access":"","_jetpack_dont_email_post_to_subs":false,"_jetpack_newsletter_tier_id":0,"_jetpack_memberships_contains_paywalled_content":false,"_jetpack_memberships_contains_paid_content":false,"footnotes":"","jetpack_publicize_message":"","jetpack_publicize_feature_enabled":true,"jetpack_social_post_already_shared":true,"jetpack_social_options":{"image_generator_settings":{"template":"highway","default_image_id":0,"font":"","enabled":false},"version":2}},"categories":[1],"tags":[1073,951,18317,36072,11633,1636,1736,29829],"class_list":["post-174971","post","type-post","status-publish","format-standard","hentry","category-genel","tag-ozel","tag-ailesinin","tag-cigligi","tag-dmd","tag-hastasi","tag-minik","tag-yardim","tag-yavuzun"],"jetpack_publicize_connections":[],"jetpack_featured_media_url":"","jetpack_sharing_enabled":true,"jetpack_shortlink":"https:\/\/wp.me\/paKIfm-Jw7","_links":{"self":[{"href":"http:\/\/www.tvturk.com\/index.php\/wp-json\/wp\/v2\/posts\/174971","targetHints":{"allow":["GET"]}}],"collection":[{"href":"http:\/\/www.tvturk.com\/index.php\/wp-json\/wp\/v2\/posts"}],"about":[{"href":"http:\/\/www.tvturk.com\/index.php\/wp-json\/wp\/v2\/types\/post"}],"author":[{"embeddable":true,"href":"http:\/\/www.tvturk.com\/index.php\/wp-json\/wp\/v2\/users\/1"}],"replies":[{"embeddable":true,"href":"http:\/\/www.tvturk.com\/index.php\/wp-json\/wp\/v2\/comments?post=174971"}],"version-history":[{"count":0,"href":"http:\/\/www.tvturk.com\/index.php\/wp-json\/wp\/v2\/posts\/174971\/revisions"}],"wp:attachment":[{"href":"http:\/\/www.tvturk.com\/index.php\/wp-json\/wp\/v2\/media?parent=174971"}],"wp:term":[{"taxonomy":"category","embeddable":true,"href":"http:\/\/www.tvturk.com\/index.php\/wp-json\/wp\/v2\/categories?post=174971"},{"taxonomy":"post_tag","embeddable":true,"href":"http:\/\/www.tvturk.com\/index.php\/wp-json\/wp\/v2\/tags?post=174971"}],"curies":[{"name":"wp","href":"https:\/\/api.w.org\/{rel}","templated":true}]}}