{"id":174995,"date":"2019-06-28T10:16:02","date_gmt":"2019-06-28T07:16:02","guid":{"rendered":"http:\/\/www.tvturk.com\/index.php\/lider-esleri-aile-fotografinda\/"},"modified":"2019-06-28T10:16:02","modified_gmt":"2019-06-28T07:16:02","slug":"lider-esleri-aile-fotografinda","status":"publish","type":"post","link":"http:\/\/www.tvturk.com\/index.php\/lider-esleri-aile-fotografinda\/","title":{"rendered":"Lider e\u015fleri aile foto\u011fraf\u0131nda"},"content":{"rendered":"<p>Japonya\u2019ya gelen G20 \u00fcyesi \u00fclke liderlerinin e\u015fleri, Japonya Ba\u015fbakan\u0131n\u0131n e\u015fi Akie Abe ile Kyoto\u2019da Tofuku-ji Tap\u0131na\u011f\u0131 ile Zen bah\u00e7esi gezilerinin ard\u0131ndan aile foto\u011fraf\u0131na kat\u0131ld\u0131.<\/p>\n<p>Cumhurba\u015fkan\u0131 Recep Tayyip Erdo\u011fan\u2019a e\u015flik eden Emine Erdo\u011fan, \u00fclke liderlerinin e\u015fleriyle aile foto\u011fraf\u0131 \u00e7ekildi. Kyoto\u2019da Tofuku-ji Tap\u0131na\u011f\u0131 ile Zen bah\u00e7esi gezilerini tamamlayan lider e\u015fleri aile foto\u011fraf\u0131 \u00e7ektirdi.<\/p>\n","protected":false},"excerpt":{"rendered":"<p>JAPONYA&#8217;YA GELEN G20 \u00dcYES\u0130 \u00dcLKE L\u0130DERLER\u0130N\u0130N E\u015eLER\u0130, JAPONYA BA\u015eBAKANININ E\u015e\u0130 AK\u0130E ABE \u0130LE KYOTO&#8217;DA TOFUKU-J\u0130 TAPINA\u011eI \u0130LE ZEN BAH\u00c7ES\u0130 GEZ\u0130LER\u0130N\u0130N ARDINDAN A\u0130LE FOTO\u011eRAFINA KATILDI.<\/p>\n","protected":false},"author":1,"featured_media":0,"comment_status":"closed","ping_status":"open","sticky":false,"template":"","format":"standard","meta":{"jetpack_post_was_ever_published":false,"_jetpack_newsletter_access":"","_jetpack_dont_email_post_to_subs":false,"_jetpack_newsletter_tier_id":0,"_jetpack_memberships_contains_paywalled_content":false,"_jetpack_memberships_contains_paid_content":false,"footnotes":"","jetpack_publicize_message":"","jetpack_publicize_feature_enabled":true,"jetpack_social_post_already_shared":true,"jetpack_social_options":{"image_generator_settings":{"template":"highway","default_image_id":0,"font":"","enabled":false},"version":2}},"categories":[10],"tags":[3014,35792,42597,3312],"class_list":["post-174995","post","type-post","status-publish","format-standard","hentry","category-dunya","tag-aile","tag-esleri","tag-fotografinda","tag-lider"],"jetpack_publicize_connections":[],"jetpack_featured_media_url":"","jetpack_sharing_enabled":true,"jetpack_shortlink":"https:\/\/wp.me\/paKIfm-Jwv","_links":{"self":[{"href":"http:\/\/www.tvturk.com\/index.php\/wp-json\/wp\/v2\/posts\/174995","targetHints":{"allow":["GET"]}}],"collection":[{"href":"http:\/\/www.tvturk.com\/index.php\/wp-json\/wp\/v2\/posts"}],"about":[{"href":"http:\/\/www.tvturk.com\/index.php\/wp-json\/wp\/v2\/types\/post"}],"author":[{"embeddable":true,"href":"http:\/\/www.tvturk.com\/index.php\/wp-json\/wp\/v2\/users\/1"}],"replies":[{"embeddable":true,"href":"http:\/\/www.tvturk.com\/index.php\/wp-json\/wp\/v2\/comments?post=174995"}],"version-history":[{"count":0,"href":"http:\/\/www.tvturk.com\/index.php\/wp-json\/wp\/v2\/posts\/174995\/revisions"}],"wp:attachment":[{"href":"http:\/\/www.tvturk.com\/index.php\/wp-json\/wp\/v2\/media?parent=174995"}],"wp:term":[{"taxonomy":"category","embeddable":true,"href":"http:\/\/www.tvturk.com\/index.php\/wp-json\/wp\/v2\/categories?post=174995"},{"taxonomy":"post_tag","embeddable":true,"href":"http:\/\/www.tvturk.com\/index.php\/wp-json\/wp\/v2\/tags?post=174995"}],"curies":[{"name":"wp","href":"https:\/\/api.w.org\/{rel}","templated":true}]}}