{"id":175009,"date":"2019-06-28T10:31:19","date_gmt":"2019-06-28T07:31:19","guid":{"rendered":"http:\/\/www.tvturk.com\/index.php\/putin-suriye-halkinin-kendi-kaderini-belirlemesini-destekliyorum\/"},"modified":"2019-06-28T10:31:19","modified_gmt":"2019-06-28T07:31:19","slug":"putin-suriye-halkinin-kendi-kaderini-belirlemesini-destekliyorum","status":"publish","type":"post","link":"http:\/\/www.tvturk.com\/index.php\/putin-suriye-halkinin-kendi-kaderini-belirlemesini-destekliyorum\/","title":{"rendered":"Putin: \u201cSuriye halk\u0131n\u0131n kendi kaderini belirlemesini destekliyorum&#8221;"},"content":{"rendered":"<p>Rusya Devlet Ba\u015fkan\u0131 Vladimir Putin, The Financial Times\u2019a verdi\u011fi r\u00f6portajda son y\u0131llar\u0131n en \u00f6nemli mesajlar\u0131n\u0131 verdi. Putin, \u201cSuriye halk\u0131n\u0131n kendi kaderini belirlemesini destekliyorum&#8221; dedi.<\/p>\n<p>G20 Zirvesi i\u00e7in Japonya\u2019da bulunan Rusya Devlet Ba\u015fkan\u0131 Vladimir Putin, zirve \u00f6ncesi Amerikan Financial Times gazetesine r\u00f6portaj verdi. Kremlin\u2019in resmi internet sitesinden de yay\u0131nlanan r\u00f6portajda d\u00fcnya kamuoyunun merak etti\u011fi bir\u00e7ok konuya a\u00e7\u0131k\u00e7a cevaplar veren Putin, kendi d\u00fc\u015f\u00fcnceleri ve Rusya\u2019daki politikalar\u0131yla ilgili \u00f6nemli a\u00e7\u0131klamalar yapt\u0131.<\/p>\n<p>Suriye\u2019de ya\u015fanan i\u00e7 sava\u015f\u0131n \u015eam y\u00f6netimi taraf\u0131nda duran Rusya\u2019n\u0131n politikalar\u0131 hakk\u0131nda konu\u015fan Putin, \u201cSuriye halk\u0131n\u0131n kendi kaderini belirlemesini destekliyorum. Suriye\u2019de beklemedi\u011fimiz kazan\u0131m ve tecr\u00fcbeler elde edindik. \u00d6ncelikli olarak Rusya\u2019ya geri d\u00f6nmeyi ama\u00e7layan binlerce militan etkisiz hale getirildi\u201d dedi.<\/p>\n<p>&#8220;\u0130ran ve T\u00fcrkiye ile kaosa izin vermedik&#8221;<\/p>\n<p>Rusya\u2019n\u0131n Orta Do\u011fu politikas\u0131 hakk\u0131nda fikirlerini beyan eden Putin, \u201cOrta Do\u011fu\u2019daki konumumuz daha istikrarl\u0131 hale geldi. B\u00f6lgede bulunan t\u00fcm \u00fclkeler ile iyi ili\u015fkiler kurduk. B\u00f6lgede bulunan bir\u00e7ok \u00fclkeyle ba\u015fta i\u015f ko\u015fullar\u0131 olmak \u00fczere bir\u00e7ok konuda i\u015fbirlikleri sa\u011flad\u0131k. \u0130ran ve T\u00fcrkiye liderleriyle bu amac\u0131 sa\u011flad\u0131k. Suriye\u2019nin varl\u0131\u011f\u0131n\u0131 koruduk ve orada kaosun olmas\u0131na izin vermedik\u201d \u015feklinde konu\u015ftu.<\/p>\n<p>\u201cTrump ile Osaka\u2019da Start-3 anla\u015fmas\u0131n\u0131 g\u00f6r\u00fc\u015fece\u011fim\u201d<\/p>\n<p>Rusya Devlet Ba\u015fkan\u0131 Vladimir Putin, Rusya ile Amerika aras\u0131nda ya\u015fanan K\u0131sa ve Orta Menzilli F\u00fczeler Anla\u015fmas\u0131\u2019ndan her iki taraf\u0131n da \u00e7ekilme karar\u0131n\u0131n ard\u0131ndan yeni bir tart\u0131\u015fma konusu olan ve 2021 y\u0131l\u0131nda sona erecek olan Stratejik Sald\u0131r\u0131 Silahlar\u0131n\u0131n Azalt\u0131lmas\u0131 Anla\u015fmas\u0131 (START-3) hakk\u0131nda da konu\u015ftu. Putin, \u201cBiz anla\u015fman\u0131n uzat\u0131lmas\u0131na haz\u0131r oldu\u011fumuzu ama ABD taraf\u0131ndan hi\u00e7bir g\u00f6r\u00fc\u015fme talebi gelmedi\u011fini s\u00f6yledik. Formaliteler i\u00e7in zaman kalmad\u0131. Her \u015fey sona erecek. Osaka\u2019da Say\u0131n Trump ile bu konuyu konu\u015faca\u011f\u0131m\u201d dedi.<\/p>\n<p>\u201cTrump\u2019\u0131n politikas\u0131 bana ters&#8221;<\/p>\n<p>Putin, ABD ba\u015fkan\u0131 Donald Trump hakk\u0131nda fikirlerinin sorulmas\u0131 \u00fczerine Trump ile fikir ayr\u0131l\u0131klar\u0131 oldu\u011funu s\u00f6yleyerek, \u201cSay\u0131n Trump kendi d\u00fcnya g\u00f6r\u00fc\u015f\u00fcne ve kendi vizyonuna sahip. Sorunlar\u0131 \u00e7\u00f6zme y\u00f6ntemlerine kat\u0131lm\u0131yorum. Trump se\u00e7menin ne istedi\u011fini iyi tespit eden bir lider\u201d dedi. 2016 y\u0131l\u0131nda ABD\u2019de ger\u00e7ekle\u015fen ba\u015fkanl\u0131k se\u00e7imlerine Rusya\u2019n\u0131n m\u00fcdahale ederek Trump\u2019a se\u00e7im kazand\u0131r\u0131ld\u0131\u011f\u0131 iddias\u0131n\u0131 kendi tezleriyle \u00e7\u00fcr\u00fcten Putin, \u201cMuller raporunda Rusya su\u00e7land\u0131. ABD\u2019de ger\u00e7ekle\u015fen se\u00e7imlerde Rusya\u2019n\u0131n m\u00fcdahale iddias\u0131 hep konu\u015fularak Rusya su\u00e7land\u0131. Trump, Amerikan toplumundaki de\u011fi\u015fimi hissetti ve bunu iyi kulland\u0131\u201d ifadelerini kulland\u0131.<\/p>\n<p>\u201cABD &#8211; \u00c7in ticaret sava\u015f\u0131n\u0131n nas\u0131l sonlanaca\u011f\u0131n\u0131 bilmiyorum\u201d<\/p>\n<p>R\u00f6portaj\u0131nda, ABD ile \u00c7in aras\u0131nda son aylarda ya\u015fanan ticaret sava\u015f\u0131 ile ilgili de konu\u015fan Putin, \u201c\u00c7in\u2019in bir tehdit unsuru olaca\u011f\u0131n\u0131 d\u00fc\u015f\u00fcnm\u00fcyorum. Bunu tahmin bile etmiyorum. \u00c7in, ticaret anla\u015fmalar\u0131 konusunda yeterli hassasiyete ve anla\u015fmalara uyma konusunda yeterli \u00f6zeni g\u00f6steriyor. ABD ile \u00c7in aras\u0131ndaki ticaret sava\u015f\u0131n\u0131n nas\u0131l sonlanaca\u011f\u0131n\u0131 tahmin etmek zor. Bu konuda hi\u00e7bir \u015fekilde askeri anlamda bir \u00e7at\u0131\u015fma \u00e7\u0131kmayaca\u011f\u0131n\u0131 umuyorum\u201d dedi. \u00c7in, Amerika, Kuzey Kore, G\u00fcney Kore ve Rusya ekseninde geli\u015fen Kore yar\u0131madas\u0131 ile ilgilide g\u00f6r\u00fc\u015f beyan eden Putin, Kore yar\u0131madas\u0131ndaki durumun \u00f6ng\u00f6r\u00fclemeyen se\u00e7eneklerle dolu oldu\u011funu s\u00f6yledi. Rusya ile \u0130ngiltere aras\u0131nda ya\u015fanan politik gerilime de de\u011finen Putin, \u0130ngiltere ile ili\u015fkilerin yeniden canlanmas\u0131 gerekti\u011fine inand\u0131\u011f\u0131n\u0131 belirtti.<\/p>\n<p>\u201cB\u00fcy\u00fck Petro ve eski Fransa Cumhurba\u015fkan\u0131 Chirac\u2019\u0131 kendime \u00f6rnek al\u0131yorum\u201d<\/p>\n<p>Rusya Devlet Ba\u015fkan\u0131 Putin, siyasi kariyerinde kimleri \u00f6rnek ald\u0131\u011f\u0131na dair soruya, \u201cYabanc\u0131 liderler aras\u0131nda ileti\u015fim kurma f\u0131rsat\u0131 bulduklar\u0131mdan eski Fransa Cumhurba\u015fkan\u0131 Jacques Chirac\u2019tan \u00e7ok etkilendim. O ger\u00e7ek bir entelekt\u00fcel, ger\u00e7ek bir uzman ve ayr\u0131ca \u00e7ok ilgin\u00e7 ve \u00f6l\u00e7\u00fcl\u00fc bir ki\u015filik. Onun her konuda kendine \u00f6zg\u00fcn g\u00f6r\u00fc\u015fleri vard\u0131 ve bunu nas\u0131l savunaca\u011f\u0131n\u0131 iyi biliyordu\u201d cevab\u0131n\u0131 verdi. Putin, en be\u011fendi\u011fi tarihi ki\u015fili\u011fin ise Rusya\u2019y\u0131 7 May\u0131s 1682\u2019den 8 \u015eubat 1725\u2019te \u00f6lene kadar y\u00f6neten Rus \u00c7ar\u0131 B\u00fcy\u00fck Petro\u2019nun oldu\u011funu s\u00f6yledi.<\/p>\n","protected":false},"excerpt":{"rendered":"<p>RUSYA DEVLET BA\u015eKANI PUT\u0130N, THE F\u0130NANC\u0130AL T\u0130MES\u2019A VERD\u0130\u011e\u0130 R\u00d6PORTAJDA, &#8220;\u201c\u0130RAN VE T\u00dcRK\u0130YE \u0130LE SUR\u0130YE&#8217;DE KAOSA \u0130Z\u0130N VERMED\u0130K\u201d DED\u0130.<\/p>\n","protected":false},"author":1,"featured_media":0,"comment_status":"closed","ping_status":"open","sticky":false,"template":"","format":"standard","meta":{"jetpack_post_was_ever_published":false,"_jetpack_newsletter_access":"","_jetpack_dont_email_post_to_subs":false,"_jetpack_newsletter_tier_id":0,"_jetpack_memberships_contains_paywalled_content":false,"_jetpack_memberships_contains_paid_content":false,"footnotes":"","jetpack_publicize_message":"","jetpack_publicize_feature_enabled":true,"jetpack_social_post_already_shared":true,"jetpack_social_options":{"image_generator_settings":{"template":"highway","default_image_id":0,"font":"","enabled":false},"version":2}},"categories":[10],"tags":[31983,42602,6918,7510,5646,11790,6521],"class_list":["post-175009","post","type-post","status-publish","format-standard","hentry","category-dunya","tag-belirlemesini","tag-destekliyorum","tag-halkinin","tag-kaderini","tag-kendi","tag-putin","tag-suriye"],"jetpack_publicize_connections":[],"jetpack_featured_media_url":"","jetpack_sharing_enabled":true,"jetpack_shortlink":"https:\/\/wp.me\/paKIfm-JwJ","_links":{"self":[{"href":"http:\/\/www.tvturk.com\/index.php\/wp-json\/wp\/v2\/posts\/175009","targetHints":{"allow":["GET"]}}],"collection":[{"href":"http:\/\/www.tvturk.com\/index.php\/wp-json\/wp\/v2\/posts"}],"about":[{"href":"http:\/\/www.tvturk.com\/index.php\/wp-json\/wp\/v2\/types\/post"}],"author":[{"embeddable":true,"href":"http:\/\/www.tvturk.com\/index.php\/wp-json\/wp\/v2\/users\/1"}],"replies":[{"embeddable":true,"href":"http:\/\/www.tvturk.com\/index.php\/wp-json\/wp\/v2\/comments?post=175009"}],"version-history":[{"count":0,"href":"http:\/\/www.tvturk.com\/index.php\/wp-json\/wp\/v2\/posts\/175009\/revisions"}],"wp:attachment":[{"href":"http:\/\/www.tvturk.com\/index.php\/wp-json\/wp\/v2\/media?parent=175009"}],"wp:term":[{"taxonomy":"category","embeddable":true,"href":"http:\/\/www.tvturk.com\/index.php\/wp-json\/wp\/v2\/categories?post=175009"},{"taxonomy":"post_tag","embeddable":true,"href":"http:\/\/www.tvturk.com\/index.php\/wp-json\/wp\/v2\/tags?post=175009"}],"curies":[{"name":"wp","href":"https:\/\/api.w.org\/{rel}","templated":true}]}}