{"id":175051,"date":"2019-06-28T11:01:23","date_gmt":"2019-06-28T08:01:23","guid":{"rendered":"http:\/\/www.tvturk.com\/index.php\/cumhurbaskani-erdogan-dunya-bankasi-baskani-malpassi-kabul-etti\/"},"modified":"2019-06-28T11:01:23","modified_gmt":"2019-06-28T08:01:23","slug":"cumhurbaskani-erdogan-dunya-bankasi-baskani-malpassi-kabul-etti","status":"publish","type":"post","link":"http:\/\/www.tvturk.com\/index.php\/cumhurbaskani-erdogan-dunya-bankasi-baskani-malpassi-kabul-etti\/","title":{"rendered":"Cumhurba\u015fkan\u0131 Erdo\u011fan, D\u00fcnya Bankas\u0131 Ba\u015fkan\u0131 Malpass\u2019\u0131 kabul etti"},"content":{"rendered":"<p>G20 Liderler zirvesi i\u00e7in Japonya\u2019n\u0131n Osaka \u015fehrine gelen Cumhurba\u015fkan\u0131 Recep Tayyip Erdo\u011fan, D\u00fcnya Bankas\u0131 Ba\u015fkan\u0131 David Malpass\u2019\u0131 kabul etti.<\/p>\n<p>Cumhurba\u015fkan\u0131 Recep Tayyip Erdo\u011fan, G20 Liderler Zirvesi kapsam\u0131nda d\u00fcnya liderleriyle bir araya gelmeye devam ediyor. Erdo\u011fan temaslar\u0131 dahilinde D\u00fcnya Bankas\u0131 Ba\u015fkan\u0131 David Malpass\u2019\u0131 kabul etti. G20 Liderler Zirvesi\u2019nin yap\u0131ld\u0131\u011f\u0131 INTEX Fuar Merkezi\u2019nde yap\u0131lan g\u00f6r\u00fc\u015fme 30 dakika s\u00fcrd\u00fc.<\/p>\n<p>G\u00f6r\u00fc\u015fmede, D\u0131\u015fi\u015fleri Bakan\u0131 Mevl\u00fct \u00c7avu\u015fo\u011flu ve Hazine ve Maliye Bakan\u0131 Berat Albayrak haz\u0131r bulundu.<\/p>\n","protected":false},"excerpt":{"rendered":"<p>CUMHURBA\u015eKANI RECEP TAYY\u0130P ERDO\u011eAN, D\u00dcNYA BANKASI BA\u015eKANI DAV\u0130D MALPASS\u2019I KABUL ETT\u0130.<\/p>\n","protected":false},"author":1,"featured_media":0,"comment_status":"closed","ping_status":"open","sticky":false,"template":"","format":"standard","meta":{"jetpack_post_was_ever_published":false,"_jetpack_newsletter_access":"","_jetpack_dont_email_post_to_subs":false,"_jetpack_newsletter_tier_id":0,"_jetpack_memberships_contains_paywalled_content":false,"_jetpack_memberships_contains_paid_content":false,"footnotes":"","jetpack_publicize_message":"","jetpack_publicize_feature_enabled":true,"jetpack_social_post_already_shared":true,"jetpack_social_options":{"image_generator_settings":{"template":"highway","default_image_id":0,"font":"","enabled":false},"version":2}},"categories":[10],"tags":[349,3473,216,503,649,207,654,42619],"class_list":["post-175051","post","type-post","status-publish","format-standard","hentry","category-dunya","tag-dunya","tag-bankasi","tag-baskani","tag-cumhurbaskani","tag-erdogan","tag-etti","tag-kabul","tag-malpassi"],"jetpack_publicize_connections":[],"jetpack_featured_media_url":"","jetpack_sharing_enabled":true,"jetpack_shortlink":"https:\/\/wp.me\/paKIfm-Jxp","_links":{"self":[{"href":"http:\/\/www.tvturk.com\/index.php\/wp-json\/wp\/v2\/posts\/175051","targetHints":{"allow":["GET"]}}],"collection":[{"href":"http:\/\/www.tvturk.com\/index.php\/wp-json\/wp\/v2\/posts"}],"about":[{"href":"http:\/\/www.tvturk.com\/index.php\/wp-json\/wp\/v2\/types\/post"}],"author":[{"embeddable":true,"href":"http:\/\/www.tvturk.com\/index.php\/wp-json\/wp\/v2\/users\/1"}],"replies":[{"embeddable":true,"href":"http:\/\/www.tvturk.com\/index.php\/wp-json\/wp\/v2\/comments?post=175051"}],"version-history":[{"count":0,"href":"http:\/\/www.tvturk.com\/index.php\/wp-json\/wp\/v2\/posts\/175051\/revisions"}],"wp:attachment":[{"href":"http:\/\/www.tvturk.com\/index.php\/wp-json\/wp\/v2\/media?parent=175051"}],"wp:term":[{"taxonomy":"category","embeddable":true,"href":"http:\/\/www.tvturk.com\/index.php\/wp-json\/wp\/v2\/categories?post=175051"},{"taxonomy":"post_tag","embeddable":true,"href":"http:\/\/www.tvturk.com\/index.php\/wp-json\/wp\/v2\/tags?post=175051"}],"curies":[{"name":"wp","href":"https:\/\/api.w.org\/{rel}","templated":true}]}}