{"id":175055,"date":"2019-06-28T11:01:40","date_gmt":"2019-06-28T08:01:40","guid":{"rendered":"http:\/\/www.tvturk.com\/index.php\/bu-pazarda-her-sey-organik\/"},"modified":"2019-06-28T11:01:40","modified_gmt":"2019-06-28T08:01:40","slug":"bu-pazarda-her-sey-organik","status":"publish","type":"post","link":"http:\/\/www.tvturk.com\/index.php\/bu-pazarda-her-sey-organik\/","title":{"rendered":"Bu pazarda her \u015fey organik"},"content":{"rendered":"<p>Amasya\u2019n\u0131n Ta\u015fova il\u00e7esinde haftada bir g\u00fcn kurulan ve tamamen organik \u00fcr\u00fcnlerin sat\u0131ld\u0131\u011f\u0131 pazar, vatanda\u015flar\u0131n ilgisini \u00e7ekiyor.<\/p>\n<p>Tamamen organik ve ev yap\u0131m\u0131 \u00fcr\u00fcnlerin bulundu\u011fu pazar yerinde \u00fcr\u00fcnler m\u00fc\u015fterilerin be\u011fenisine sunuluyor. Ta\u015fova\u2019n\u0131n Alpaslan k\u00f6y\u00fcnde ya\u015fayan organik \u00fcr\u00fcn \u00fcreticisi Hacer \u00d6zg\u00fcr, sat\u0131\u015fa sunulan t\u00fcm \u00fcr\u00fcnlerin organik oldu\u011funu ifade etti. \u00d6zg\u00fcr, &#8220;Sat\u0131\u015flardan memnunuz, k\u0131\u015f\u0131n pek sat\u0131\u015f yoktu ama \u015fimdi biraz biraz a\u00e7\u0131ld\u0131. \u00dcr\u00fcnlerimiz tamamen organik. Ku\u015fburnunu eyl\u00fcl-ekim ay\u0131 gibi yap\u0131yoruz. Tamamen kendi el yap\u0131m \u00fcr\u00fcnlerimiz. Tevek yapra\u011f\u0131n\u0131 da may\u0131s-haziran aylar\u0131nda burada her \u00fcr\u00fcnlerin hasat zaman\u0131 ayr\u0131 oluyor. Organik oldu\u011fu i\u00e7in. \u015eimdi de fasulye, meyveler, kiraz, yaprak onlar \u00e7\u0131kt\u0131. Sat\u0131\u015flar\u0131m\u0131z Allah\u2019a \u015f\u00fck\u00fcr iyi&#8221; dedi.<\/p>\n<p>\u201cHerkesi organik pazar\u0131m\u0131za bekliyoruz\u201d<\/p>\n<p>Ta\u015fova Belediye Ba\u015fkan\u0131 Bayram \u00d6zt\u00fcrk yapt\u0131\u011f\u0131 a\u00e7\u0131klamada, \u201c\u015eu an Ta\u015fova\u2019n\u0131n \u2018Y\u00f6resel \u00dcr\u00fcnler Pazar\u0131\u2019 veya di\u011fer bir ifadeyle \u2018K\u00f6yl\u00fc Pazar\u0131\u2019nda bulunuyoruz. K\u00f6yl\u00fc pazar\u0131 tabiri asl\u0131nda yeni bir tabir de\u011fil. Tabi her d\u00f6nem her ortamda k\u00f6yl\u00fclerimizin kendi yeti\u015ftirdikleri \u00fcr\u00fcnleri satt\u0131\u011f\u0131 pazar olarak ifade edilir. Bura ayn\u0131 zamanda hem k\u00f6yl\u00fc pazar\u0131 hem de k\u00f6yde vatanda\u015flar\u0131n do\u011fal kendi organik \u00fcr\u00fcnlerini yeti\u015ftirdikleri \u00fcr\u00fcnleri satt\u0131klar\u0131 yer olmas\u0131 sebebiyle hem organik pazar hem de k\u00f6yl\u00fc pazar\u0131 olarak iade edilebilir. \u015eu an i\u00e7inde bulundu\u011fumuz caddede tamamen k\u00f6ylerde ya\u015fayan k\u00f6ylerde kendi bah\u00e7esinde \u00fcretimini yapan hem\u015fehrilerimizin kendi \u00fcr\u00fcnlerini \u00fcrettikleri ve pazarlad\u0131klar\u0131 yerdeyiz. Tabi \u015funu bilmek gerekir: Ciddi manada bir organik \u00fcr\u00fcn sorunu ya\u015f\u0131yoruz d\u00fcnyada ve yetkililerin ifade etti\u011fine g\u00f6re yedi\u011fimiz g\u0131dalar\u0131n b\u00fcy\u00fck bir k\u0131sm\u0131nda ciddi manada bir organik olup olmama var. Veya kimyasal at\u0131klar\u0131n var olup olmamas\u0131yla ve dolay\u0131s\u0131yla da sa\u011fl\u0131k sorunuyla kar\u015f\u0131 kar\u015f\u0131yay\u0131z. B\u00f6yle bir ortamda il\u00e7emiz Ta\u015fova\u2019da k\u00f6yl\u00fc pazar\u0131n\u0131n var olmas\u0131, vatanda\u015flar\u0131m\u0131z\u0131n kendi yeti\u015ftirdikleri kendi k\u00f6ylerinde kendi bah\u00e7elerinde do\u011fal organik \u015fekilde yeti\u015ftirdikleri \u00fcr\u00fcnlerin il\u00e7emizde halk\u0131m\u0131za sat\u0131\u015fa sunulmas\u0131 bizim a\u00e7\u0131m\u0131zdan tabii ki \u00f6nemlidir. \u015eu bir ger\u00e7ek, T\u00fcrkiye\u2019de de birka\u00e7 yerde \u00f6zellikle organik tar\u0131m \u00fcr\u00fcnlerinin sat\u0131ld\u0131\u011f\u0131 pazarlar ad\u0131 alt\u0131nda farkl\u0131 pazarlar kuruluyor. Her ne kadar bizim il\u00e7emizde bu manada \u00f6zel bir organik pazar ad\u0131 ile alakal\u0131 \u00f6zel bir yer olmamas\u0131na ra\u011fmen \u015fuan hakikaten bulundu\u011fumuz g\u00fczergah organik \u00fcr\u00fcnlerin sat\u0131ld\u0131\u011f\u0131 en \u00f6nemli g\u00fczergahlardan bir tanesi. Dolay\u0131s\u0131yla biz hep \u015funu s\u00f6yl\u00fcyoruz: Bu g\u00fcn\u00fcn \u00e7evre sorunlar\u0131, sa\u011fl\u0131k sorunlar\u0131n\u0131n ya\u015fand\u0131\u011f\u0131 bug\u00fcn\u00fcn d\u00fcnyas\u0131nda insanlar\u0131m\u0131z\u0131n daha g\u00fczel \u00fcr\u00fcnler, daha kaliteli \u00fcr\u00fcnler ilac\u0131n az oldu\u011fu kimyasal \u00fcr\u00fcnlerin az oldu\u011fu bir ortamda daha g\u00fcvenilir \u00fcr\u00fcnler t\u00fcketilmesi i\u00e7in b\u00fct\u00fcn dostlar\u0131m\u0131z\u0131, b\u00fct\u00fcn hem\u015fehrilerimizi organik \u00fcr\u00fcnlerin sat\u0131ld\u0131\u011f\u0131 k\u00f6yl\u00fc vatanda\u015flar\u0131m\u0131z kendi do\u011fal yeti\u015ftirerek \u00fcr\u00fcnlerini satt\u0131\u011f\u0131 pazar\u0131m\u0131za bekliyoruz\u201d diye konu\u015ftu.<\/p>\n<p>Belediye Ba\u015fkan\u0131 \u00d6zt\u00fcrk daha sonra pazarc\u0131 esnaf\u0131n\u0131 gezerek hem onlar\u0131 hem de vatanda\u015flar\u0131 dinledi.<\/p>\n","protected":false},"excerpt":{"rendered":"<p>AMASYA&#8217;NIN TA\u015eOVA \u0130L\u00c7ES\u0130NDE, HAFTADA B\u0130R G\u00dcN KURULAN VE TAMAMEN ORGAN\u0130K \u00dcR\u00dcNLER\u0130N SATILDI\u011eI PAZAR, VATANDA\u015eLARIN \u0130LG\u0130S\u0130N\u0130 \u00c7EK\u0130YOR. TAMAMEN ORGAN\u0130K VE EV YAPIMI \u00dcR\u00dcNLERDEN OLU\u015eAN PAZAR YER\u0130NDE \u00dcR\u00dcNLER M\u00dc\u015eTER\u0130LER\u0130N BE\u011eEN\u0130S\u0130NE SUNULUYOR.<\/p>\n","protected":false},"author":1,"featured_media":0,"comment_status":"closed","ping_status":"open","sticky":false,"template":"","format":"standard","meta":{"jetpack_post_was_ever_published":false,"_jetpack_newsletter_access":"","_jetpack_dont_email_post_to_subs":false,"_jetpack_newsletter_tier_id":0,"_jetpack_memberships_contains_paywalled_content":false,"_jetpack_memberships_contains_paid_content":false,"footnotes":"","jetpack_publicize_message":"","jetpack_publicize_feature_enabled":true,"jetpack_social_post_already_shared":true,"jetpack_social_options":{"image_generator_settings":{"template":"highway","default_image_id":0,"font":"","enabled":false},"version":2}},"categories":[1],"tags":[73,4645,1242,2550],"class_list":["post-175055","post","type-post","status-publish","format-standard","hentry","category-genel","tag-her","tag-organik","tag-pazarda","tag-sey"],"jetpack_publicize_connections":[],"jetpack_featured_media_url":"","jetpack_sharing_enabled":true,"jetpack_shortlink":"https:\/\/wp.me\/paKIfm-Jxt","_links":{"self":[{"href":"http:\/\/www.tvturk.com\/index.php\/wp-json\/wp\/v2\/posts\/175055","targetHints":{"allow":["GET"]}}],"collection":[{"href":"http:\/\/www.tvturk.com\/index.php\/wp-json\/wp\/v2\/posts"}],"about":[{"href":"http:\/\/www.tvturk.com\/index.php\/wp-json\/wp\/v2\/types\/post"}],"author":[{"embeddable":true,"href":"http:\/\/www.tvturk.com\/index.php\/wp-json\/wp\/v2\/users\/1"}],"replies":[{"embeddable":true,"href":"http:\/\/www.tvturk.com\/index.php\/wp-json\/wp\/v2\/comments?post=175055"}],"version-history":[{"count":0,"href":"http:\/\/www.tvturk.com\/index.php\/wp-json\/wp\/v2\/posts\/175055\/revisions"}],"wp:attachment":[{"href":"http:\/\/www.tvturk.com\/index.php\/wp-json\/wp\/v2\/media?parent=175055"}],"wp:term":[{"taxonomy":"category","embeddable":true,"href":"http:\/\/www.tvturk.com\/index.php\/wp-json\/wp\/v2\/categories?post=175055"},{"taxonomy":"post_tag","embeddable":true,"href":"http:\/\/www.tvturk.com\/index.php\/wp-json\/wp\/v2\/tags?post=175055"}],"curies":[{"name":"wp","href":"https:\/\/api.w.org\/{rel}","templated":true}]}}