{"id":175059,"date":"2019-06-28T11:01:49","date_gmt":"2019-06-28T08:01:49","guid":{"rendered":"http:\/\/www.tvturk.com\/index.php\/trakya-kalkinma-ajansi-yonetim-kurulu-malkarada-toplandi\/"},"modified":"2019-06-28T11:01:49","modified_gmt":"2019-06-28T08:01:49","slug":"trakya-kalkinma-ajansi-yonetim-kurulu-malkarada-toplandi","status":"publish","type":"post","link":"http:\/\/www.tvturk.com\/index.php\/trakya-kalkinma-ajansi-yonetim-kurulu-malkarada-toplandi\/","title":{"rendered":"TRAKYA Kalk\u0131nma Ajans\u0131 Y\u00f6netim Kurulu Malkara\u2019da topland\u0131"},"content":{"rendered":"<p>Trakya Kalk\u0131nma Ajans\u0131 Haziran ay\u0131 Ola\u011fan Y\u00f6netim Kurulu Toplant\u0131s\u0131 Tekirda\u011f Valisi Aziz Y\u0131ld\u0131r\u0131m ba\u015fkanl\u0131\u011f\u0131nda Tekirda\u011f\u2019\u0131n Malkara il\u00e7esinde ger\u00e7ekle\u015ftirildi.<\/p>\n<p>Kaanlar G\u0131da A\u015e\u2019nin Malkara tesislerinde d\u00fczenlenen toplant\u0131ya Tekirda\u011f Valisi ve Trakya Kalk\u0131nma Ajans\u0131 Y\u00f6netim Kurulu Ba\u015fkan\u0131 Aziz Y\u0131ld\u0131r\u0131m, K\u0131rklareli Valisi Osman Bilgin, Edirne Valisi Ekrem Canalp, Tekirda\u011f B\u00fcy\u00fck\u015fehir Belediye Ba\u015fkan\u0131 Kadir Albayrak, K\u0131rklareli \u0130l Genel Meclis Ba\u015fkan\u0131 Ayd\u0131n Karako\u00e7, Edirne Ticaret ve Sanayi Odas\u0131 Ba\u015fkan\u0131 Recep Z\u0131pk\u0131nkurt, K\u0131rklareli Ticaret ve Sanayi Odas\u0131 Ba\u015fkan\u0131 Soner Il\u0131k, Tekirda\u011f Ticaret ve Sanayi Odas\u0131 Ba\u015fkan\u0131 Cengiz G\u00fcnay ve Trakya Kalk\u0131nma Ajans\u0131 Genel Sekreteri Mahmut \u015eahin kat\u0131ld\u0131.<\/p>\n<p>Bir \u00f6nceki toplant\u0131da al\u0131nan kararlar\u0131n g\u00f6r\u00fc\u015f\u00fclmesinin ard\u0131ndan Ajans Y\u00f6netim Kurulu Toplant\u0131s\u0131 Genel Sekreter Mahmut \u015eahin\u2019in g\u00fcndemi arz etmesiyle ba\u015flad\u0131. Sanayide Dijital D\u00f6n\u00fc\u015f\u00fcm E\u011fitim ve Dan\u0131\u015fmanl\u0131k Merkezi G\u00fcd\u00fcml\u00fc Projenin ba\u015fvurusunun ve fizibilitesinin kabul edilmesinin ard\u0131ndan 2019 y\u0131l\u0131 Teknik Destek Program\u0131 g\u00f6r\u00fc\u015f\u00fcld\u00fc ve onayland\u0131. Toplant\u0131 dilek ve temennilerin iletilmesi ile sona erdi.<\/p>\n<p>Toplant\u0131dan sonra Trakya Kalk\u0131nma Ajans\u0131 Y\u00f6netim Kurulu \u00fcyeleri, Kaanlar G\u0131da A\u015e Y\u00f6netim Kurulu \u00dcyesi ve M\u00dcS\u0130AD Ba\u015fkan\u0131 Abdurrahman Kaan taraf\u0131ndan tesiste gezdirildi ve \u00fcretim s\u00fcre\u00e7leri hakk\u0131nda bilgilendirildi.<\/p>\n","protected":false},"excerpt":{"rendered":"<p>KAANLAR GIDA A\u015e\u2019N\u0130N MALKARA TES\u0130SLER\u0130NDE D\u00dcZENLENEN TOPLANTIYA TEK\u0130RDA\u011e VAL\u0130S\u0130 VE TRAKYA KALKINMA AJANSI Y\u00d6NET\u0130M KURULU BA\u015eKANI AZ\u0130Z YILDIRIM, KIRKLAREL\u0130 VAL\u0130S\u0130 OSMAN B\u0130LG\u0130N, ED\u0130RNE VAL\u0130S\u0130 EKREM CANALP,  TEK\u0130RDA\u011e B\u00dcY\u00dcK\u015eEH\u0130R BELED\u0130YE BA\u015eKANI KAD\u0130R ALBAYRAK,  KIRKLAREL\u0130 \u0130L GENEL MECL\u0130S BA\u015eKANI AYDIN KARAKO\u00c7, ED\u0130RNE T\u0130CARET VE SANAY\u0130 ODASI BA\u015eKANI RECEP ZIPKINKURT, KIRKLAREL\u0130 T\u0130CARET VE SANAY\u0130 ODASI BA\u015eKANI SONER ILIK, TEK\u0130RDA\u011e T\u0130CARET VE SANAY\u0130 ODASI BA\u015eKANI CENG\u0130Z G\u00dcNAY VE TRAKYA KALKINMA AJANSI GENEL SEKRETER\u0130 MAHMUT \u015eAH\u0130N KATILDI.<\/p>\n","protected":false},"author":1,"featured_media":0,"comment_status":"closed","ping_status":"open","sticky":false,"template":"","format":"standard","meta":{"jetpack_post_was_ever_published":false,"_jetpack_newsletter_access":"","_jetpack_dont_email_post_to_subs":false,"_jetpack_newsletter_tier_id":0,"_jetpack_memberships_contains_paywalled_content":false,"_jetpack_memberships_contains_paid_content":false,"footnotes":"","jetpack_publicize_message":"","jetpack_publicize_feature_enabled":true,"jetpack_social_post_already_shared":true,"jetpack_social_options":{"image_generator_settings":{"template":"highway","default_image_id":0,"font":"","enabled":false},"version":2}},"categories":[1],"tags":[4532,17395,247,17208,249,1884,246],"class_list":["post-175059","post","type-post","status-publish","format-standard","hentry","category-genel","tag-kalkinma","tag-ajansi","tag-kurulu","tag-malkarada","tag-toplandi","tag-trakya","tag-yonetim"],"jetpack_publicize_connections":[],"jetpack_featured_media_url":"","jetpack_sharing_enabled":true,"jetpack_shortlink":"https:\/\/wp.me\/paKIfm-Jxx","_links":{"self":[{"href":"http:\/\/www.tvturk.com\/index.php\/wp-json\/wp\/v2\/posts\/175059","targetHints":{"allow":["GET"]}}],"collection":[{"href":"http:\/\/www.tvturk.com\/index.php\/wp-json\/wp\/v2\/posts"}],"about":[{"href":"http:\/\/www.tvturk.com\/index.php\/wp-json\/wp\/v2\/types\/post"}],"author":[{"embeddable":true,"href":"http:\/\/www.tvturk.com\/index.php\/wp-json\/wp\/v2\/users\/1"}],"replies":[{"embeddable":true,"href":"http:\/\/www.tvturk.com\/index.php\/wp-json\/wp\/v2\/comments?post=175059"}],"version-history":[{"count":0,"href":"http:\/\/www.tvturk.com\/index.php\/wp-json\/wp\/v2\/posts\/175059\/revisions"}],"wp:attachment":[{"href":"http:\/\/www.tvturk.com\/index.php\/wp-json\/wp\/v2\/media?parent=175059"}],"wp:term":[{"taxonomy":"category","embeddable":true,"href":"http:\/\/www.tvturk.com\/index.php\/wp-json\/wp\/v2\/categories?post=175059"},{"taxonomy":"post_tag","embeddable":true,"href":"http:\/\/www.tvturk.com\/index.php\/wp-json\/wp\/v2\/tags?post=175059"}],"curies":[{"name":"wp","href":"https:\/\/api.w.org\/{rel}","templated":true}]}}