{"id":175101,"date":"2019-06-28T11:46:27","date_gmt":"2019-06-28T08:46:27","guid":{"rendered":"http:\/\/www.tvturk.com\/index.php\/suhutta-baskan-vekili-us-ve-belediye-meclis-uyelerinden-kapali-pazar-yeri-incelemesi\/"},"modified":"2019-06-28T11:46:27","modified_gmt":"2019-06-28T08:46:27","slug":"suhutta-baskan-vekili-us-ve-belediye-meclis-uyelerinden-kapali-pazar-yeri-incelemesi","status":"publish","type":"post","link":"http:\/\/www.tvturk.com\/index.php\/suhutta-baskan-vekili-us-ve-belediye-meclis-uyelerinden-kapali-pazar-yeri-incelemesi\/","title":{"rendered":"\u015euhut\u2019ta Ba\u015fkan Vekili Us ve Belediye Meclis \u00fcyelerinden kapal\u0131 pazar yeri incelemesi"},"content":{"rendered":"<p>Afyonkarahisar \u015euhut \u0130l\u00e7e Belediye Ba\u015fkan Vekili Mehmet Us ve Belediye Meclisi \u00fcyeleri, yap\u0131m\u0131 yeni biten Kapal\u0131 Pazar Yeri\u2019nde incelemelerde bulundu.<\/p>\n<p>\u015euhut Sanayi Sitesi yolu istikametinde bulunan ve toplam 2 milyon 600 lira maliyeti olan 10 bin metrekare alana sahip pazar yerinde incelemelerde bulunan Ba\u015fkan Vekili Us ve Meclis \u00fcyeleri, \u00e7al\u0131\u015fmalar\u0131 s\u00fcrd\u00fcren personellerden bilgiler ald\u0131. \u015euhut Belediyesine ba\u011fl\u0131 zab\u0131ta ekipleri de Ba\u015fkan Vekili Us ve Belediye Meclis \u00fcyelerine e\u015flik etti.<\/p>\n","protected":false},"excerpt":{"rendered":"<p>AFYONKARAH\u0130SAR \u015eUHUT \u0130L\u00c7E BELED\u0130YE BA\u015eKAN VEK\u0130L\u0130 MEHMET US VE BELED\u0130YE MECL\u0130S\u0130 \u00dcYELER\u0130 YAPIMI YEN\u0130 B\u0130TEN KAPALI PAZAR YER\u0130&#8217;NDE \u0130NCELEMELERDE BULUNDU.<\/p>\n","protected":false},"author":1,"featured_media":0,"comment_status":"closed","ping_status":"open","sticky":false,"template":"","format":"standard","meta":{"jetpack_post_was_ever_published":false,"_jetpack_newsletter_access":"","_jetpack_dont_email_post_to_subs":false,"_jetpack_newsletter_tier_id":0,"_jetpack_memberships_contains_paywalled_content":false,"_jetpack_memberships_contains_paid_content":false,"footnotes":"","jetpack_publicize_message":"","jetpack_publicize_feature_enabled":true,"jetpack_social_post_already_shared":true,"jetpack_social_options":{"image_generator_settings":{"template":"highway","default_image_id":0,"font":"","enabled":false},"version":2}},"categories":[1],"tags":[100,134,19631,2004,1909,123,9635,9285,12050,488],"class_list":["post-175101","post","type-post","status-publish","format-standard","hentry","category-genel","tag-baskan","tag-belediye","tag-incelemesi","tag-kapali","tag-meclis","tag-pazar","tag-suhutta","tag-uyelerinden","tag-vekili","tag-yeri"],"jetpack_publicize_connections":[],"jetpack_featured_media_url":"","jetpack_sharing_enabled":true,"jetpack_shortlink":"https:\/\/wp.me\/paKIfm-Jyd","_links":{"self":[{"href":"http:\/\/www.tvturk.com\/index.php\/wp-json\/wp\/v2\/posts\/175101","targetHints":{"allow":["GET"]}}],"collection":[{"href":"http:\/\/www.tvturk.com\/index.php\/wp-json\/wp\/v2\/posts"}],"about":[{"href":"http:\/\/www.tvturk.com\/index.php\/wp-json\/wp\/v2\/types\/post"}],"author":[{"embeddable":true,"href":"http:\/\/www.tvturk.com\/index.php\/wp-json\/wp\/v2\/users\/1"}],"replies":[{"embeddable":true,"href":"http:\/\/www.tvturk.com\/index.php\/wp-json\/wp\/v2\/comments?post=175101"}],"version-history":[{"count":0,"href":"http:\/\/www.tvturk.com\/index.php\/wp-json\/wp\/v2\/posts\/175101\/revisions"}],"wp:attachment":[{"href":"http:\/\/www.tvturk.com\/index.php\/wp-json\/wp\/v2\/media?parent=175101"}],"wp:term":[{"taxonomy":"category","embeddable":true,"href":"http:\/\/www.tvturk.com\/index.php\/wp-json\/wp\/v2\/categories?post=175101"},{"taxonomy":"post_tag","embeddable":true,"href":"http:\/\/www.tvturk.com\/index.php\/wp-json\/wp\/v2\/tags?post=175101"}],"curies":[{"name":"wp","href":"https:\/\/api.w.org\/{rel}","templated":true}]}}