{"id":175125,"date":"2019-06-28T12:01:49","date_gmt":"2019-06-28T09:01:49","guid":{"rendered":"http:\/\/www.tvturk.com\/index.php\/unlu-otellerin-sefleri-hayata-saril-lokantasinda-evsizler-icin-yemek-pisirdi\/"},"modified":"2019-06-28T12:01:49","modified_gmt":"2019-06-28T09:01:49","slug":"unlu-otellerin-sefleri-hayata-saril-lokantasinda-evsizler-icin-yemek-pisirdi","status":"publish","type":"post","link":"http:\/\/www.tvturk.com\/index.php\/unlu-otellerin-sefleri-hayata-saril-lokantasinda-evsizler-icin-yemek-pisirdi\/","title":{"rendered":"\u00dcnl\u00fc otellerin \u015fefleri, Hayata Sar\u0131l Lokantas\u0131nda evsizler i\u00e7in yemek pi\u015firdi"},"content":{"rendered":"<p>\u00dcnl\u00fc \u015fefler, Beyo\u011flu\u2019ndaki \u201cHayata Sar\u0131l Lokantas\u0131\u201d \u2019\u0131nda evsizler i\u00e7in yemek pi\u015firdi.<\/p>\n<p>Beyo\u011flu\u2019nda hayat\u0131n\u0131 boyunca ya\u015fad\u0131\u011f\u0131 zorluklardan sonra evsiz kalarak d\u0131\u015far\u0131da ya\u015fam\u0131n\u0131 s\u00fcrd\u00fcren 52 ya\u015f\u0131ndaki Ay\u015fe T\u00fckr\u00fck\u00e7\u00fc, hayata ge\u00e7irdi\u011fi \u201cHayata Sar\u0131l Lokantas\u0131\u201d ile ya\u015fama tutundu. T\u00fckr\u00fck\u00e7\u00fc lokantay\u0131 a\u00e7t\u0131ktan sonra evsizler i\u00e7in yemek pi\u015firmeye ba\u015flad\u0131. Onun bu \u00e7abas\u0131n\u0131 g\u00f6ren i\u015f insanlar\u0131 da ona ve evsizlere yard\u0131m elini uzatmak i\u00e7in harekete ge\u00e7ti.<\/p>\n<p>Bu kapsamda T\u00fcrkiye\u2019nin \u00fcnl\u00fc bir otel grubuyla i\u015fbirli\u011fine imza atan Ay\u015fe T\u00fckr\u00fck\u00e7\u00fc, otelin \u00fcnl\u00fc \u015fefleriyle \u201cHayata Sar\u0131l Lokantas\u0131\u2019nda\u201d evsizlere yemek pi\u015firdi. \u00dcnl\u00fc \u015fefler Necati \u00d6z\u00e7elik ve Emre \u00d6ztop ile destek veren i\u015f kad\u0131n\u0131 Ay\u015feg\u00fcl Ulu\u00e7, lokantan\u0131n mutfa\u011f\u0131na girerek evsizlere yemek pi\u015firdi. Her ay belirlenen iki otelin \u015fefleri bir g\u00fcn boyunca \u201cHayata Sar\u0131l Lokantas\u0131\u2019nda\u201d \u00f6zel bir men\u00fcy\u00fc pi\u015firiyor ve servis ediyor. G\u00fcn boyu gelen misafirlerin sat\u0131n ald\u0131\u011f\u0131 bu men\u00fcden elde edilen gelir Hayata Sar\u0131l Lokantas\u0131\u2019n\u0131n b\u00fct\u00e7esine destek olmak i\u00e7in kullan\u0131l\u0131yor. Radisson Hotel Group T\u00fcrkiye ekibinin belirledi\u011fi \u00e7er\u00e7evede olu\u015fturulan destek kampanyas\u0131nda bu y\u0131l \u201cHayata Sar\u0131l Lokantas\u0131\u2019na\u201d 8 ayl\u0131k pi\u015firme program\u0131 olu\u015fturuldu. May\u0131s ay\u0131nda ilk, Haziran ay\u0131nda ise ikincisi etkinlik ger\u00e7ekle\u015ftirildi.<\/p>\n<p>\u201c\u0130\u015fsizlerimiz, evsizler bu lokantadan \u00fccretsiz olarak faydalanabiliyor\u201d<\/p>\n<p>Radisson Hotel Group Sorumlu \u0130\u015fletmecilik T\u00fcrkiye Koordinat\u00f6r\u00fc \u0130lhan Akp\u0131nar, \u201cY\u0131l sonuna kadar her otelimizden iki \u015fefimiz buraya gelip, burada g\u0131da deste\u011fi ve ayn\u0131 zamanda bu yemeklerin pi\u015firilmesini, g\u00fcn boyunca misafirlerimize sunulmas\u0131n\u0131 alakal\u0131 bir hizmet sunuyoruz. Ayn\u0131 zamanda bu saat 18.30-19.00\u2019a kadar devam eden bir organizasyondur. Bu s\u00fcre zarf\u0131nda normal misafirler burada \u00fccretlerini \u00f6deyerek servis alabiliyor. Sonra da i\u015fsizlerimiz, evsizler bu lokantadan \u00fccretsiz olarak faydalanabiliyor. D\u0131\u015far\u0131dan tedarik etti\u011fimiz, kendi b\u00fct\u00e7emizle ald\u0131\u011f\u0131m\u0131z g\u0131dalar\u0131m\u0131z\u0131, otellerimizde haz\u0131rlayarak buraya h\u0131zl\u0131 bir \u015fekilde servis ederek yine s\u0131cakl\u0131\u011f\u0131n\u0131 bozmayarak haz\u0131r bir \u015fekilde misafirlerimize sunaca\u011f\u0131z\u201d dedi.<\/p>\n<p>\u201cAsk\u0131da yemek kavram\u0131n\u0131n \u00fclkemizde yay\u0131nla\u015fmas\u0131 i\u00e7in \u00e7ok \u00f6nemli\u201d<\/p>\n<p>Influencer ve i\u015f kad\u0131n\u0131 Ay\u015feg\u00fcl Ulu\u00e7 da, \u201cBu t\u00fcr sosyal sorumluluk projelerine destek vermeyi seviyorum. \u00c7\u00fcnk\u00fc bizim gibi influence eden insanlar oldu\u011fu s\u00fcrece bu tip programlar daha da yayg\u0131nla\u015fabiliyor. O y\u00fczden de \u015fu an buraday\u0131z. Bu projeyi ilk duydu\u011fumda \u00e7ok etkilendim. Ay\u015fe han\u0131m ger\u00e7ekten iyi bir fikir d\u00fc\u015f\u00fcnm\u00fc\u015f. Ask\u0131da yemek kavram\u0131n\u0131n \u00fclkemizde yayg\u0131nla\u015fmas\u0131 i\u00e7in \u00e7ok \u00f6nemli bir proje, bunu da destekliyoruz o y\u00fczden buraday\u0131z. Bu projeyi planland\u0131\u011f\u0131m\u0131zdan bu yana sosyal medyada da duyurduk\u201d ifadelerini kulland\u0131.<\/p>\n","protected":false},"excerpt":{"rendered":"<p>\u00dcNL\u00dc \u015eEFLER, BEYO\u011eLU\u2019NDAK\u0130 \u201cHAYATA SARIL LOKANTASI\u201d &#8216;INDA EVS\u0130ZLER \u0130\u00c7\u0130N YEMEK P\u0130\u015e\u0130RD\u0130.<\/p>\n","protected":false},"author":1,"featured_media":0,"comment_status":"closed","ping_status":"open","sticky":false,"template":"","format":"standard","meta":{"jetpack_post_was_ever_published":false,"_jetpack_newsletter_access":"","_jetpack_dont_email_post_to_subs":false,"_jetpack_newsletter_tier_id":0,"_jetpack_memberships_contains_paywalled_content":false,"_jetpack_memberships_contains_paid_content":false,"footnotes":"","jetpack_publicize_message":"","jetpack_publicize_feature_enabled":true,"jetpack_social_post_already_shared":true,"jetpack_social_options":{"image_generator_settings":{"template":"highway","default_image_id":0,"font":"","enabled":false},"version":2}},"categories":[1],"tags":[37896,4467,44,9850,39038,22041,42637,11928,5590,4709],"class_list":["post-175125","post","type-post","status-publish","format-standard","hentry","category-genel","tag-evsizler","tag-hayata","tag-icin","tag-lokantasinda","tag-otellerin","tag-pisirdi","tag-saril","tag-sefleri","tag-unlu","tag-yemek"],"jetpack_publicize_connections":[],"jetpack_featured_media_url":"","jetpack_sharing_enabled":true,"jetpack_shortlink":"https:\/\/wp.me\/paKIfm-JyB","_links":{"self":[{"href":"http:\/\/www.tvturk.com\/index.php\/wp-json\/wp\/v2\/posts\/175125","targetHints":{"allow":["GET"]}}],"collection":[{"href":"http:\/\/www.tvturk.com\/index.php\/wp-json\/wp\/v2\/posts"}],"about":[{"href":"http:\/\/www.tvturk.com\/index.php\/wp-json\/wp\/v2\/types\/post"}],"author":[{"embeddable":true,"href":"http:\/\/www.tvturk.com\/index.php\/wp-json\/wp\/v2\/users\/1"}],"replies":[{"embeddable":true,"href":"http:\/\/www.tvturk.com\/index.php\/wp-json\/wp\/v2\/comments?post=175125"}],"version-history":[{"count":0,"href":"http:\/\/www.tvturk.com\/index.php\/wp-json\/wp\/v2\/posts\/175125\/revisions"}],"wp:attachment":[{"href":"http:\/\/www.tvturk.com\/index.php\/wp-json\/wp\/v2\/media?parent=175125"}],"wp:term":[{"taxonomy":"category","embeddable":true,"href":"http:\/\/www.tvturk.com\/index.php\/wp-json\/wp\/v2\/categories?post=175125"},{"taxonomy":"post_tag","embeddable":true,"href":"http:\/\/www.tvturk.com\/index.php\/wp-json\/wp\/v2\/tags?post=175125"}],"curies":[{"name":"wp","href":"https:\/\/api.w.org\/{rel}","templated":true}]}}