{"id":175147,"date":"2019-06-28T12:31:39","date_gmt":"2019-06-28T09:31:39","guid":{"rendered":"http:\/\/www.tvturk.com\/index.php\/yesilbogaz-turkiye-2018de-aihm-basvurularinda-7-bin-100-dosya-ile-4uncu-sirada-yer-aldi\/"},"modified":"2019-06-28T12:31:39","modified_gmt":"2019-06-28T09:31:39","slug":"yesilbogaz-turkiye-2018de-aihm-basvurularinda-7-bin-100-dosya-ile-4uncu-sirada-yer-aldi","status":"publish","type":"post","link":"http:\/\/www.tvturk.com\/index.php\/yesilbogaz-turkiye-2018de-aihm-basvurularinda-7-bin-100-dosya-ile-4uncu-sirada-yer-aldi\/","title":{"rendered":"Ye\u015filbo\u011faz: \u201cT\u00fcrkiye 2018\u2019de A\u0130HM ba\u015fvurular\u0131nda 7 bin 100 dosya ile 4\u2019\u00fcnc\u00fc s\u0131rada yer ald\u0131\u201d"},"content":{"rendered":"<p>MERS\u0130N (\u0130HA) \u2013 \u2018Barolar\u0131n ve Avukatlar\u0131n Avrupa \u0130nsan Haklar\u0131 Standartlar\u0131 Konusunda Kapasitesinin G\u00fc\u00e7lendirilmesi Projesi\u2019nin Londra\u2019da yap\u0131lan ikinci \u00e7al\u0131\u015fma toplant\u0131s\u0131na kat\u0131lan Mersin Barosu Ba\u015fkan\u0131 Bilgin Ye\u015filbo\u011faz, T\u00fcrkiye\u2019nin A\u0130HM ba\u015fvurular\u0131nda 7 bin 100 dosya ile 4\u2019\u00fcnc\u00fc s\u0131rada oldu\u011funu s\u00f6yledi. Ye\u015filbo\u011faz, \u201cAdil yarg\u0131lanma hakk\u0131 ve ifade \u00f6zg\u00fcrl\u00fc\u011f\u00fc ihlalinde ba\u015f\u0131 \u00e7ekiyoruz. \u0130nsanlar haklar\u0131 konusunda dokunulmazl\u0131\u011fa sahiptir\u201d dedi.<\/p>\n<p>T\u00fcrkiye Barolar Birli\u011fi\u2019nin (TBB) ana faydalan\u0131c\u0131s\u0131 oldu\u011fu, Avrupa Birli\u011fi ve Avrupa Konseyi Ortak Projesi olan, \u2018Barolar\u0131n ve Avukatlar\u0131n Avrupa \u0130nsan Haklar\u0131 Standartlar\u0131 Konusunda Kapasitesinin G\u00fc\u00e7lendirilmesi Projesi\u2019 kapsam\u0131nda d\u00fczenlenen ikinci \u00e7al\u0131\u015fma ziyareti, 24-28 Haziran 2019 tarihleri aras\u0131nda Londra\u2019da ger\u00e7ekle\u015fti. Barolar\u0131n insan haklar\u0131 merkezlerinin etkin bir \u015fekilde faaliyet g\u00f6stermelerini sa\u011flamak amac\u0131yla Londra\u2019da d\u00fczenlenen \u0130nsan Haklar\u0131 E\u011fitim Merkezi \u00e7al\u0131\u015fmalar\u0131na, Mersin Barosu Ba\u015fkan\u0131 Bilgin Ye\u015filbo\u011faz, TBB Y\u00f6netim Kurulu \u00dcyeleri, di\u011fer pilot barolar Ankara, \u0130stanbul, \u0130zmir, Van, Diyarbak\u0131r ve Trabzon Barolar\u0131n\u0131n temsilcileri ile Avrupa \u0130nsan Haklar\u0131 Mahkemesi komisyon \u00fcyeleri kat\u0131ld\u0131.<\/p>\n<p>Mersin Barosu\u2019ndan yap\u0131lan a\u00e7\u0131klamaya g\u00f6re, \u00e7al\u0131\u015fma ziyareti kapsam\u0131nda avukatlar, Londra B\u00f6lge Destek Birimi\u2019ndeki b\u00f6lgesel mahkeme ve Birle\u015fik Krall\u0131k Y\u00fcksek Mahkemesi\u2019ne kat\u0131larak, Londra Audrey House\u2019da insan haklar\u0131 \u00e7al\u0131\u015fmalar\u0131n\u0131 izledi. \u0130ngiltere ve Galler \u0130nsan Haklar\u0131 Kurulu, \u0130ngiltere ve Galler Hukuk Toplumu, Monckton odalar\u0131, Essex \u00dcniversitesi\u2019nde ise Hukuk Klini\u011fi, \u0130nsan Haklar\u0131 Klini\u011fi, \u0130\u015f ve \u0130nsan Haklar\u0131 Merkezi ve Silahl\u0131 \u00c7at\u0131\u015fma Bilgi Merkezi ziyaret edilerek, oralarda yap\u0131lan \u00e7al\u0131\u015fmalar hakk\u0131nda bilgiler al\u0131nd\u0131. Ayr\u0131ca avukatlar i\u00e7in Y\u00fcksek Mahkeme rehberli\u011finde Parlamento Meydan\u0131 turu d\u00fczenlendi.<\/p>\n<p>\u201cT\u00fcrkiye hakk\u0131nda 2018 sonunda A\u0130HM g\u00fcndeminde i\u015flem g\u00f6ren veya g\u00f6rmeyi bekleyen 7 bin 100 dava ba\u015fvurusu bulunuyor\u201d<\/p>\n<p>\u00c7al\u0131\u015fma ziyaretini de\u011ferlendiren Baro Ba\u015fkan\u0131 Ye\u015filbo\u011faz, \u201c\u0130nsanlar, haklar\u0131 konusunda dokunulmazl\u0131\u011fa sahiptir. Bu dokunulmazl\u0131\u011f\u0131 Avrupa mahkemelerinde g\u00f6rmek m\u00fcmk\u00fcn. Ancak \u00fclkemizde \u00e7ok fazla ya\u015fanan insan hak ihlalleri, Avrupa \u0130nsan Haklar\u0131 Mahkemesi\u2019nin (A\u0130HM) 2018 bilan\u00e7osunda a\u00e7\u0131k\u00e7a belirtilmi\u015ftir. Rapora g\u00f6re; T\u00fcrkiye 2018\u2019i A\u0130HM \u00f6n\u00fcnde, hakk\u0131nda en fazla dava ba\u015fvurusu olan d\u00f6rd\u00fcnc\u00fc \u00fclke olarak tamamlad\u0131. T\u00fcrkiye hakk\u0131nda 2018 sonunda A\u0130HM g\u00fcndeminde i\u015flem g\u00f6ren veya g\u00f6rmeyi bekleyen toplam 7 bin 100 dava ba\u015fvurusu bulunuyor. T\u00fcrkiye, A\u0130HM ba\u015fvurular\u0131nda adil yarg\u0131lanma hakk\u0131 ve ifade \u00f6zg\u00fcrl\u00fc\u011f\u00fcn\u00fcn ihlalinde ba\u015f\u0131 \u00e7ekiyor. Ayr\u0131ca insan haklar\u0131 alan\u0131nda, art\u0131k \u015firketlerin de do\u011frudan veya dolayl\u0131 olarak u\u011frad\u0131\u011f\u0131 insan haklar\u0131 ihlalleri de tart\u0131\u015f\u0131l\u0131yor\u201d diye konu\u015ftu.<\/p>\n<p>\u201c\u0130nsan haklar\u0131, t\u00fcm d\u00fcnya insanlar\u0131 i\u00e7in kabul edilen haklard\u0131r\u201d<\/p>\n<p>T\u00fcrkiye\u2019de yasalarda var olan kurallar\u0131n pratikte uygulanarak, insan haklar\u0131n\u0131n kapsaml\u0131 bir \u015fekilde daha nitelikli bir boyut kazanmas\u0131 gerekti\u011fine vurgu yapan Ye\u015filbo\u011faz, \u201cYasalarda kurallar a\u00e7\u0131k\u00e7a belirtilmesine ra\u011fmen, h\u00fck\u00fcmetlerin kas\u0131t veya ihmal i\u00e7eren eylemlerde bulunmalar\u0131, insan haklar\u0131 ihlali say\u0131lmaktad\u0131r. \u0130nsan haklar\u0131 sadece belli bir zamanda, belli bir \u00fclkede ya\u015fayan insanlar i\u00e7in bir tak\u0131m anayasa ve yasalarla tan\u0131nan hak ve \u00f6zg\u00fcrl\u00fckleri de\u011fil, t\u00fcm insanlar i\u00e7in tan\u0131nmas\u0131 gereken hak ve \u00f6zg\u00fcrl\u00fckleri ifade etmektedir. Ki\u015fi hak ve \u00f6zg\u00fcrl\u00fckleri, bireylere devlet taraf\u0131ndan ba\u011f\u0131\u015flanan haklar de\u011fildir, hukuken devletten \u00f6nce de var olan haklard\u0131r. Her devletin hukuk d\u00fczeni, haklarla ilgili farkl\u0131 d\u00fczenlemeler i\u00e7erse de insan haklar\u0131, t\u00fcm d\u00fcnya insanlar\u0131 i\u00e7in kabul edilen haklard\u0131r. Devletin g\u00f6revi, bu hak ve \u00f6zg\u00fcrl\u00fckleri g\u00fcvence alt\u0131na almak ve insanlar\u0131n yararlanmalar\u0131n\u0131 sa\u011flamak \u00fczere gerekli ortam ve \u015fartlar\u0131 haz\u0131rlamakt\u0131r\u201d ifadelerini kulland\u0131.<\/p>\n<p>\u201c\u0130nsan haklar\u0131n\u0131n korunmas\u0131, bar\u0131\u015f\u0131n \u00f6n ko\u015fuludur\u201d<\/p>\n<p>T\u00fcrkiye\u2019de insan haklar\u0131n\u0131n korunmas\u0131na acil olarak \u00f6ncelik verilmesi gerekti\u011fini belirten Ye\u015filbo\u011faz, \u201c\u0130nsan haklar\u0131n\u0131 g\u00f6zard\u0131 etmek ve hor g\u00f6rmek, insanl\u0131\u011f\u0131n vicdan\u0131nda ve toplumda infial uyand\u0131rmaktad\u0131r. \u0130nsan haklar\u0131, ulusal, uluslararas\u0131 ve b\u00f6lgesel boyutuyla kesintisiz ve daha da iyile\u015ftirerek, daima korunup kollanmak zorundad\u0131r. \u00c7\u00fcnk\u00fc insan haklar\u0131n\u0131n korunmas\u0131, bar\u0131\u015f\u0131n \u00f6n ko\u015fuludur. \u00dclkemizdeki insan haklar\u0131 ihlallerinin \u00f6nlenmesi i\u00e7in hukuk\u00e7ular\u0131n, siyaset\u00e7ilerin, sivil toplum kurulu\u015flar\u0131n\u0131n ve b\u00fct\u00fcn toplumun birlikte m\u00fccadele etmesi, birlikte hareket etmesi gerekmektedir\u201d \u015feklinde konu\u015ftu.<\/p>\n","protected":false},"excerpt":{"rendered":"<p>\u2018BAROLARIN VE AVUKATLARIN AVRUPA \u0130NSAN HAKLARI STANDARTLARI KONUSUNDA KAPAS\u0130TES\u0130N\u0130N G\u00dc\u00c7LEND\u0130R\u0130LMES\u0130 PROJES\u0130\u2019N\u0130N LONDRA\u2019DA YAPILAN \u0130K\u0130NC\u0130 \u00c7ALI\u015eMA TOPLANTISINA KATILAN MERS\u0130N BAROSU BA\u015eKANI B\u0130LG\u0130N YE\u015e\u0130LBO\u011eAZ, T\u00dcRK\u0130YE\u2019N\u0130N A\u0130HM BA\u015eVURULARINDA 7 B\u0130N 100 DOSYA \u0130LE 4\u2019\u00dcNC\u00dc SIRADA OLDU\u011eUNU S\u00d6YLED\u0130. YE\u015e\u0130LBO\u011eAZ, \u201cAD\u0130L YARGILANMA HAKKI VE \u0130FADE \u00d6ZG\u00dcRL\u00dc\u011e\u00dc \u0130HLAL\u0130NDE BA\u015eI \u00c7EK\u0130YORUZ. \u0130NSANLAR HAKLARI KONUSUNDA DOKUNULMAZLI\u011eA SAH\u0130PT\u0130R\u201d DED\u0130.<\/p>\n","protected":false},"author":1,"featured_media":0,"comment_status":"closed","ping_status":"open","sticky":false,"template":"","format":"standard","meta":{"jetpack_post_was_ever_published":false,"_jetpack_newsletter_access":"","_jetpack_dont_email_post_to_subs":false,"_jetpack_newsletter_tier_id":0,"_jetpack_memberships_contains_paywalled_content":false,"_jetpack_memberships_contains_paid_content":false,"footnotes":"","jetpack_publicize_message":"","jetpack_publicize_feature_enabled":true,"jetpack_social_post_already_shared":true,"jetpack_social_options":{"image_generator_settings":{"template":"highway","default_image_id":0,"font":"","enabled":false},"version":2}},"categories":[1],"tags":[2127,4517,19595,42646,1075,12350,213,3190,192,8870,453,4243,9176],"class_list":["post-175147","post","type-post","status-publish","format-standard","hentry","category-genel","tag-2127","tag-2018de","tag-4uncu","tag-aihm","tag-aldi","tag-basvurularinda","tag-bin","tag-dosya","tag-ile","tag-sirada","tag-turkiye","tag-yer","tag-yesilbogaz"],"jetpack_publicize_connections":[],"jetpack_featured_media_url":"","jetpack_sharing_enabled":true,"jetpack_shortlink":"https:\/\/wp.me\/paKIfm-JyX","_links":{"self":[{"href":"http:\/\/www.tvturk.com\/index.php\/wp-json\/wp\/v2\/posts\/175147","targetHints":{"allow":["GET"]}}],"collection":[{"href":"http:\/\/www.tvturk.com\/index.php\/wp-json\/wp\/v2\/posts"}],"about":[{"href":"http:\/\/www.tvturk.com\/index.php\/wp-json\/wp\/v2\/types\/post"}],"author":[{"embeddable":true,"href":"http:\/\/www.tvturk.com\/index.php\/wp-json\/wp\/v2\/users\/1"}],"replies":[{"embeddable":true,"href":"http:\/\/www.tvturk.com\/index.php\/wp-json\/wp\/v2\/comments?post=175147"}],"version-history":[{"count":0,"href":"http:\/\/www.tvturk.com\/index.php\/wp-json\/wp\/v2\/posts\/175147\/revisions"}],"wp:attachment":[{"href":"http:\/\/www.tvturk.com\/index.php\/wp-json\/wp\/v2\/media?parent=175147"}],"wp:term":[{"taxonomy":"category","embeddable":true,"href":"http:\/\/www.tvturk.com\/index.php\/wp-json\/wp\/v2\/categories?post=175147"},{"taxonomy":"post_tag","embeddable":true,"href":"http:\/\/www.tvturk.com\/index.php\/wp-json\/wp\/v2\/tags?post=175147"}],"curies":[{"name":"wp","href":"https:\/\/api.w.org\/{rel}","templated":true}]}}