{"id":175173,"date":"2019-06-28T13:16:26","date_gmt":"2019-06-28T10:16:26","guid":{"rendered":"http:\/\/www.tvturk.com\/index.php\/aydindan-kirsal-mahallelerle-ilgi-aciklama\/"},"modified":"2019-06-28T13:16:26","modified_gmt":"2019-06-28T10:16:26","slug":"aydindan-kirsal-mahallelerle-ilgi-aciklama","status":"publish","type":"post","link":"http:\/\/www.tvturk.com\/index.php\/aydindan-kirsal-mahallelerle-ilgi-aciklama\/","title":{"rendered":"Ayd\u0131n\u2019dan k\u0131rsal mahallelerle ilgi a\u00e7\u0131klama"},"content":{"rendered":"<p>Yeni\u015fehir Belediye Ba\u015fkan\u0131 Davut Ayd\u0131n, k\u0131rsal mahallelerde yap\u0131lan hizmetlerle ilgili \u00f6nemli a\u00e7\u0131klamalarda bulundu.<\/p>\n<p>Bursa B\u00fcy\u00fck\u015fehir Belediyesi Yol \u0130\u015fleri \u015eube M\u00fcd\u00fcrl\u00fc\u011f\u00fc ve Belediye Fen \u0130\u015fleri M\u00fcd\u00fcrl\u00fc\u011f\u00fc taraf\u0131ndan Karabahad\u0131r Mahallesi ba\u011flant\u0131 yolunun sathi asfalt kaplamas\u0131n\u0131n bug\u00fcn itibariyle tamamland\u0131\u011f\u0131n\u0131 ifade eden Ba\u015fkan Davut Ayd\u0131n, Ak\u00e7ap\u0131nar Mahallesinde de mahalle i\u00e7i yollar ile Mobilya OSB ba\u011flant\u0131 yolunun astar\u0131n\u0131n at\u0131ld\u0131\u011f\u0131n\u0131, sathi kaplamas\u0131n\u0131n da yap\u0131laca\u011f\u0131n\u0131 s\u00f6yledi. Yat\u0131r\u0131mlar\u0131n Bursa B\u00fcy\u00fck\u015fehir Belediyesiyle kar\u015f\u0131l\u0131kl\u0131 i\u015fbirli\u011fi i\u00e7erisinde h\u0131zla tamamlanaca\u011f\u0131n\u0131 belirten Belediye Ba\u015fkan\u0131 Davut Ayd\u0131n, \u201cBir yandan yar\u0131m kalan alt yap\u0131 ve asfaltlama \u00e7al\u0131\u015fmalar\u0131 devam ederken, di\u011fer taraftan il\u00e7emizin g\u00fczelle\u015fmesi daha modern ve ye\u015fil bir g\u00f6r\u00fcnt\u00fc kazanmas\u0131na y\u00f6nelik faaliyetlerimiz devam etmektedir. \u0130l\u00e7emizin k\u00f6y\u00fcnde de merkezinde de asfaltlanmam\u0131\u015f ya da parke ta\u015f\u0131 d\u00f6\u015fenmemi\u015f alan kalmayacakt\u0131r\u201d dedi.<\/p>\n","protected":false},"excerpt":{"rendered":"<p>YEN\u0130\u015eEH\u0130R BELED\u0130YE BA\u015eKANI DAVUT AYDIN, KIRSAL MAHALLELERDE YAPILAN H\u0130ZMETLERLE \u0130LG\u0130L\u0130 \u00d6NEML\u0130 A\u00c7IKLAMALARDA BULUNDU.<\/p>\n","protected":false},"author":1,"featured_media":0,"comment_status":"closed","ping_status":"open","sticky":false,"template":"","format":"standard","meta":{"jetpack_post_was_ever_published":false,"_jetpack_newsletter_access":"","_jetpack_dont_email_post_to_subs":false,"_jetpack_newsletter_tier_id":0,"_jetpack_memberships_contains_paywalled_content":false,"_jetpack_memberships_contains_paid_content":false,"footnotes":"","jetpack_publicize_message":"","jetpack_publicize_feature_enabled":true,"jetpack_social_post_already_shared":true,"jetpack_social_options":{"image_generator_settings":{"template":"highway","default_image_id":0,"font":"","enabled":false},"version":2}},"categories":[1],"tags":[3349,7743,1726,4977,42658],"class_list":["post-175173","post","type-post","status-publish","format-standard","hentry","category-genel","tag-aciklama","tag-aydindan","tag-ilgi","tag-kirsal","tag-mahallelerle"],"jetpack_publicize_connections":[],"jetpack_featured_media_url":"","jetpack_sharing_enabled":true,"jetpack_shortlink":"https:\/\/wp.me\/paKIfm-Jzn","_links":{"self":[{"href":"http:\/\/www.tvturk.com\/index.php\/wp-json\/wp\/v2\/posts\/175173","targetHints":{"allow":["GET"]}}],"collection":[{"href":"http:\/\/www.tvturk.com\/index.php\/wp-json\/wp\/v2\/posts"}],"about":[{"href":"http:\/\/www.tvturk.com\/index.php\/wp-json\/wp\/v2\/types\/post"}],"author":[{"embeddable":true,"href":"http:\/\/www.tvturk.com\/index.php\/wp-json\/wp\/v2\/users\/1"}],"replies":[{"embeddable":true,"href":"http:\/\/www.tvturk.com\/index.php\/wp-json\/wp\/v2\/comments?post=175173"}],"version-history":[{"count":0,"href":"http:\/\/www.tvturk.com\/index.php\/wp-json\/wp\/v2\/posts\/175173\/revisions"}],"wp:attachment":[{"href":"http:\/\/www.tvturk.com\/index.php\/wp-json\/wp\/v2\/media?parent=175173"}],"wp:term":[{"taxonomy":"category","embeddable":true,"href":"http:\/\/www.tvturk.com\/index.php\/wp-json\/wp\/v2\/categories?post=175173"},{"taxonomy":"post_tag","embeddable":true,"href":"http:\/\/www.tvturk.com\/index.php\/wp-json\/wp\/v2\/tags?post=175173"}],"curies":[{"name":"wp","href":"https:\/\/api.w.org\/{rel}","templated":true}]}}