{"id":175199,"date":"2019-06-28T13:31:53","date_gmt":"2019-06-28T10:31:53","guid":{"rendered":"http:\/\/www.tvturk.com\/index.php\/wild-edens-turkey-belgeseli-ozel-gosterimle-gulnarlilarla-bulustu\/"},"modified":"2019-06-28T13:31:53","modified_gmt":"2019-06-28T10:31:53","slug":"wild-edens-turkey-belgeseli-ozel-gosterimle-gulnarlilarla-bulustu","status":"publish","type":"post","link":"http:\/\/www.tvturk.com\/index.php\/wild-edens-turkey-belgeseli-ozel-gosterimle-gulnarlilarla-bulustu\/","title":{"rendered":"\u201cWild Edens: Turkey\u201d belgeseli, \u00f6zel g\u00f6sterimle G\u00fclnarl\u0131larla bulu\u015ftu"},"content":{"rendered":"<p>Rusya Devlet Atom Enerjisi Kurumu Rosatom taraf\u0131ndan hayata ge\u00e7irilen Wild Edens: Turkey (Vah\u015fi Cennetler: T\u00fcrkiye) belgeseli, Mersin merkezin ard\u0131ndan \u00f6zel g\u00f6sterimle G\u00fclnarl\u0131larla bulu\u015ftu.<\/p>\n<p>&#8220;Vah\u015fi Cennetler: T\u00fcrkiye&#8221; belgeselinin \u00f6zel g\u00f6sterimi, Rosatom ve Akkuyu N\u00fckleer A.\u015e. taraf\u0131ndan G\u00fclnar K\u00fclt\u00fcr Merkezi\u2019nde ger\u00e7ekle\u015ftirildi. Etkinli\u011fe, G\u00fclnar Kaymakam\u0131 Mustafa Ayvat, G\u00fclnar Belediye Ba\u015fkan\u0131 Alpaslan \u00dcn\u00fcvar, G\u00fclnar Milli E\u011fitim M\u00fcd\u00fcr\u00fc Fatih Burgut, Akkuyu N\u00fckleer Mersin Toplum Bilgilendirme Merkezi Ba\u015fkan\u0131 Eyyup L\u00fctfi Sar\u0131c\u0131, Ziraat Odas\u0131 Ba\u015fkan\u0131 Hacer Emi\u015f I\u015f\u0131k ile kamu kurum ve kurulu\u015flar\u0131, STK temsilcileri, G\u00fclnar halk\u0131 ve filmden \u00f6nce sevdikleri hayvanlar\u0131 \u00f6zel bir boyama duvar\u0131nda boyayarak keyifli vakit ge\u00e7iren \u00e7ocuklar kat\u0131ld\u0131.<\/p>\n<p>\u201c\u00c7a\u011f\u0131m\u0131z\u0131n en b\u00fcy\u00fck ve ortak sorunu ile hep birlikte m\u00fccadele etmeliyiz\u201d<\/p>\n<p>Belgesel g\u00f6sterimi \u00f6ncesinde bir konu\u015fma yapan Kaymakam Ayvat, \u201cBug\u00fcn burada hepimize gelece\u011fimize, d\u00fcnyam\u0131za, \u00e7ocuklar\u0131m\u0131za kar\u015f\u0131 olan sorumluluklar\u0131m\u0131z\u0131 hat\u0131rlatan \u00e7ok \u00f6zel bir film g\u00f6sterimi i\u00e7in bir araya geldik. K\u00fcresel \u0131s\u0131nma, insanl\u0131\u011f\u0131n kar\u015f\u0131 kar\u015f\u0131ya kald\u0131\u011f\u0131 en ciddi zorluklardan biri. Bu y\u00fczden \u00e7a\u011f\u0131m\u0131z\u0131n en b\u00fcy\u00fck ve ortak sorunu ile hep birlikte m\u00fccadele etmeliyiz. Bu, hepimizin ortak sorunu; evlatlar\u0131m\u0131za b\u0131rakaca\u011f\u0131m\u0131z d\u00fcnyaya kar\u015f\u0131 sorumlulu\u011fumuz\u201d dedi.<\/p>\n<p>\u201cN\u00fckleer enerji, iklim de\u011fi\u015fikli\u011fiyle m\u00fccadele i\u00e7in \u00f6nemlidir\u201d<\/p>\n<p>Akkuyu N\u00fckleer Mersin Toplum Bilgilendirme Merkezi Ba\u015fkan\u0131 Sar\u0131c\u0131 da, \u201cBitki ve hayvan \u00e7e\u015fitlili\u011fini korumak i\u00e7in gerekli olan s\u00fcrd\u00fcr\u00fclebilir kalk\u0131nmaya katk\u0131da bulunan n\u00fckleer enerji, iklim de\u011fi\u015fikli\u011fiyle m\u00fccadele i\u00e7in \u00f6nemlidir\u201d diye konu\u015ftu.<\/p>\n<p>Sar\u0131c\u0131, temiz, karbon i\u00e7ermeyen enerji \u00fcretiminde d\u00fcnya lideri olan Rus \u015firketi Rosatom\u2019un, ortak ya\u015fam alanlar\u0131n\u0131n korunmas\u0131 konusundaki sorumlulu\u011funu yerine getirmek amac\u0131yla benzersiz bir proje olan Vah\u015fi Cennetler Projesi\u2019ni ba\u015flatt\u0131\u011f\u0131n\u0131 s\u00f6yledi. Rosatom\u2019un bu proje ile iki hedef belirledi\u011fini kaydeden Sar\u0131c\u0131, s\u00f6zlerine \u015f\u00f6yle devam etti:<\/p>\n<p>\u201cBu belgesellerde ilk olarak, uluslararas\u0131 kamuoyunun dikkatini, el de\u011fmemi\u015f ve \u00e7o\u011funlukla e\u015fi benzeri olmayan do\u011fan\u0131n g\u00fczelli\u011fine \u00e7ekmek istiyor. \u0130kinci olarak ise k\u00fcresel izleyiciye insan faaliyetlerinin y\u0131k\u0131c\u0131 sonu\u00e7lar\u0131n\u0131, bu do\u011fal ortama nas\u0131l zarar verebilece\u011fini hat\u0131rlatmaya \u00e7al\u0131\u015f\u0131yor.\u201d<\/p>\n<p>Etkinlikte, filmin T\u00fcrk\u00e7e versiyonunu seslendiren \u00fcnl\u00fc tiyatro oyuncusu Erdal K\u00fc\u00e7\u00fckk\u00f6m\u00fcrc\u00fc ise video mesaj\u0131nda G\u00fclnar halk\u0131na \u015f\u00f6yle seslendi:<\/p>\n<p>\u201cT\u00fcrkiye\u2019nin vah\u015fi cennetlerini ke\u015ffetmek i\u00e7in \u00e7ok g\u00fczel bir f\u0131rsat sunan bu filmde, iklim de\u011fi\u015fikli\u011finin t\u00fcm d\u00fcnyay\u0131 nas\u0131l tehdit etti\u011fi de usta bir dille yans\u0131t\u0131l\u0131yor. Vah\u015fi Cennetler Projesi, \u2018Ge\u00e7 olmadan sahip oldu\u011fumuz do\u011fal zenginliklerimize sahip \u00e7\u0131kmak i\u00e7in harekete ge\u00e7menin tam zaman\u0131\u2019 diyor.\u201d<\/p>\n<p>\u201cHalk\u0131m\u0131z\u0131n bu \u00f6nemli mesaj\u0131 ald\u0131\u011f\u0131n\u0131 d\u00fc\u015f\u00fcn\u00fcyorum\u201d<\/p>\n<p>Vah\u015fi Cennetler: T\u00fcrkiye\u2019yi izledikten sonra izlenimlerini payla\u015fan G\u00fclnar Belediye Ba\u015fkan\u0131 \u00dcn\u00fcvar da, \u201cBu belgeseli haz\u0131rlatan Rosatom\u2019a te\u015fekk\u00fcr ediyorum. \u00dclkemizde bu kadar g\u00fczel canl\u0131lar\u0131n oldu\u011funu \u00f6\u011frenmek bizlere sevin\u00e7 verdi. Bununla birlikte k\u00fcresel \u0131s\u0131nman\u0131n da bu canl\u0131lar i\u00e7in nas\u0131l bir tehlike bar\u0131nd\u0131rd\u0131\u011f\u0131n\u0131 g\u00f6rd\u00fck. Son y\u0131llarda, yak\u0131n \u00e7evremizde de ani ya\u011f\u0131\u015flar\u0131n, sel bask\u0131nlar\u0131n\u0131n atmosferdeki de\u011fi\u015fimlerden, sera gazlar\u0131ndan dolay\u0131 oldu\u011funu biliyoruz. Dolay\u0131s\u0131yla halk\u0131m\u0131z\u0131n bu \u00f6nemli mesaj\u0131 ald\u0131\u011f\u0131n\u0131 d\u00fc\u015f\u00fcn\u00fcyorum. \u00c7ok te\u015fekk\u00fcr ediyorum\u201d ifadelerini kulland\u0131.<\/p>\n<p>G\u00fclnarl\u0131 27 ya\u015f\u0131ndaki Derya U\u00e7tu da \u015funlar\u0131 s\u00f6yledi:<\/p>\n<p>\u201cBiz belgeseli 2 \u00e7ocu\u011fumla birlikte keyifle izledik ve \u00e7ok be\u011fendik. \u00c7ocuklar\u0131m daha \u00e7ok e\u011flendi. Hem belgesel izlediler hem de boyama yapt\u0131lar. G\u00fclnar\u2019da b\u00f6yle dikkat \u00e7ekici bir etkinlik yap\u0131ld\u0131\u011f\u0131 i\u00e7in \u00e7ok memnunuz.\u201d<\/p>\n<p>G\u00fcnlar\u2019da polis memurlu\u011fu yapan 34 ya\u015f\u0131ndaki Kas\u0131m \u00c7\u0131lg\u0131n\u00f6z\u00fc ise \u201c\u00dclkenin tan\u0131t\u0131m\u0131 i\u00e7in ger\u00e7ekten \u00e7ok g\u00fczel bir belgesel. Hem \u00e7ocuklar hem de bizim i\u00e7in keyifli ve bilgilendirici bir program oldu. N\u00fckleer enerjinin iklim de\u011fi\u015fikli\u011fi ve k\u00fcresel \u0131s\u0131nmadaki olumlu rol\u00fcne dikkat \u00e7ekildi. \u00d6zellikle son zamanlarda n\u00fckleer santrallerin hep olumsuz y\u00f6nleri g\u00fcndeme geldi. \u0130nsanlara \u2018do\u011fa yok olacak\u2019 diye empoze ediliyor ama burada tam tersi bir durum s\u00f6z konusu. N\u00fckleer enerji do\u011fam\u0131z i\u00e7in olmazsa olmazd\u0131r\u201d \u015feklinde konu\u015ftu.<\/p>\n<p>G\u00fclnar Anadolu Lisesi M\u00fcd\u00fcr\u00fc 43 ya\u015f\u0131ndaki Murat T\u00fcrker ise \u201cVah\u015fi do\u011fayla ilgili ilgi \u00e7ekici bir g\u00f6sterimdi. Do\u011fal dengenin bozulmamas\u0131 gerekti\u011fini s\u00f6yledi. Biz de buna inan\u0131yoruz. \u00d6zellikle n\u00fckleerin bu dengeyi bozmayaca\u011f\u0131na inan\u0131yoruz. \u0130klim de\u011fi\u015fikli\u011fi son zamanlarda \u00fclkemizin en b\u00fcy\u00fck sorunu\u201d dedi.<\/p>\n<p>Film hakk\u0131nda<\/p>\n<p>Wild Edens (Vah\u015fi Cennetler) serisinin ikinci filmi olan ve T\u00fcrkiye\u2019ye adanan Vah\u015fi Cennetler: T\u00fcrkiye, T\u00fcrkiye\u2019nin 7 b\u00f6lgesindeki e\u015fi benzeri olmayan do\u011fal ya\u015fam alanlar\u0131ndaki bitki \u00f6rt\u00fcs\u00fc ile hayvanlar\u0131na odaklan\u0131yor. Kas\u0131m 2018\u2019de Ankara\u2019da d\u00fcnya galas\u0131 ger\u00e7ekle\u015ftirilen belgesel filmi, Kars sulak arazisi, Mersin b\u00f6lgesi ve Akdeniz k\u0131y\u0131 \u015feridini de kapsayan alanlarda \u00e7ekildi. \u00dc\u00e7 aydan uzun bir s\u00fcrede \u00e7ekilen Vah\u015fi Cennetler: T\u00fcrkiye belgesel filmi, T\u00fcrkiye\u2019nin yan\u0131 s\u0131ra, Avrupa ve Afrika \u00fclkelerinde de yay\u0131nland\u0131. K\u00fcresel \u0131s\u0131nmaya kar\u015f\u0131 m\u00fccadeleye adanm\u0131\u015f belgesel serisinin \u00fc\u00e7\u00fcnc\u00fc filmi Wild Edens: South Asia (Vah\u015fi Cennetler: G\u00fcney Asya) ise ge\u00e7ti\u011fimiz Mart ay\u0131nda izleyiciyle bulu\u015ftu.<\/p>\n<p>Vah\u015fi Cennetler belgesel filmi, iklim de\u011fi\u015fikli\u011fi ile m\u00fccadeleye sa\u011flad\u0131\u011f\u0131 katk\u0131lar ile uluslararas\u0131 otoriteler taraf\u0131ndan da \u00f6d\u00fcllendirildi. Wild Edens: Russia (Vah\u015fi Cennetler: Rusya) belgeseli, sosyal sorumluluk \u00e7er\u00e7evesinde en iyi g\u00f6rsel-i\u015fitsel yap\u0131mlar\u0131n \u00f6d\u00fcllendirildi\u011fi 8\u2019inci Deauville Green Awards\u2019da \u2019\u0130klim De\u011fi\u015fikli\u011fi ile M\u00fccadele ve Adaptasyon\u2019 kategorisinde g\u00fcm\u00fc\u015f \u00f6d\u00fcle lay\u0131k g\u00f6r\u00fcld\u00fc.<\/p>\n","protected":false},"excerpt":{"rendered":"<p>RUSYA DEVLET ATOM ENERJ\u0130S\u0130 KURUMU ROSATOM TARAFINDAN HAYATA GE\u00c7\u0130R\u0130LEN W\u0130LD EDENS: TURKEY (VAH\u015e\u0130 CENNETLER: T\u00dcRK\u0130YE) BELGESEL\u0130, MERS\u0130N MERKEZ\u0130N ARDINDAN \u00d6ZEL G\u00d6STER\u0130MLE G\u00dcLNARLILARLA BULU\u015eTU.<\/p>\n","protected":false},"author":1,"featured_media":0,"comment_status":"closed","ping_status":"open","sticky":false,"template":"","format":"standard","meta":{"jetpack_post_was_ever_published":false,"_jetpack_newsletter_access":"","_jetpack_dont_email_post_to_subs":false,"_jetpack_newsletter_tier_id":0,"_jetpack_memberships_contains_paywalled_content":false,"_jetpack_memberships_contains_paid_content":false,"footnotes":"","jetpack_publicize_message":"","jetpack_publicize_feature_enabled":true,"jetpack_social_post_already_shared":true,"jetpack_social_options":{"image_generator_settings":{"template":"highway","default_image_id":0,"font":"","enabled":false},"version":2}},"categories":[1],"tags":[42670,1073,11065,389,42671,42672,42673,27218],"class_list":["post-175199","post","type-post","status-publish","format-standard","hentry","category-genel","tag-wild","tag-ozel","tag-belgeseli","tag-bulustu","tag-edens","tag-gosterimle","tag-gulnarlilarla","tag-turkey"],"jetpack_publicize_connections":[],"jetpack_featured_media_url":"","jetpack_sharing_enabled":true,"jetpack_shortlink":"https:\/\/wp.me\/paKIfm-JzN","_links":{"self":[{"href":"http:\/\/www.tvturk.com\/index.php\/wp-json\/wp\/v2\/posts\/175199","targetHints":{"allow":["GET"]}}],"collection":[{"href":"http:\/\/www.tvturk.com\/index.php\/wp-json\/wp\/v2\/posts"}],"about":[{"href":"http:\/\/www.tvturk.com\/index.php\/wp-json\/wp\/v2\/types\/post"}],"author":[{"embeddable":true,"href":"http:\/\/www.tvturk.com\/index.php\/wp-json\/wp\/v2\/users\/1"}],"replies":[{"embeddable":true,"href":"http:\/\/www.tvturk.com\/index.php\/wp-json\/wp\/v2\/comments?post=175199"}],"version-history":[{"count":0,"href":"http:\/\/www.tvturk.com\/index.php\/wp-json\/wp\/v2\/posts\/175199\/revisions"}],"wp:attachment":[{"href":"http:\/\/www.tvturk.com\/index.php\/wp-json\/wp\/v2\/media?parent=175199"}],"wp:term":[{"taxonomy":"category","embeddable":true,"href":"http:\/\/www.tvturk.com\/index.php\/wp-json\/wp\/v2\/categories?post=175199"},{"taxonomy":"post_tag","embeddable":true,"href":"http:\/\/www.tvturk.com\/index.php\/wp-json\/wp\/v2\/tags?post=175199"}],"curies":[{"name":"wp","href":"https:\/\/api.w.org\/{rel}","templated":true}]}}