{"id":175223,"date":"2019-06-28T14:17:04","date_gmt":"2019-06-28T11:17:04","guid":{"rendered":"http:\/\/www.tvturk.com\/index.php\/m-basaksehir-furkan-soylapi-transfer-etti\/"},"modified":"2019-06-28T14:17:04","modified_gmt":"2019-06-28T11:17:04","slug":"m-basaksehir-furkan-soylapi-transfer-etti","status":"publish","type":"post","link":"http:\/\/www.tvturk.com\/index.php\/m-basaksehir-furkan-soylapi-transfer-etti\/","title":{"rendered":"M. Ba\u015fak\u015fehir, Furkan Soylap\u2019i transfer etti"},"content":{"rendered":"<p>Medipol Ba\u015fak\u015fehir, Bursaspor ile s\u00f6zle\u015fmesi biten 24 ya\u015f\u0131ndaki orta saha oyuncusu Furkan Soyalp ile 4 y\u0131ll\u0131k s\u00f6zle\u015fme imzalad\u0131.<\/p>\n<p>Geride kalan sezonda Spor Toto S\u00fcper Ligi ikinci s\u0131rada tamamlayan Medipol Ba\u015fak\u015fehir, yeni sezonda Teknik Direkt\u00f6r Okan Buruk ile \u00e7\u0131kt\u0131\u011f\u0131 yolda transfer \u00e7al\u0131\u015fmalar\u0131na devam ediyor. Turuncu-lacivertliler bu kapsamda son olarak Bursaspor\u2019da forma giyen 24 ya\u015f\u0131ndaki futbolcu Furkan Soyalp\u2019i kadrosuna katt\u0131. \u0130stanbul ekibi, oyuncunun s\u00f6zle\u015fmesi bitti\u011fi i\u00e7in Bursa\u2019ya bonservis bedeli \u00f6demeyecek. Transfer, turuncu-lacivertli kul\u00fcb\u00fcn sosyal medya hesab\u0131ndan yap\u0131lan payla\u015f\u0131mla duyuruldu. Soyunma odas\u0131ndan \u00e7ekilen videoda Furkan, &#8220;Art\u0131k bende Ba\u015fak\u015fehir ailesindenim. Yeni vizyon, ayn\u0131 hedef&#8221; ifadelerini kulland\u0131.<\/p>\n<p>\u0130nternet sitesinden konuyla ilgili yap\u0131lan a\u00e7\u0131klamada ise, &#8220;Kul\u00fcb\u00fcm\u00fcz, son olarak Bursaspor kul\u00fcb\u00fcnde oynayan orta saha oyuncusu Furkan Soyalp ile 4 y\u0131ll\u0131k s\u00f6zle\u015fme imzalad\u0131. \u0130mza t\u00f6reninde kul\u00fcp CEO\u2019muz Mustafa Er\u00f6\u011f\u00fct yer ald\u0131. Furkan Soyalp\u2019e ho\u015f geldin diyor, turuncu-lacivertli formam\u0131zla ba\u015far\u0131lar diliyoruz&#8221; denildi.<\/p>\n<p>Ba\u015fak\u015fehir\u2019de 25 numaral\u0131 formay\u0131 terletecek olan gen\u00e7 futbolcu, geride kalan sezonda ye\u015fil-beyazl\u0131 forma ile 13 S\u00fcper Lig, 1 de T\u00fcrkiye Kupas\u0131\u2019nda forma giydi. Furkan, bir d\u00f6nem kiral\u0131k olarak Band\u0131rmaspor\u2019da oynam\u0131\u015ft\u0131.<\/p>\n<p>Ba\u015fak\u015fehir, daha \u00f6nce de Aziz Behich ile Fredrik Gulbrandsen\u2019i kadrosuna katt\u0131.<\/p>\n","protected":false},"excerpt":{"rendered":"<p>MED\u0130POL BA\u015eAK\u015eEH\u0130R, BURSASPOR \u0130LE S\u00d6ZLE\u015eMES\u0130 B\u0130TEN 24 YA\u015eINDAK\u0130 ORTA SAHA OYUNCUSU FURKAN SOYALP \u0130LE 4 YILLIK S\u00d6ZLE\u015eME \u0130MZALADI.<\/p>\n","protected":false},"author":1,"featured_media":0,"comment_status":"closed","ping_status":"open","sticky":false,"template":"","format":"standard","meta":{"jetpack_post_was_ever_published":false,"_jetpack_newsletter_access":"","_jetpack_dont_email_post_to_subs":false,"_jetpack_newsletter_tier_id":0,"_jetpack_memberships_contains_paywalled_content":false,"_jetpack_memberships_contains_paid_content":false,"footnotes":"","jetpack_publicize_message":"","jetpack_publicize_feature_enabled":true,"jetpack_social_post_already_shared":true,"jetpack_social_options":{"image_generator_settings":{"template":"highway","default_image_id":0,"font":"","enabled":false},"version":2}},"categories":[657],"tags":[6004,207,19402,42679,2518],"class_list":["post-175223","post","type-post","status-publish","format-standard","hentry","category-spor","tag-basaksehir","tag-etti","tag-furkan","tag-soylapi","tag-transfer"],"jetpack_publicize_connections":[],"jetpack_featured_media_url":"","jetpack_sharing_enabled":true,"jetpack_shortlink":"https:\/\/wp.me\/paKIfm-JAb","_links":{"self":[{"href":"http:\/\/www.tvturk.com\/index.php\/wp-json\/wp\/v2\/posts\/175223","targetHints":{"allow":["GET"]}}],"collection":[{"href":"http:\/\/www.tvturk.com\/index.php\/wp-json\/wp\/v2\/posts"}],"about":[{"href":"http:\/\/www.tvturk.com\/index.php\/wp-json\/wp\/v2\/types\/post"}],"author":[{"embeddable":true,"href":"http:\/\/www.tvturk.com\/index.php\/wp-json\/wp\/v2\/users\/1"}],"replies":[{"embeddable":true,"href":"http:\/\/www.tvturk.com\/index.php\/wp-json\/wp\/v2\/comments?post=175223"}],"version-history":[{"count":0,"href":"http:\/\/www.tvturk.com\/index.php\/wp-json\/wp\/v2\/posts\/175223\/revisions"}],"wp:attachment":[{"href":"http:\/\/www.tvturk.com\/index.php\/wp-json\/wp\/v2\/media?parent=175223"}],"wp:term":[{"taxonomy":"category","embeddable":true,"href":"http:\/\/www.tvturk.com\/index.php\/wp-json\/wp\/v2\/categories?post=175223"},{"taxonomy":"post_tag","embeddable":true,"href":"http:\/\/www.tvturk.com\/index.php\/wp-json\/wp\/v2\/tags?post=175223"}],"curies":[{"name":"wp","href":"https:\/\/api.w.org\/{rel}","templated":true}]}}