{"id":175239,"date":"2019-06-28T14:46:26","date_gmt":"2019-06-28T11:46:26","guid":{"rendered":"http:\/\/www.tvturk.com\/index.php\/yabanci-turistlere-ingilizce-afisli-uyari\/"},"modified":"2019-06-28T14:46:26","modified_gmt":"2019-06-28T11:46:26","slug":"yabanci-turistlere-ingilizce-afisli-uyari","status":"publish","type":"post","link":"http:\/\/www.tvturk.com\/index.php\/yabanci-turistlere-ingilizce-afisli-uyari\/","title":{"rendered":"Yabanc\u0131 turistlere \u0130ngilizce afi\u015fli uyar\u0131"},"content":{"rendered":"<p>Marmaris\u2019te, ka\u00e7ak tur sat\u0131\u015f\u0131yla m\u00fccadele kapsam\u0131nda T\u00dcRSAB Marmaris taraf\u0131ndan kentin 6 farkl\u0131 noktas\u0131na \u0130ngilizce yaz\u0131l\u0131 bilgilendirme afi\u015fleri as\u0131ld\u0131. \u201cParan\u0131z\u0131 ve zaman\u0131n\u0131z\u0131 riske etmeyin. Turlar\u0131n\u0131z\u0131 yetkisiz yerlerden almay\u0131n. Tehlikenin fark\u0131na var\u0131n. T\u00dcRSAB \u00fcyesi acentalar\u0131 tercih edin\u201d yaz\u0131l\u0131 afi\u015flerle ka\u00e7ak tur sat\u0131\u015flar\u0131n\u0131n \u00f6n\u00fcne ge\u00e7ilmek isteniyor.<\/p>\n<p>Mu\u011fla\u2019n\u0131n Marmaris il\u00e7esinde T\u00fcrkiye Seyahat Acentalar\u0131 Birli\u011fi (T\u00dcRSAB) Marmaris B\u00f6lgesel Y\u00fcr\u00fctme Kurulu ka\u00e7ak tur sat\u0131\u015flar\u0131na y\u00f6nelik farkl\u0131 bir \u00e7al\u0131\u015fma ba\u015flatt\u0131. Kentin i\u015flek ve yabanc\u0131 turistlerin g\u00fczergah\u0131 olan noktalara ka\u00e7ak tur sat\u0131\u015f\u0131 hakk\u0131nda \u0130ngilizce bilgilendirme afi\u015fi ast\u0131. \u0130ngilizce \u2018Dikkat\u2019 ba\u015fl\u0131\u011f\u0131 ile ba\u015flayan \u201cParan\u0131z\u0131 ve zaman\u0131n\u0131z\u0131 riske etmeyin. Turlar\u0131n\u0131z\u0131 yetkisiz yerlerden almay\u0131n. Tehlikenin fark\u0131na var\u0131n. T\u00dcRSAB \u00fcyesi acentalar\u0131 tercih edin\u201d yaz\u0131l\u0131 afi\u015flerin as\u0131lmas\u0131yla ka\u00e7ak tur sat\u0131\u015flar\u0131n\u0131n \u00f6n\u00fcne ge\u00e7ilmesi ama\u00e7lan\u0131yor.<\/p>\n<p>\u201cAfi\u015flerin faydas\u0131 olacakt\u0131r\u201d<\/p>\n<p>Konuyla ilgili T\u00dcRSAB Marmaris B\u00f6lgesel Y\u00fcr\u00fctme Kurulu Ba\u015fkan\u0131 Suat Esin, g\u00f6reve geldikleri 11 ayl\u0131k s\u00fcre zarf\u0131 boyunca ka\u00e7ak tur sat\u0131\u015flar\u0131yla m\u00fccadele ettiklerini belirterek, \u201cKa\u00e7ak tur sat\u0131\u015flar\u0131yla ilgili m\u00fccadelemizi g\u00f6reve geldi\u011fimiz 11 ayl\u0131k s\u00fcre zarf\u0131nda s\u00fcrd\u00fcrd\u00fck. Bunu biz biliyoruz ama yabanc\u0131 turistler bilmiyorlar. Yani sahilde gezerken, bir stantta tur ald\u0131klar\u0131nda bunun yasal oldu\u011funu d\u00fc\u015f\u00fcnebilirler. Oturduk d\u00fc\u015f\u00fcnd\u00fck, ta\u015f\u0131nd\u0131k dedik ki b\u00f6yle bir uygulama yapal\u0131m. \u0130ngilizce bilgilendirme yapt\u0131k, \u015fu anda 7 afi\u015fimiz var. Afi\u015flerimizin 6\u2019s\u0131n\u0131 asm\u0131\u015f bulunmaktay\u0131z. Yabanc\u0131 turistler bu afi\u015fleri mutlaka okuyacaklard\u0131r. Bir nebze de olsa faydas\u0131 olacakt\u0131r. Bunun as\u0131l amac\u0131 \u00fc\u00e7 g\u00fcn, be\u015f g\u00fcnl\u00fck de\u011fil. Sezon boyunca as\u0131ld\u0131\u011f\u0131 noktalar de\u011fi\u015ftirilmek suretiyle \u015fehrin \u00e7e\u015fitli yerlerinde as\u0131l\u0131 kalacak\u201d dedi.<\/p>\n","protected":false},"excerpt":{"rendered":"<p>YABANCI TUR\u0130STLERE \u0130NG\u0130L\u0130ZCE AF\u0130\u015eL\u0130 UYARI<\/p>\n","protected":false},"author":1,"featured_media":0,"comment_status":"closed","ping_status":"open","sticky":false,"template":"","format":"standard","meta":{"jetpack_post_was_ever_published":false,"_jetpack_newsletter_access":"","_jetpack_dont_email_post_to_subs":false,"_jetpack_newsletter_tier_id":0,"_jetpack_memberships_contains_paywalled_content":false,"_jetpack_memberships_contains_paid_content":false,"footnotes":"","jetpack_publicize_message":"","jetpack_publicize_feature_enabled":true,"jetpack_social_post_already_shared":true,"jetpack_social_options":{"image_generator_settings":{"template":"highway","default_image_id":0,"font":"","enabled":false},"version":2}},"categories":[1],"tags":[42686,9972,38769,4084,4069],"class_list":["post-175239","post","type-post","status-publish","format-standard","hentry","category-genel","tag-afisli","tag-ingilizce","tag-turistlere","tag-uyari","tag-yabanci"],"jetpack_publicize_connections":[],"jetpack_featured_media_url":"","jetpack_sharing_enabled":true,"jetpack_shortlink":"https:\/\/wp.me\/paKIfm-JAr","_links":{"self":[{"href":"http:\/\/www.tvturk.com\/index.php\/wp-json\/wp\/v2\/posts\/175239","targetHints":{"allow":["GET"]}}],"collection":[{"href":"http:\/\/www.tvturk.com\/index.php\/wp-json\/wp\/v2\/posts"}],"about":[{"href":"http:\/\/www.tvturk.com\/index.php\/wp-json\/wp\/v2\/types\/post"}],"author":[{"embeddable":true,"href":"http:\/\/www.tvturk.com\/index.php\/wp-json\/wp\/v2\/users\/1"}],"replies":[{"embeddable":true,"href":"http:\/\/www.tvturk.com\/index.php\/wp-json\/wp\/v2\/comments?post=175239"}],"version-history":[{"count":0,"href":"http:\/\/www.tvturk.com\/index.php\/wp-json\/wp\/v2\/posts\/175239\/revisions"}],"wp:attachment":[{"href":"http:\/\/www.tvturk.com\/index.php\/wp-json\/wp\/v2\/media?parent=175239"}],"wp:term":[{"taxonomy":"category","embeddable":true,"href":"http:\/\/www.tvturk.com\/index.php\/wp-json\/wp\/v2\/categories?post=175239"},{"taxonomy":"post_tag","embeddable":true,"href":"http:\/\/www.tvturk.com\/index.php\/wp-json\/wp\/v2\/tags?post=175239"}],"curies":[{"name":"wp","href":"https:\/\/api.w.org\/{rel}","templated":true}]}}