{"id":175251,"date":"2019-06-28T14:47:26","date_gmt":"2019-06-28T11:47:26","guid":{"rendered":"http:\/\/www.tvturk.com\/index.php\/ogretmenlere-arama-kurtarma-egitimi-verildi\/"},"modified":"2019-06-28T14:47:26","modified_gmt":"2019-06-28T11:47:26","slug":"ogretmenlere-arama-kurtarma-egitimi-verildi","status":"publish","type":"post","link":"http:\/\/www.tvturk.com\/index.php\/ogretmenlere-arama-kurtarma-egitimi-verildi\/","title":{"rendered":"\u00d6\u011fretmenlere arama kurtarma e\u011fitimi verildi"},"content":{"rendered":"<p>Afyonkarahisar \u0130l Afet ve Acil Durum M\u00fcd\u00fcrl\u00fc\u011f\u00fc (AFAD) ile \u0130l Milli E\u011fitimi M\u00fcd\u00fcrl\u00fc\u011f\u00fc aras\u0131nda yap\u0131lan i\u015fbirli\u011fi kapsam\u0131nda \u00f6\u011fretmenlerden olu\u015fturulan arama kurtarma ekibine e\u011fitim verilerek tatbikat yapt\u0131r\u0131ld\u0131.<\/p>\n<p>\u0130\u00e7i\u015fleri Bakanl\u0131\u011f\u0131 ile Milli E\u011fitim Bakanl\u0131\u011f\u0131\u2019n\u0131n Afet ve Acil Durum E\u011fitimi Hizmetleri aras\u0131nda imzalanan protokol kapsam\u0131nda Afyonkarahisar\u2019da Milli E\u011fitim M\u00fcd\u00fcrl\u00fc\u011f\u00fc\u2019ne ba\u011fl\u0131 okullarda g\u00f6rev yapan \u00f6\u011fretmenlerden 25 ki\u015filik arama ve kurtarma timleri olu\u015fturuldu. 25 \u00f6\u011fretmene 32 saat s\u00fcre ile arama ve kurtarma \u00e7al\u0131\u015fmalar\u0131na y\u00f6nelik temel afet bilinci ve hafif arama kurtarma e\u011fitimleri verildi. AFAD \u0130l M\u00fcd\u00fcrl\u00fc\u011f\u00fc E\u011fitim alan\u0131nda bulunan enkazda arama kurtarma tekniklerinin uyguland\u0131\u011f\u0131 tatbikatta k\u00f6pekler de kullan\u0131ld\u0131.<\/p>\n<p>DO\u011eAL AFETLERDE \u00d6\u011eRETMENLER\u0130M\u0130ZDEN FAYDALANMAK \u0130ST\u0130YORUZ<\/p>\n<p>E\u011fitimlerle ilgili konu\u015fan \u0130l Milli E\u011fitim M\u00fcd\u00fcr\u00fc Metin Yal\u00e7\u0131n, afetlerde \u00f6\u011fretmenlerden faydalanmak istediklerini s\u00f6yledi. M\u00fcd\u00fcr Yal\u00e7\u0131n \u015f\u00f6yle konu\u015ftu;<\/p>\n<p>\u201cAFAD M\u00fcd\u00fcrl\u00fc\u011f\u00fcm\u00fcz ile yapt\u0131\u011f\u0131m\u0131z bir protokol \u00e7er\u00e7evesinde \u00f6\u011fretmen arkada\u015flar\u0131m\u0131z\u0131 bir e\u011fitime tabi tuttuk. Bu arkada\u015flar\u0131m\u0131z g\u00f6n\u00fcll\u00fcl\u00fck esas\u0131 ile gelen \u00f6\u011fretmenlerimiz. Arama kurtarma \u00e7al\u0131\u015fmalar\u0131 yapmalar\u0131, bu konuyla ilgili temel bilgileri edinmeleri i\u00e7in buradalar. Do\u011fal afetlerle kar\u015f\u0131 kar\u015f\u0131ya kald\u0131\u011f\u0131m\u0131z anlarda \u00f6\u011fretmenlerimizden faydalanmak istiyoruz.\u201d<\/p>\n<p>AFAD \u0130l M\u00fcd\u00fcr\u00fc Mehmet Buldan da, \u00f6\u011fretmenlerden 2 tim olu\u015fturduklar\u0131n\u0131 belirtti. Olu\u015fturduklar\u0131 timi tamamen g\u00f6n\u00fcll\u00fc ki\u015filerden olu\u015fturduklar\u0131n\u0131 alt\u0131n\u0131 \u00e7izen Buldan; \u201c\u00c7al\u0131\u015fmalara kat\u0131lan g\u00f6n\u00fcll\u00fclerden 25 ki\u015filik \u00f6\u011fretmen ekibi se\u00e7ildi. \u0130ki tim olu\u015fturduk bu arkada\u015flardan. Bu timdeki arkada\u015flara 4 g\u00fcn boyunca arama kurtarma alan\u0131nda hafif arama kurtarma olarak adland\u0131rd\u0131\u011f\u0131m\u0131z bilgiler aktar\u0131ld\u0131. Bu arkada\u015flara hem teorik hem de pratik e\u011fitimler verildi\u201d dedi.<\/p>\n<p>E\u011fitimlere kat\u0131lan 25 \u00f6\u011fretmene sertifikalar da\u011f\u0131t\u0131ld\u0131.<\/p>\n","protected":false},"excerpt":{"rendered":"<p>AFYONKARAH\u0130SAR \u0130L AFET VE AC\u0130L DURUM M\u00dcD\u00dcRL\u00dc\u011e\u00dc (AFAD) \u0130LE \u0130L M\u0130LL\u0130 E\u011e\u0130T\u0130M\u0130 M\u00dcD\u00dcRL\u00dc\u011e\u00dc ARASINDA YAPILAN \u0130\u015eB\u0130RL\u0130\u011e\u0130 KAPSAMINDA \u00d6\u011eRETMENLERDEN OLU\u015eTURULAN ARAMA KURTARMA EK\u0130B\u0130NE E\u011e\u0130T\u0130M VER\u0130LEREK TATB\u0130KAT YAPTIRILDI.<\/p>\n","protected":false},"author":1,"featured_media":0,"comment_status":"closed","ping_status":"open","sticky":false,"template":"","format":"standard","meta":{"jetpack_post_was_ever_published":false,"_jetpack_newsletter_access":"","_jetpack_dont_email_post_to_subs":false,"_jetpack_newsletter_tier_id":0,"_jetpack_memberships_contains_paywalled_content":false,"_jetpack_memberships_contains_paid_content":false,"footnotes":"","jetpack_publicize_message":"","jetpack_publicize_feature_enabled":true,"jetpack_social_post_already_shared":true,"jetpack_social_options":{"image_generator_settings":{"template":"highway","default_image_id":0,"font":"","enabled":false},"version":2}},"categories":[1],"tags":[1827,581,57,6448,634],"class_list":["post-175251","post","type-post","status-publish","format-standard","hentry","category-genel","tag-arama","tag-egitimi","tag-kurtarma","tag-ogretmenlere","tag-verildi"],"jetpack_publicize_connections":[],"jetpack_featured_media_url":"","jetpack_sharing_enabled":true,"jetpack_shortlink":"https:\/\/wp.me\/paKIfm-JAD","_links":{"self":[{"href":"http:\/\/www.tvturk.com\/index.php\/wp-json\/wp\/v2\/posts\/175251","targetHints":{"allow":["GET"]}}],"collection":[{"href":"http:\/\/www.tvturk.com\/index.php\/wp-json\/wp\/v2\/posts"}],"about":[{"href":"http:\/\/www.tvturk.com\/index.php\/wp-json\/wp\/v2\/types\/post"}],"author":[{"embeddable":true,"href":"http:\/\/www.tvturk.com\/index.php\/wp-json\/wp\/v2\/users\/1"}],"replies":[{"embeddable":true,"href":"http:\/\/www.tvturk.com\/index.php\/wp-json\/wp\/v2\/comments?post=175251"}],"version-history":[{"count":0,"href":"http:\/\/www.tvturk.com\/index.php\/wp-json\/wp\/v2\/posts\/175251\/revisions"}],"wp:attachment":[{"href":"http:\/\/www.tvturk.com\/index.php\/wp-json\/wp\/v2\/media?parent=175251"}],"wp:term":[{"taxonomy":"category","embeddable":true,"href":"http:\/\/www.tvturk.com\/index.php\/wp-json\/wp\/v2\/categories?post=175251"},{"taxonomy":"post_tag","embeddable":true,"href":"http:\/\/www.tvturk.com\/index.php\/wp-json\/wp\/v2\/tags?post=175251"}],"curies":[{"name":"wp","href":"https:\/\/api.w.org\/{rel}","templated":true}]}}