{"id":175255,"date":"2019-06-28T15:01:43","date_gmt":"2019-06-28T12:01:43","guid":{"rendered":"http:\/\/www.tvturk.com\/index.php\/klasik-araclar-buyukcekmecede\/"},"modified":"2019-06-28T15:01:43","modified_gmt":"2019-06-28T12:01:43","slug":"klasik-araclar-buyukcekmecede","status":"publish","type":"post","link":"http:\/\/www.tvturk.com\/index.php\/klasik-araclar-buyukcekmecede\/","title":{"rendered":"Klasik ara\u00e7lar B\u00fcy\u00fck\u00e7ekmece\u2019de"},"content":{"rendered":"<p>Filmlere konu olmu\u015f, zaman\u0131nda herkesin hayranl\u0131kla bakt\u0131\u011f\u0131, sahiplerinin \u00fczerine titredi\u011fi klasik ara\u00e7lar ile nostalji dolu bir yolculu\u011fa \u00e7\u0131kmak isteyenler \u201c2. Klasik Ara\u00e7 Festivali\u2019nde\u201d bulu\u015ftu.<\/p>\n<p>B\u00fcy\u00fck\u00e7ekmece T\u00dcYAP ve Kongre Fuar Merkezi\u2019nde d\u00fczenlenen festivalin a\u00e7\u0131l\u0131\u015f\u0131n\u0131 B\u00fcy\u00fck\u00e7ekmece Belediye Ba\u015fkan\u0131 Dr. Hasan Akg\u00fcn, T\u00fcrk sinemas\u0131n\u0131n emektar oyuncular\u0131ndan Nuri Al\u00e7o ile birlikte ger\u00e7ekle\u015ftirdi.<\/p>\n<p>\u201cHerkesi ge\u00e7mi\u015fini hat\u0131rlamaya davet ediyorum\u201d<\/p>\n<p>Kendisi de bir klasik araba tutkunu olan ve fuarda 2 klasik arabas\u0131 sergilenen B\u00fcy\u00fck\u00e7ekmece Belediye Ba\u015fkan\u0131 Dr. Hasan Akg\u00fcn, klasik otomobilciler federasyonuna ve eme\u011fi ge\u00e7en herkese te\u015fekk\u00fcr ederek \u015f\u00f6yle konu\u015ftu; \u201cHerkes \u00fc\u00e7 g\u00fcn boyunca burada ge\u00e7mi\u015fini hat\u0131rlayacak. Nuri Al\u00e7o\u2019nun arabalar\u0131n\u0131 g\u00f6recekler, Sadri Al\u0131\u015f\u0131k\u2019\u0131n, Hulusi Kentmen\u2019in T\u00fcrk sinemas\u0131nda bir\u00e7ok filmlerde kullan\u0131lan ara\u00e7lar\u0131 g\u00f6recekler. Herkes bir ge\u00e7mi\u015fe gidecek. Baz\u0131lar\u0131 ben gelinli\u011fim ile bu arabaya binmi\u015ftim, balay\u0131na bununla gitmi\u015ftik diyecek. Ge\u00e7mi\u015fi hat\u0131rlamak bazen \u00e7ok g\u00fczeldir, bazen de de\u011fildir. Ama bu otomobil fuar\u0131 veya klasik ara\u00e7lar fuar\u0131 1926\u2019dan bu yana i\u00e7inde b\u00fct\u00fcn ara\u00e7lar\u0131 bar\u0131nd\u0131r\u0131yor. Herkes burada ge\u00e7mi\u015finden \u00e7ok g\u00fczel an\u0131lar bulabiliyor. Herkesi B\u00fcy\u00fck\u00e7ekmece T\u00dcYAP Fuar Merkezi\u2019ne ikinci klasik ara\u00e7lar fuar\u0131nda kendi ge\u00e7mi\u015fini hat\u0131rlamaya davet ediyorum\u201d dedi.<\/p>\n<p>Nuri Al\u00e7o\u2019dan te\u015fekk\u00fcr<\/p>\n<p>Sanat\u00e7\u0131 Nuri Al\u00e7o, B\u00fcy\u00fck\u00e7ekmece Belediye Ba\u015fkan\u0131 Dr. Hasan Akg\u00fcn\u2019e te\u015fekk\u00fcr ederek \u015funlar\u0131 s\u00f6yledi: \u201cBa\u015fkan\u0131ma \u00e7ok te\u015fekk\u00fcr etmek istiyorum. B\u00f6yle bir fuar\u0131 kazand\u0131rd\u0131\u011f\u0131 i\u00e7in T\u00fcrk halk\u0131na. Ger\u00e7ekten \u00e7ok \u00f6nemli, b\u00f6yle klasik arabalar\u0131 yoksa g\u00f6rmeyecektik. 102 y\u0131ll\u0131k sinema hayat\u0131 boyunca sanat\u00e7\u0131lar\u0131n kulland\u0131klar\u0131 arabalar\u0131 burada g\u00f6rmek m\u00fcmk\u00fcn. Kat\u0131l\u0131mlarda art\u0131yor. Onun i\u00e7in ba\u015fkan\u0131ma \u00e7ok te\u015fekk\u00fcr ediyorum \u201ddedi.<\/p>\n<p>600\u2019den fazla klasik ara\u00e7 sergileniyor<\/p>\n<p>Antika Otomobil Federasyonu (AOF) taraf\u0131ndan d\u00fczenlenen\u201c2. Klasik Ara\u00e7 Festivali\u2019nin\u2019\u2019 a\u00e7\u0131l\u0131\u015f\u0131nda konu\u015fan AOF Genel Sekreteri \u0130lker Tayal\u0131, bu y\u0131l 20 bin ziyaret\u00e7i hedeflediklerini, ziyaret\u00e7ilerin Avrupa ve Amerika\u2019da yap\u0131lan klasik otomobil festivallerinin bir benzerini, belki de birebir minyat\u00fcr\u00fcn\u00fc yani klasik ara\u00e7larla ilgili her \u015feyi 30 Haziran ak\u015fam\u0131na kadar fuarda bulabileceklerini s\u00f6yledi.  600\u2019den fazla klasik otomobil, ticari ara\u00e7 ve motosikletin sergilendi\u011fi fuar 30 Haziran ak\u015fam\u0131na kadar a\u00e7\u0131k kalacak. Fuarda Hollywood ve Ye\u015fil\u00e7am \u00fcnl\u00fclerinin kulland\u0131klar\u0131 klasik ara\u00e7lar\u0131n yan\u0131 s\u0131ra zaman\u0131n\u0131n en h\u0131zl\u0131, en pahal\u0131, en eski, en yeni ve en \u00e7ok tercih edilen klasiklerini de otomobil severler ile bulu\u015fturacak.<\/p>\n","protected":false},"excerpt":{"rendered":"<p>F\u0130LMLERE KONU OLMU\u015e, ZAMANINDA HERKES\u0130N HAYRANLIKLA BAKTI\u011eI, SAH\u0130PLER\u0130N\u0130N \u00dcZER\u0130NE T\u0130TRED\u0130\u011e\u0130 KLAS\u0130K ARA\u00c7LAR \u0130LE NOSTALJ\u0130 DOLU B\u0130R YOLCULU\u011eA \u00c7IKMAK \u0130STEYENLER \u201c2. KLAS\u0130K ARA\u00c7 FEST\u0130VAL\u0130\u2019NDE\u201d BULU\u015eTU.<\/p>\n","protected":false},"author":1,"featured_media":0,"comment_status":"closed","ping_status":"open","sticky":false,"template":"","format":"standard","meta":{"jetpack_post_was_ever_published":false,"_jetpack_newsletter_access":"","_jetpack_dont_email_post_to_subs":false,"_jetpack_newsletter_tier_id":0,"_jetpack_memberships_contains_paywalled_content":false,"_jetpack_memberships_contains_paid_content":false,"footnotes":"","jetpack_publicize_message":"","jetpack_publicize_feature_enabled":true,"jetpack_social_post_already_shared":true,"jetpack_social_options":{"image_generator_settings":{"template":"highway","default_image_id":0,"font":"","enabled":false},"version":2}},"categories":[1],"tags":[9274,5881,4614],"class_list":["post-175255","post","type-post","status-publish","format-standard","hentry","category-genel","tag-araclar","tag-buyukcekmecede","tag-klasik"],"jetpack_publicize_connections":[],"jetpack_featured_media_url":"","jetpack_sharing_enabled":true,"jetpack_shortlink":"https:\/\/wp.me\/paKIfm-JAH","_links":{"self":[{"href":"http:\/\/www.tvturk.com\/index.php\/wp-json\/wp\/v2\/posts\/175255","targetHints":{"allow":["GET"]}}],"collection":[{"href":"http:\/\/www.tvturk.com\/index.php\/wp-json\/wp\/v2\/posts"}],"about":[{"href":"http:\/\/www.tvturk.com\/index.php\/wp-json\/wp\/v2\/types\/post"}],"author":[{"embeddable":true,"href":"http:\/\/www.tvturk.com\/index.php\/wp-json\/wp\/v2\/users\/1"}],"replies":[{"embeddable":true,"href":"http:\/\/www.tvturk.com\/index.php\/wp-json\/wp\/v2\/comments?post=175255"}],"version-history":[{"count":0,"href":"http:\/\/www.tvturk.com\/index.php\/wp-json\/wp\/v2\/posts\/175255\/revisions"}],"wp:attachment":[{"href":"http:\/\/www.tvturk.com\/index.php\/wp-json\/wp\/v2\/media?parent=175255"}],"wp:term":[{"taxonomy":"category","embeddable":true,"href":"http:\/\/www.tvturk.com\/index.php\/wp-json\/wp\/v2\/categories?post=175255"},{"taxonomy":"post_tag","embeddable":true,"href":"http:\/\/www.tvturk.com\/index.php\/wp-json\/wp\/v2\/tags?post=175255"}],"curies":[{"name":"wp","href":"https:\/\/api.w.org\/{rel}","templated":true}]}}