{"id":175305,"date":"2019-06-28T16:31:37","date_gmt":"2019-06-28T13:31:37","guid":{"rendered":"http:\/\/www.tvturk.com\/index.php\/kizil-kaplan-otu-koruma-altinda\/"},"modified":"2019-06-28T16:31:37","modified_gmt":"2019-06-28T13:31:37","slug":"kizil-kaplan-otu-koruma-altinda","status":"publish","type":"post","link":"http:\/\/www.tvturk.com\/index.php\/kizil-kaplan-otu-koruma-altinda\/","title":{"rendered":"K\u0131z\u0131l Kaplan otu koruma alt\u0131nda"},"content":{"rendered":"<p>D\u00fcnyada sadece Karaman\u2019da yeti\u015fen endemik bir bitki t\u00fcr\u00fcn\u00fcn tespit edildi\u011fi bildirildi.<\/p>\n<p>Karaman Do\u011fa Koruma ve Milli Parklar \u015eube M\u00fcd\u00fcrl\u00fc\u011f\u00fcnden bitki t\u00fcr\u00fcyle ilgili yap\u0131lan a\u00e7\u0131klamada, Karaman Do\u011fa Koruma ve Milli Parklar \u015eube M\u00fcd\u00fcrl\u00fc\u011f\u00fc koordinasyonunda uzmanlar taraf\u0131ndan ara\u015ft\u0131rmas\u0131 yap\u0131lan K\u0131z\u0131l Kaplan otunun, t\u00fcr eylem plan\u0131 \u00e7al\u0131\u015fmalar\u0131n\u0131n halen devam etmekte oldu\u011fu belirtildi. A\u00e7\u0131klaman\u0131n devam\u0131nda, Karaman\u2019a \u00f6zg\u00fc bir t\u00fcr olan ve Bucakk\u0131\u015fla, \u00c7ukur, A\u015fa\u011f\u0131 Ak\u0131n, Yukar\u0131 Ak\u0131n ve Kurucabel k\u00f6ylerinde yeti\u015fen K\u0131z\u0131l Kaplan otu i\u00e7in T\u00fcr Koruma Eylem Plan\u0131 yap\u0131lmas\u0131 \u00e7al\u0131\u015fmalar\u0131na ba\u015fland\u0131\u011f\u0131 kaydedilerek, &#8220;T\u00fcrkiye Bitkileri K\u0131rm\u0131z\u0131 Kitab\u0131nda tehlike kategorisi Duyarl\u0131 (VU) olarak belirlenen bu bitki d\u00fcnya \u00fczerinde ba\u015fka bir yerde bulunmamakta, Karaman iline ait endemik bir bitki olma \u00f6zelli\u011fi ta\u015f\u0131yor. Eylem Planlar\u0131nda bilim adamlar\u0131 taraf\u0131ndan \u00e7al\u0131\u015f\u0131lan t\u00fcrlerin mevcut durumu, tehditler ve azalma sebepleri ortaya koyulmakta, bunlar belirlendikten sonra b\u00fct\u00fcn ilgili gruplar\u0131n kat\u0131l\u0131m\u0131 ile t\u00fcr\u00fcn varl\u0131\u011f\u0131n\u0131 s\u00fcrd\u00fcrebilmesi i\u00e7in yap\u0131lmas\u0131 gerekenler belirlenerek 5 y\u0131ll\u0131k faaliyet planlar\u0131 olu\u015fturulmaktad\u0131r. Tar\u0131m ve Orman Bakanl\u0131\u011f\u0131 taraf\u0131ndan bu faaliyet planlar\u0131 \u00e7er\u00e7evesinde e\u011fitim, bilgilendirme, alan koruma gibi gerekli ad\u0131mlar at\u0131larak t\u00fcr\u00fcn ve ya\u015fama ortamlar\u0131n\u0131n korumas\u0131n\u0131n sa\u011flanmas\u0131 ama\u00e7lanmaktad\u0131r. Tar\u0131m ve Orman Bakanl\u0131\u011f\u0131 8.B\u00f6lge M\u00fcd\u00fcrl\u00fc\u011f\u00fc Karaman \u015eube M\u00fcd\u00fcrl\u00fc\u011f\u00fcm\u00fcz \u00f6nderli\u011finde, \u015eube M\u00fcd\u00fcrl\u00fc\u011f\u00fc Personeli ve Uzmanlar Dr. Fato\u015f \u015eekerciler ile Dr. \u00dcmit Suba\u015f\u0131 taraf\u0131ndan \u2019Karaman K\u0131z\u0131l Kaplan otu T\u00fcr Koruma Eylem Plan\u0131\u2019 projesi kapsam\u0131nda Karaman\u2019da arazi \u00e7al\u0131\u015fmalar\u0131 devam etmektedir&#8221; denildi.<\/p>\n<p>\u201cK\u0131z\u0131l Kaplan otu 1983 y\u0131l\u0131nda tespit edildi\u201d<\/p>\n<p>Yap\u0131lan a\u00e7\u0131klamada, K\u0131z\u0131l Kaplan otu bitkisinin ilk kez 1983 y\u0131l\u0131nda Prof. Dr. Mecit Vural taraf\u0131ndan bulunup, tespiti yap\u0131larak, yay\u0131mland\u0131\u011f\u0131 belirtilerek \u015f\u00f6yle denildi: &#8220;Bitki, May\u0131s-Temmuz aylar\u0131 aras\u0131nda \u00e7i\u00e7eklenip meyveye ge\u00e7mekte, 350-900 metre y\u00fckseklikler aras\u0131nda k\u0131z\u0131l\u00e7am orman a\u00e7\u0131kl\u0131klar\u0131nda kalkerli y\u00fczeylerde g\u00f6r\u00fclmektedir. Yap\u0131lacak olan T\u00fcr Eylem Plan\u0131 \u00e7al\u0131\u015fmalar\u0131 sonucunda, t\u00fcr\u00fcn mevcut durumu ile gelecekte olmas\u0131 gereken yer aras\u0131ndaki yolu tarif ederek yap\u0131lmas\u0131 gerekenleri a\u00e7\u0131klayan bir yol haritas\u0131 \u00e7\u0131kar\u0131lmas\u0131 sa\u011flanacak olup, t\u00fcr\u00fc korumaya y\u00f6nelik olarak yap\u0131lan \u00e7al\u0131\u015fmalarla da biyolojik \u00e7e\u015fitlili\u011fimizi korumak ve t\u00fcrlerin gelece\u011fe intikali sa\u011flamak ad\u0131na b\u00fcy\u00fck bir \u00f6nem ta\u015f\u0131yacakt\u0131r.\u201d<\/p>\n","protected":false},"excerpt":{"rendered":"<p>KIZIL KAPLAN OTU \u0130\u00c7\u0130N T\u00dcR KORUMA EYLEM PLANI YAPILMASI \u00c7ALI\u015eMALARINA BA\u015eLANDI\u011eI KAYDED\u0130LD\u0130<\/p>\n","protected":false},"author":1,"featured_media":0,"comment_status":"closed","ping_status":"open","sticky":false,"template":"","format":"standard","meta":{"jetpack_post_was_ever_published":false,"_jetpack_newsletter_access":"","_jetpack_dont_email_post_to_subs":false,"_jetpack_newsletter_tier_id":0,"_jetpack_memberships_contains_paywalled_content":false,"_jetpack_memberships_contains_paid_content":false,"footnotes":"","jetpack_publicize_message":"","jetpack_publicize_feature_enabled":true,"jetpack_social_post_already_shared":true,"jetpack_social_options":{"image_generator_settings":{"template":"highway","default_image_id":0,"font":"","enabled":false},"version":2}},"categories":[1],"tags":[3114,7105,9874,1185,26871],"class_list":["post-175305","post","type-post","status-publish","format-standard","hentry","category-genel","tag-altinda","tag-kaplan","tag-kizil","tag-koruma","tag-otu"],"jetpack_publicize_connections":[],"jetpack_featured_media_url":"","jetpack_sharing_enabled":true,"jetpack_shortlink":"https:\/\/wp.me\/paKIfm-JBv","_links":{"self":[{"href":"http:\/\/www.tvturk.com\/index.php\/wp-json\/wp\/v2\/posts\/175305","targetHints":{"allow":["GET"]}}],"collection":[{"href":"http:\/\/www.tvturk.com\/index.php\/wp-json\/wp\/v2\/posts"}],"about":[{"href":"http:\/\/www.tvturk.com\/index.php\/wp-json\/wp\/v2\/types\/post"}],"author":[{"embeddable":true,"href":"http:\/\/www.tvturk.com\/index.php\/wp-json\/wp\/v2\/users\/1"}],"replies":[{"embeddable":true,"href":"http:\/\/www.tvturk.com\/index.php\/wp-json\/wp\/v2\/comments?post=175305"}],"version-history":[{"count":0,"href":"http:\/\/www.tvturk.com\/index.php\/wp-json\/wp\/v2\/posts\/175305\/revisions"}],"wp:attachment":[{"href":"http:\/\/www.tvturk.com\/index.php\/wp-json\/wp\/v2\/media?parent=175305"}],"wp:term":[{"taxonomy":"category","embeddable":true,"href":"http:\/\/www.tvturk.com\/index.php\/wp-json\/wp\/v2\/categories?post=175305"},{"taxonomy":"post_tag","embeddable":true,"href":"http:\/\/www.tvturk.com\/index.php\/wp-json\/wp\/v2\/tags?post=175305"}],"curies":[{"name":"wp","href":"https:\/\/api.w.org\/{rel}","templated":true}]}}