{"id":175329,"date":"2019-06-28T17:01:45","date_gmt":"2019-06-28T14:01:45","guid":{"rendered":"http:\/\/www.tvturk.com\/index.php\/hasankeyfte-tup-tunel-calismasi-suruyor\/"},"modified":"2019-06-28T17:01:45","modified_gmt":"2019-06-28T14:01:45","slug":"hasankeyfte-tup-tunel-calismasi-suruyor","status":"publish","type":"post","link":"http:\/\/www.tvturk.com\/index.php\/hasankeyfte-tup-tunel-calismasi-suruyor\/","title":{"rendered":"Hasankeyf\u2019te t\u00fcp t\u00fcnel \u00e7al\u0131\u015fmas\u0131 s\u00fcr\u00fcyor"},"content":{"rendered":"<p>Batman\u2019\u0131n Hasankeyf il\u00e7esinde yap\u0131m\u0131 devam eden \u00e7ift y\u00f6nl\u00fc t\u00fcp t\u00fcnel \u00e7al\u0131\u015fmalar\u0131n\u0131n 6 ay i\u00e7erisinde tamamlanmas\u0131 hedefleniyor.<\/p>\n<p>Il\u0131su Baraj g\u00f6l\u00fc havzas\u0131nda kalacak olan Batman\u2019\u0131n tarihi il\u00e7esi Hasankeyf\u2019te \u00e7al\u0131\u015fmalar aral\u0131ks\u0131z devam ediyor. Il\u0131su Baraj\u0131\u2019nda su tutulmas\u0131n\u0131n ard\u0131ndan Batman-Mardin yolu olarak kullan\u0131lacak olan ve Hasankeyf\u2019e ba\u011fl\u0131 \u00dc\u00e7yol k\u00f6y\u00fc yak\u0131nlar\u0131nda yap\u0131lmakta olan yakla\u015f\u0131k 600 metrelik \u00e7ift y\u00f6nl\u00fc t\u00fcp t\u00fcnel \u00e7al\u0131\u015fmas\u0131 da aral\u0131ks\u0131z s\u00fcr\u00fcyor. \u00c7ift y\u00f6nl\u00fc olarak yap\u0131lan ve toplam uzunluklar\u0131 yakla\u015f\u0131k bin 230 metre olan t\u00fcnellerden Hasankeyf y\u00f6n\u00fcne gelen yolcular\u0131n tarihi g\u00fczellikleri seyredece\u011fini kaydeden Hasankeyf Kaymakam\u0131 Haluk Ko\u00e7, Hasankeyf\u2019in binlerce sene \u00f6ncesinde yukar\u0131 Mezopotamya ve a\u015fa\u011f\u0131 Mezopotamya\u2019n\u0131n ge\u00e7i\u015f noktas\u0131 oldu\u011funu s\u00f6yledi. Kaymakam Ko\u00e7, &#8220;Artuklu K\u00f6pr\u00fcs\u00fc ile her iki b\u00f6lge birbirine ba\u011flan\u0131yor. Burada ortaya \u00e7\u0131kan Artuklu medeniyetini buradaki ge\u00e7i\u015flerden elde etti\u011fi fayda ile medeniyetini b\u00fcy\u00fcterek bug\u00fcne kadar izleri olan eserleri b\u0131rakm\u0131\u015ft\u0131r. \u015eimdi geldi\u011fimiz noktada su tutulmas\u0131yla birlikte Il\u0131su Baraj\u0131\u2019n\u0131n en geni\u015f g\u00f6vdesini olu\u015fturan Hasankeyf b\u00f6lgesinde yap\u0131lmakta olan k\u00f6pr\u00fcm\u00fcz\u00fcn Gerc\u00fc\u015f istikametinde ula\u015f\u0131m\u0131n zorlu\u011funu a\u015fmak \u00fczere iki adet t\u00fcp t\u00fcnel ge\u00e7i\u015fi planlanm\u0131\u015f ve bununla ilgili in\u015faat \u015fuanda yar\u0131 safhas\u0131na ula\u015fm\u0131\u015f bulunmaktad\u0131r. Buradaki t\u00fcnelimiz Hasankeyf\u2019in tarihi \u00f6zelli\u011fini bir bilezik olmak \u00fczere yine g\u00fcn\u00fcm\u00fczde an\u0131 i\u015flevi s\u00fcrd\u00fcrecek bir unsur. \u00d6zellikle uluslararas\u0131 ticaret anlam\u0131nda buradaki y\u00fckl\u00fc kamyonlar\u0131m\u0131z\u0131n ge\u00e7i\u015f g\u00fczergah\u0131, t\u0131r trafi\u011fi yine buradan seyrediyor. Ayr\u0131ca uluslararas\u0131 seyahatlerde ula\u015f\u0131m\u0131n yap\u0131ld\u0131\u011f\u0131 yegane noktalar\u0131ndan bir tanesi&#8221; dedi.<\/p>\n<p>Hasankeyf\u2019in g\u00fczellikleri ile kar\u015f\u0131lanacaklar<\/p>\n<p>T\u00fcnelin b\u00f6lgedeki turizmin \u00f6nemli bir ge\u00e7i\u015f noktas\u0131 olaca\u011f\u0131n\u0131 kaydeden Kaymakam Ko\u00e7, \u015f\u00f6yle devam etti:<\/p>\n<p>&#8220;Son y\u0131llarda \u00fclkemizde geli\u015ftirilmi\u015f olan ula\u015f\u0131m a\u011f\u0131ndaki hem kalite hem de g\u00fcvenli\u011fin \u00f6nemli bir g\u00f6stergesi olacak. Buras\u0131 bitti\u011finde 600 metre uzunlu\u011funda iki t\u00fcnelimiz olacak. Buradan hem yolcu ta\u015f\u0131mac\u0131l\u0131\u011f\u0131nda hem y\u00fck ta\u015f\u0131mac\u0131l\u0131\u011f\u0131nda g\u00fcvenli, konforlu bir seyahat ger\u00e7ekle\u015ftirmi\u015f olacaklar. T\u00fcnelin \u00e7\u0131k\u0131\u015f\u0131ndan itibaren Hasankeyf\u2019in tarihi g\u00fczelliklerini izleyerek g\u00fczel bir manzara \u00fczerinde buray\u0131 m\u00fcteakiben g\u00fcneyden gelen yolcular\u0131m\u0131z tamamlanmakta olan k\u00f6pr\u00fcm\u00fczden de ge\u00e7ecekler ve Hasankeyf\u2019e ula\u015fm\u0131\u015f olacaklar. Bu projeyi destekleyen, bu projeyi haz\u0131rlayan ve y\u00fcr\u00fctenlere emeklerinden dolay\u0131 te\u015fekk\u00fcr ediyorum. \u00d6n\u00fcm\u00fczde 3-6 ayl\u0131k bir d\u00f6nem var. T\u00fcnellerden bir tanesinin a\u00e7\u0131lmas\u0131 3 ay olaca\u011f\u0131 yetkililerce bize ifade edildi. Tamam\u0131yla hizmete a\u00e7\u0131lmas\u0131yla da bu y\u0131l\u0131n sonu 1 Ocak itibariyle bir aksilik olmazsa buradaki t\u00fcnellerin hizmete a\u00e7\u0131lmas\u0131n\u0131 bekliyoruz.&#8221;<\/p>\n","protected":false},"excerpt":{"rendered":"<p>HASANKEYF\u2019TE \u00c7\u0130FT Y\u00d6NL\u00dc T\u00dcP T\u00dcNEL \u00c7ALI\u015eMALARININ 6 AY \u0130\u00c7ER\u0130S\u0130NDE TAMAMLANMASI HEDEFLEN\u0130YOR.<\/p>\n","protected":false},"author":1,"featured_media":0,"comment_status":"closed","ping_status":"open","sticky":false,"template":"","format":"standard","meta":{"jetpack_post_was_ever_published":false,"_jetpack_newsletter_access":"","_jetpack_dont_email_post_to_subs":false,"_jetpack_newsletter_tier_id":0,"_jetpack_memberships_contains_paywalled_content":false,"_jetpack_memberships_contains_paid_content":false,"footnotes":"","jetpack_publicize_message":"","jetpack_publicize_feature_enabled":true,"jetpack_social_post_already_shared":true,"jetpack_social_options":{"image_generator_settings":{"template":"highway","default_image_id":0,"font":"","enabled":false},"version":2}},"categories":[1],"tags":[1699,18799,1836,20562,3966],"class_list":["post-175329","post","type-post","status-publish","format-standard","hentry","category-genel","tag-calismasi","tag-hasankeyfte","tag-suruyor","tag-tunel","tag-tup"],"jetpack_publicize_connections":[],"jetpack_featured_media_url":"","jetpack_sharing_enabled":true,"jetpack_shortlink":"https:\/\/wp.me\/paKIfm-JBT","_links":{"self":[{"href":"http:\/\/www.tvturk.com\/index.php\/wp-json\/wp\/v2\/posts\/175329","targetHints":{"allow":["GET"]}}],"collection":[{"href":"http:\/\/www.tvturk.com\/index.php\/wp-json\/wp\/v2\/posts"}],"about":[{"href":"http:\/\/www.tvturk.com\/index.php\/wp-json\/wp\/v2\/types\/post"}],"author":[{"embeddable":true,"href":"http:\/\/www.tvturk.com\/index.php\/wp-json\/wp\/v2\/users\/1"}],"replies":[{"embeddable":true,"href":"http:\/\/www.tvturk.com\/index.php\/wp-json\/wp\/v2\/comments?post=175329"}],"version-history":[{"count":0,"href":"http:\/\/www.tvturk.com\/index.php\/wp-json\/wp\/v2\/posts\/175329\/revisions"}],"wp:attachment":[{"href":"http:\/\/www.tvturk.com\/index.php\/wp-json\/wp\/v2\/media?parent=175329"}],"wp:term":[{"taxonomy":"category","embeddable":true,"href":"http:\/\/www.tvturk.com\/index.php\/wp-json\/wp\/v2\/categories?post=175329"},{"taxonomy":"post_tag","embeddable":true,"href":"http:\/\/www.tvturk.com\/index.php\/wp-json\/wp\/v2\/tags?post=175329"}],"curies":[{"name":"wp","href":"https:\/\/api.w.org\/{rel}","templated":true}]}}