{"id":175335,"date":"2019-06-28T17:16:26","date_gmt":"2019-06-28T14:16:26","guid":{"rendered":"http:\/\/www.tvturk.com\/index.php\/turk-egitim-sen-genel-baskani-geylan\/"},"modified":"2019-06-28T17:16:26","modified_gmt":"2019-06-28T14:16:26","slug":"turk-egitim-sen-genel-baskani-geylan","status":"publish","type":"post","link":"http:\/\/www.tvturk.com\/index.php\/turk-egitim-sen-genel-baskani-geylan\/","title":{"rendered":"T\u00fcrk E\u011fitim-Sen Genel Ba\u015fkan\u0131 Geylan:"},"content":{"rendered":"<p>T\u00fcrk E\u011fitim-Sen Genel Ba\u015fkan\u0131 Talip Geylan, memurlar\u0131n enflasyonun 3 puan \u00fczerinde maa\u015f zamm\u0131 talebi oldu\u011funu dile getirdi.<\/p>\n<p>Genel Ba\u015fkan Talip Geylan, sendikan\u0131n Yalova temsilcileri ile bir araya geldi. Geylan, 1 A\u011fustos 2019 tarihinde ba\u015flayacak olan 5. d\u00f6nem toplu s\u00f6zle\u015fme g\u00f6r\u00fc\u015fmeleri hakk\u0131nda sendika olarak g\u00f6r\u00fc\u015f ve taleplerini s\u0131ralad\u0131. Geylan, \u201cH\u00fck\u00fcmetle kamu g\u00f6revlilerini temsil eden sendikalar 1 ay s\u00fcre ile masaya oturacaklar. Burada T\u00fcrkiye Kamu-Sen\u2019in \u00f6ncelikli talebi, kamu \u00e7al\u0131\u015fanlar\u0131n\u0131n insanca ya\u015fayabilece\u011fi bir \u00fccrete kavu\u015fturulmas\u0131. Enflasyonun alt\u0131nda ezdirilmemesi<\/p>\n<p>i\u00e7in 2019 y\u0131l\u0131nda kamu \u00e7al\u0131\u015fanlar\u0131n\u0131n alaca\u011f\u0131 \u00fccret art\u0131\u015f\u0131 4+5 yani y\u00fczde 9 olarak belirlenmi\u015fti. Merkez Bankas\u0131\u2019n\u0131n y\u0131l sonu resmi enflasyon beklentisi ise y\u00fczde 16.49\u2019dur. Yani hedef tutturulmu\u015f olsa dahi 2019 y\u0131l\u0131nda kamu \u00e7al\u0131\u015fanlar\u0131 y\u00fczde 7.43 zararda olacaklar. Ge\u00e7ti\u011fimiz y\u0131l y\u00fczde 7.5 maa\u015f zamm\u0131 ald\u0131k. Ama y\u0131l sonu enflasyon oran\u0131 ise y\u00fczde 20.31 olarak ger\u00e7ekle\u015fti. Yani kamu \u00e7al\u0131\u015fanlar\u0131 2018 y\u0131l\u0131nda belki de tarihlerinde ilk kez alm\u0131\u015f olduklar\u0131 maa\u015f zamm\u0131n\u0131n 2 kat\u0131ndan fazla enflasyon fark\u0131 almakla kar\u015f\u0131 kar\u015f\u0131ya kald\u0131lar. Bu anlamda T\u00fcrkiye Kamu-Sen\u2019in \u00f6ncelikli talebi ge\u00e7mi\u015f d\u00f6neme dair zararlar\u0131m\u0131z\u0131n telafi edilmesi ve \u00f6n\u00fcm\u00fczdeki 2020 ve 2021 y\u0131llar\u0131nda da kamu \u00e7al\u0131\u015fanlar\u0131n\u0131 enflasyonun alt\u0131nda ezdirmeyecek, insanca ya\u015famas\u0131na imkan verecek bir \u00fccrete kavu\u015fturulmas\u0131 olacakt\u0131r. Yani ortaya konan enflasyonun +3 puan \u00fczerinde bir refah pay\u0131n\u0131n kamu \u00e7al\u0131\u015fanlar\u0131na verilmesini istiyoruz\u201d dedi.<\/p>\n<p>\u201cM\u00fclakat\u0131n k\u00f6kten kald\u0131r\u0131lmas\u0131n\u0131 istiyoruz\u201d<\/p>\n<p>Kamuda m\u00fclakat konusuna da i\u015faret eden T\u00fcrk E\u011fitim-Sen Genel Ba\u015fkan\u0131 Talip Geylan, \u201cKamunun kanayan yaras\u0131 olarak g\u00f6rd\u00fc\u011f\u00fcm\u00fcz bir konu var. O da m\u00fclakat konusudur. Gerek g\u00f6reve ilk atamalarda gerek g\u00f6rev y\u00fckseltmelerde, gerekse y\u00f6netici atamalar\u0131nda m\u00fclakat marifeti ile kamu \u00e7al\u0131\u015fanlar\u0131 adeta y\u0131llard\u0131r \u00f6tekile\u015ftiriliyor. Hak gasplar\u0131 s\u00f6z konusu. Bu da yine \u00e7al\u0131\u015fma hayat\u0131nda huzuru bozan bir konudur. M\u00fclakat\u0131n k\u00f6kten kald\u0131r\u0131lmas\u0131n\u0131 talep ediyoruz. Bir devlet memuru e\u011fer devletimizin, milletimizin bekas\u0131 ile sorunu olan illegal bir tak\u0131m olu\u015fumlarla ili\u015fkisi yoksa, vatan haini de\u011filse mezhebine, me\u015frebi, siyasi g\u00f6r\u00fc\u015f\u00fcne ve sendikas\u0131na bak\u0131lmaks\u0131z\u0131n sadece liyakatine, ehliyetine bak\u0131larak g\u00f6revde y\u00fckselmesinin \u00f6n\u00fcn\u00fcn a\u00e7\u0131lmas\u0131 laz\u0131md\u0131r\u201d diye konu\u015ftu.<\/p>\n<p>Geylan, ge\u00e7ti\u011fimiz g\u00fcn Diyarbak\u0131r\u2019\u0131n Lice il\u00e7esinde \u015fehit olan Jandarma Onba\u015f\u0131 \u0130slam Muhammed Altu\u011f\u2019un baba oca\u011f\u0131n\u0131 da ziyaret etti. Burada \u015fehit askerin annesi \u015e\u00fckret ve babas\u0131 Hakan Altu\u011f\u2019a ba\u015fsa\u011fl\u0131\u011f\u0131 dileyen Geylan ard\u0131ndan Yalova\u2019dan ayr\u0131ld\u0131.<\/p>\n","protected":false},"excerpt":{"rendered":"<p>T\u00dcRK E\u011e\u0130T\u0130M-SEN GENEL BA\u015eKANI TAL\u0130P GEYLAN YALOVA\u2019YA GELEREK SEND\u0130KANIN YALOVA \u0130L BA\u015eKANLI\u011eINI Z\u0130YARET ETT\u0130.<\/p>\n","protected":false},"author":1,"featured_media":0,"comment_status":"closed","ping_status":"open","sticky":false,"template":"","format":"standard","meta":{"jetpack_post_was_ever_published":false,"_jetpack_newsletter_access":"","_jetpack_dont_email_post_to_subs":false,"_jetpack_newsletter_tier_id":0,"_jetpack_memberships_contains_paywalled_content":false,"_jetpack_memberships_contains_paid_content":false,"footnotes":"","jetpack_publicize_message":"","jetpack_publicize_feature_enabled":true,"jetpack_social_post_already_shared":true,"jetpack_social_options":{"image_generator_settings":{"template":"highway","default_image_id":0,"font":"","enabled":false},"version":2}},"categories":[1],"tags":[216,18070,869,18787,957],"class_list":["post-175335","post","type-post","status-publish","format-standard","hentry","category-genel","tag-baskani","tag-egitim-sen","tag-genel","tag-geylan","tag-turk"],"jetpack_publicize_connections":[],"jetpack_featured_media_url":"","jetpack_sharing_enabled":true,"jetpack_shortlink":"https:\/\/wp.me\/paKIfm-JBZ","_links":{"self":[{"href":"http:\/\/www.tvturk.com\/index.php\/wp-json\/wp\/v2\/posts\/175335","targetHints":{"allow":["GET"]}}],"collection":[{"href":"http:\/\/www.tvturk.com\/index.php\/wp-json\/wp\/v2\/posts"}],"about":[{"href":"http:\/\/www.tvturk.com\/index.php\/wp-json\/wp\/v2\/types\/post"}],"author":[{"embeddable":true,"href":"http:\/\/www.tvturk.com\/index.php\/wp-json\/wp\/v2\/users\/1"}],"replies":[{"embeddable":true,"href":"http:\/\/www.tvturk.com\/index.php\/wp-json\/wp\/v2\/comments?post=175335"}],"version-history":[{"count":0,"href":"http:\/\/www.tvturk.com\/index.php\/wp-json\/wp\/v2\/posts\/175335\/revisions"}],"wp:attachment":[{"href":"http:\/\/www.tvturk.com\/index.php\/wp-json\/wp\/v2\/media?parent=175335"}],"wp:term":[{"taxonomy":"category","embeddable":true,"href":"http:\/\/www.tvturk.com\/index.php\/wp-json\/wp\/v2\/categories?post=175335"},{"taxonomy":"post_tag","embeddable":true,"href":"http:\/\/www.tvturk.com\/index.php\/wp-json\/wp\/v2\/tags?post=175335"}],"curies":[{"name":"wp","href":"https:\/\/api.w.org\/{rel}","templated":true}]}}