{"id":175343,"date":"2019-06-28T17:31:19","date_gmt":"2019-06-28T14:31:19","guid":{"rendered":"http:\/\/www.tvturk.com\/index.php\/tunus-cumhurbaskani-sibsiden-iyi-haber\/"},"modified":"2019-06-28T17:31:19","modified_gmt":"2019-06-28T14:31:19","slug":"tunus-cumhurbaskani-sibsiden-iyi-haber","status":"publish","type":"post","link":"http:\/\/www.tvturk.com\/index.php\/tunus-cumhurbaskani-sibsiden-iyi-haber\/","title":{"rendered":"Tunus Cumhurba\u015fkan\u0131 Sibsi\u2019den iyi haber"},"content":{"rendered":"<p>Ciddi sa\u011fl\u0131k sorunlar\u0131yla d\u00fcn hastaneye kald\u0131r\u0131lan Tunus Cumhurba\u015fkan\u0131 El-Baci Kaid es-Sibsi\u2019nin sa\u011fl\u0131\u011f\u0131n\u0131n iyiye gitti\u011fi a\u00e7\u0131kland\u0131.<\/p>\n<p>Tunus Cumhurba\u015fkanl\u0131\u011f\u0131ndan yap\u0131lan a\u00e7\u0131klamada, ciddi bir sa\u011fl\u0131k sorunu nedeniyle d\u00fcn hastaneye kald\u0131r\u0131lan 92 ya\u015f\u0131ndaki Cumhurba\u015fkan\u0131 El-Baci Kaid es-Sibsi\u2019nin sa\u011fl\u0131k durumunda iyile\u015fme g\u00f6r\u00fcld\u00fc\u011f\u00fc bildirildi. Cumhurba\u015fkanl\u0131\u011f\u0131 S\u00f6zc\u00fcs\u00fc Saida Garrach, bas\u0131na yapt\u0131\u011f\u0131 a\u00e7\u0131klamada Cumhurba\u015fkan\u0131n\u0131n sa\u011fl\u0131\u011f\u0131n\u0131n iyiye gitti\u011fini s\u00f6yledi. Garrach, &#8220;Cumhurba\u015fkan\u0131 sabah saat 07.45\u2019te Savunma Bakan\u0131yla bir toplant\u0131 ger\u00e7ekle\u015ftirdi ve \u00fclkedeki durum hakk\u0131nda bilgi al\u0131\u015fveri\u015finde bulundu&#8221; diyerek, Cumhurba\u015fkan\u0131n\u0131n yak\u0131nda hastaneden taburcu olaca\u011f\u0131na i\u015faret etti.<\/p>\n<p>Sibsi, ge\u00e7ti\u011fimiz g\u00fcnlerde gelecek cumhurba\u015fkanl\u0131\u011f\u0131 se\u00e7imlerinde aday olmayaca\u011f\u0131n\u0131 a\u00e7\u0131klam\u0131\u015ft\u0131. 2014\u2019te Tunus\u2019ta yap\u0131lan cumhurba\u015fkanl\u0131\u011f\u0131 se\u00e7imini Nida Tunus Partisi lideri Sibsi kazanm\u0131\u015ft\u0131.<\/p>\n","protected":false},"excerpt":{"rendered":"<p>C\u0130DD\u0130 SA\u011eLIK SORUNLARIYLA D\u00dcN HASTANEYE KALDIRILAN TUNUS CUMHURBA\u015eKANI EL-BAC\u0130 KA\u0130D ES-S\u0130BS\u0130&#8217;N\u0130N SA\u011eLI\u011eININ \u0130Y\u0130YE G\u0130TT\u0130\u011e\u0130 A\u00c7IKLANDI.<\/p>\n","protected":false},"author":1,"featured_media":0,"comment_status":"closed","ping_status":"open","sticky":false,"template":"","format":"standard","meta":{"jetpack_post_was_ever_published":false,"_jetpack_newsletter_access":"","_jetpack_dont_email_post_to_subs":false,"_jetpack_newsletter_tier_id":0,"_jetpack_memberships_contains_paywalled_content":false,"_jetpack_memberships_contains_paid_content":false,"footnotes":"","jetpack_publicize_message":"","jetpack_publicize_feature_enabled":true,"jetpack_social_post_already_shared":true,"jetpack_social_options":{"image_generator_settings":{"template":"highway","default_image_id":0,"font":"","enabled":false},"version":2}},"categories":[10],"tags":[503,1545,1552,42723,21223],"class_list":["post-175343","post","type-post","status-publish","format-standard","hentry","category-dunya","tag-cumhurbaskani","tag-haber","tag-iyi","tag-sibsiden","tag-tunus"],"jetpack_publicize_connections":[],"jetpack_featured_media_url":"","jetpack_sharing_enabled":true,"jetpack_shortlink":"https:\/\/wp.me\/paKIfm-JC7","_links":{"self":[{"href":"http:\/\/www.tvturk.com\/index.php\/wp-json\/wp\/v2\/posts\/175343","targetHints":{"allow":["GET"]}}],"collection":[{"href":"http:\/\/www.tvturk.com\/index.php\/wp-json\/wp\/v2\/posts"}],"about":[{"href":"http:\/\/www.tvturk.com\/index.php\/wp-json\/wp\/v2\/types\/post"}],"author":[{"embeddable":true,"href":"http:\/\/www.tvturk.com\/index.php\/wp-json\/wp\/v2\/users\/1"}],"replies":[{"embeddable":true,"href":"http:\/\/www.tvturk.com\/index.php\/wp-json\/wp\/v2\/comments?post=175343"}],"version-history":[{"count":0,"href":"http:\/\/www.tvturk.com\/index.php\/wp-json\/wp\/v2\/posts\/175343\/revisions"}],"wp:attachment":[{"href":"http:\/\/www.tvturk.com\/index.php\/wp-json\/wp\/v2\/media?parent=175343"}],"wp:term":[{"taxonomy":"category","embeddable":true,"href":"http:\/\/www.tvturk.com\/index.php\/wp-json\/wp\/v2\/categories?post=175343"},{"taxonomy":"post_tag","embeddable":true,"href":"http:\/\/www.tvturk.com\/index.php\/wp-json\/wp\/v2\/tags?post=175343"}],"curies":[{"name":"wp","href":"https:\/\/api.w.org\/{rel}","templated":true}]}}