{"id":175347,"date":"2019-06-28T17:31:40","date_gmt":"2019-06-28T14:31:40","guid":{"rendered":"http:\/\/www.tvturk.com\/index.php\/dayakci-muhtardan-komplo-savunmasi\/"},"modified":"2019-06-28T17:31:40","modified_gmt":"2019-06-28T14:31:40","slug":"dayakci-muhtardan-komplo-savunmasi","status":"publish","type":"post","link":"http:\/\/www.tvturk.com\/index.php\/dayakci-muhtardan-komplo-savunmasi\/","title":{"rendered":"Dayak\u00e7\u0131 muhtardan &#8220;komplo&#8221; savunmas\u0131"},"content":{"rendered":"<p>Adana\u2019da dere yata\u011f\u0131ndaki g\u00f6letin kendisine ait oldu\u011funu \u00f6ne s\u00fcrerek, tarlas\u0131n\u0131 sulamak isteyen \u00e7ift\u00e7iye sald\u0131ran muhtar, ere yata\u011f\u0131n\u0131 geni\u015fletmek i\u00e7in yakla\u015f\u0131k 2 bin lira para harcad\u0131\u011f\u0131n\u0131 g\u00f6lette biriken suyun kendine ait oldu\u011funu s\u00f6yledi.<\/p>\n<p>Olay, merkez \u00c7ukurova il\u00e7esine ba\u011fl\u0131 \u015eambayad\u0131 Mahallesi\u2019nde 23 Haziran Pazar g\u00fcn\u00fc \u00f6\u011fle saatlerinde meydana geldi. Uzun y\u0131llard\u0131r tarlas\u0131n\u0131 ve bah\u00e7esini yol kenar\u0131nda bulunan dere yata\u011f\u0131ndan \u00e7ekti\u011fi su ile sulayan Sava\u015f \u00d6zmen, mahallenin muhtar\u0131 Mustafa Kaltar\u2019\u0131n sald\u0131r\u0131s\u0131na u\u011frad\u0131. Yakla\u015f\u0131k 2 y\u0131l \u00f6nce dere yata\u011f\u0131n\u0131 i\u015f makinesiyle geni\u015fleten Kaltar\u2019\u0131n, dere yata\u011f\u0131n\u0131n kendine ait oldu\u011funu iddia ederek, kimseye kulland\u0131rmad\u0131\u011f\u0131 \u00f6ne s\u00fcr\u00fcld\u00fc. Olay g\u00fcn\u00fc dere yata\u011f\u0131na gelen Kaltar, \u00d6zmen\u2019e k\u00fcf\u00fcrler ederek sald\u0131r\u0131da bulundu. \u00d6zmen bu anlar\u0131 cep telefonu kameras\u0131yla saniye saniye g\u00f6r\u00fcnt\u00fcledi.<\/p>\n<p>&#8220;Muhtar yokken mahalleli suyu payla\u015f\u0131yordu&#8221;<\/p>\n<p>Tarlas\u0131n\u0131 sulamak i\u00e7in geldi\u011fi dere yata\u011f\u0131nda muhtar Kaltar\u2019\u0131n sald\u0131r\u0131s\u0131na u\u011frad\u0131\u011f\u0131n\u0131 belirten \u00d6zmen, dere yata\u011f\u0131n\u0131n bir \u015fahsa ait olmad\u0131\u011f\u0131n\u0131, mahallelinin kullanabilece\u011fini s\u00f6yledi. S\u00f6z konusu dere yata\u011f\u0131ndan \u00e7ekti\u011fi suyla tarlas\u0131n\u0131 sulad\u0131\u011f\u0131n\u0131 kaydeden \u00d6zmen, \u201cMuhtar yokken, buradaki suyu herkes payla\u015f\u0131yordu ancak son 2 y\u0131lda muhtarla se\u00e7imlerden dolay\u0131 ters d\u00fc\u015ft\u00fck. Ben ekim yapmaya kalkt\u0131\u011f\u0131mda bana kar\u015f\u0131 \u00e7\u0131kt\u0131. Ge\u00e7ti\u011fimiz y\u0131l da ayn\u0131 konudan dolay\u0131 tart\u0131\u015fma ya\u015fam\u0131\u015ft\u0131k&#8221; diye konu\u015ftu.<\/p>\n<p>Muhtar hakk\u0131nda \u015fikayet\u00e7i oldu<\/p>\n<p>Muhtar Kaltar\u2019\u0131n sulama yapt\u0131\u011f\u0131 taktirde kendisini vurmakla tehdit etti\u011fini \u00f6ne s\u00fcren \u00d6zmen, \u201cDere yata\u011f\u0131na gelerek tarlay\u0131 sulamamam\u0131 s\u00f6yledi. Ben de kar\u015f\u0131 \u00e7\u0131k\u0131nca sald\u0131rmaya ba\u015flad\u0131. Muhtar\u0131n sald\u0131r\u0131lar\u0131na kar\u015f\u0131l\u0131k vermedim ve savc\u0131l\u0131k ile karakola giderek \u015fikayet\u00e7i oldum\u201d dedi.<\/p>\n<p>Muhtar, dere yata\u011f\u0131n\u0131n ye\u011fenine ait oldu\u011funu \u00f6ne s\u00fcrd\u00fc<\/p>\n<p>\u015eambayad\u0131 Mahalle Muhtar\u0131 Mustafa Kaltar ise dere yata\u011f\u0131n\u0131n ye\u011feninin tapulu arazisi i\u00e7erisinde oldu\u011funu belirterek, \u201cPazar g\u00fcn\u00fc tarlam\u0131 sulamak i\u00e7in dere yata\u011f\u0131na geldim. Sava\u015f da kendi arazisinde duruyordu. Dere yata\u011f\u0131ndaki suyun kendisine de bana da yetmeyece\u011fini, buray\u0131 para harcayarak geni\u015fletti\u011fimi s\u00f6yledim. O da tarlas\u0131n\u0131 sulamak i\u00e7in dere yata\u011f\u0131n\u0131 kullanaca\u011f\u0131 konusunda diretti. Babas\u0131n\u0131 \u00e7a\u011f\u0131rmas\u0131n\u0131 s\u00f6yleyip otomobilime do\u011fru y\u00f6neldi\u011fimde bana a\u011f\u0131r k\u00fcf\u00fcrler etti\u201d ifadelerini kulland\u0131.<\/p>\n<p>\u201cKendisinin k\u00fcfretti\u011fi k\u0131s\u0131mlar\u0131 g\u00f6r\u00fcnt\u00fcden \u00e7\u0131kartm\u0131\u015f\u201d<\/p>\n<p>Kendisine k\u00fcfredilince sinirlendi\u011fini ve \u00d6zmen\u2019in \u00fczerine y\u00fcr\u00fcd\u00fc\u011f\u00fcn\u00fc dile getiren Kaltar, kendisine komplo kuruldu\u011funu s\u00f6yledi. Kaltar, \u201cBana k\u00fcfredince \u00e7ok \u00f6fkelendim ve elimdeki sopay\u0131 ona do\u011fru f\u0131rlatt\u0131m. Sopa trakt\u00f6re denk geldi. Gitmek isteyince engel oldum. O da elindeki cep telefonuyla kendi k\u00fcfretti\u011fi k\u0131s\u0131mlar\u0131 kesmi\u015f, benim sinirli oldu\u011fum k\u0131s\u0131mlar\u0131 vermi\u015f\u201d dedi.<\/p>\n","protected":false},"excerpt":{"rendered":"<p>MUHTAR MUSTAFA KALTAR, &#8220;BANA K\u00dcFRED\u0130NCE \u00c7OK \u00d6FKELEND\u0130M VE EL\u0130MDEK\u0130 SOPAYI ONA DO\u011eRU FIRLATTIM. SOPA TRAKT\u00d6RE DENK GELD\u0130. G\u0130TMEK \u0130STEY\u0130NCE ENGEL OLDUM. O DA EL\u0130NDEK\u0130 CEP TELEFONUYLA KEND\u0130 K\u00dcFRETT\u0130\u011e\u0130 KISIMLARI KESM\u0130\u015e, BEN\u0130M S\u0130N\u0130RL\u0130 OLDU\u011eUM KISIMLARI VERM\u0130\u015e\u201d DED\u0130.<\/p>\n","protected":false},"author":1,"featured_media":0,"comment_status":"closed","ping_status":"open","sticky":false,"template":"","format":"standard","meta":{"jetpack_post_was_ever_published":false,"_jetpack_newsletter_access":"","_jetpack_dont_email_post_to_subs":false,"_jetpack_newsletter_tier_id":0,"_jetpack_memberships_contains_paywalled_content":false,"_jetpack_memberships_contains_paid_content":false,"footnotes":"","jetpack_publicize_message":"","jetpack_publicize_feature_enabled":true,"jetpack_social_post_already_shared":true,"jetpack_social_options":{"image_generator_settings":{"template":"highway","default_image_id":0,"font":"","enabled":false},"version":2}},"categories":[1],"tags":[42727,42726,8207,32816],"class_list":["post-175347","post","type-post","status-publish","format-standard","hentry","category-genel","tag-komplo","tag-dayakci","tag-muhtardan","tag-savunmasi"],"jetpack_publicize_connections":[],"jetpack_featured_media_url":"","jetpack_sharing_enabled":true,"jetpack_shortlink":"https:\/\/wp.me\/paKIfm-JCb","_links":{"self":[{"href":"http:\/\/www.tvturk.com\/index.php\/wp-json\/wp\/v2\/posts\/175347","targetHints":{"allow":["GET"]}}],"collection":[{"href":"http:\/\/www.tvturk.com\/index.php\/wp-json\/wp\/v2\/posts"}],"about":[{"href":"http:\/\/www.tvturk.com\/index.php\/wp-json\/wp\/v2\/types\/post"}],"author":[{"embeddable":true,"href":"http:\/\/www.tvturk.com\/index.php\/wp-json\/wp\/v2\/users\/1"}],"replies":[{"embeddable":true,"href":"http:\/\/www.tvturk.com\/index.php\/wp-json\/wp\/v2\/comments?post=175347"}],"version-history":[{"count":0,"href":"http:\/\/www.tvturk.com\/index.php\/wp-json\/wp\/v2\/posts\/175347\/revisions"}],"wp:attachment":[{"href":"http:\/\/www.tvturk.com\/index.php\/wp-json\/wp\/v2\/media?parent=175347"}],"wp:term":[{"taxonomy":"category","embeddable":true,"href":"http:\/\/www.tvturk.com\/index.php\/wp-json\/wp\/v2\/categories?post=175347"},{"taxonomy":"post_tag","embeddable":true,"href":"http:\/\/www.tvturk.com\/index.php\/wp-json\/wp\/v2\/tags?post=175347"}],"curies":[{"name":"wp","href":"https:\/\/api.w.org\/{rel}","templated":true}]}}