{"id":175349,"date":"2019-06-28T17:32:19","date_gmt":"2019-06-28T14:32:19","guid":{"rendered":"http:\/\/www.tvturk.com\/index.php\/turkiye-umit-genc-ve-u21-karate-sampiyonasinin-resmi-acilisi-yapildi\/"},"modified":"2019-06-28T17:32:19","modified_gmt":"2019-06-28T14:32:19","slug":"turkiye-umit-genc-ve-u21-karate-sampiyonasinin-resmi-acilisi-yapildi","status":"publish","type":"post","link":"http:\/\/www.tvturk.com\/index.php\/turkiye-umit-genc-ve-u21-karate-sampiyonasinin-resmi-acilisi-yapildi\/","title":{"rendered":"T\u00fcrkiye \u00dcmit, Gen\u00e7 ve U21 Karate \u015eampiyonas\u0131\u2019n\u0131n resmi a\u00e7\u0131l\u0131\u015f\u0131 yap\u0131ld\u0131"},"content":{"rendered":"<p>Gaziantep B\u00fcy\u00fck\u015fehir Belediyesi ve T\u00fcrkiye Karate Federasyonu i\u015fbirli\u011finde organize edilen T\u00fcrkiye \u00dcmit, Gen\u00e7 ve U21 Karate \u015eampiyonas\u0131\u2019n\u0131n resmi a\u00e7\u0131l\u0131\u015f\u0131 yap\u0131ld\u0131. 27-30 Haziran 2019 tarihleri aras\u0131nda d\u00fczenlenecek \u015fampiyonaya, 54 \u015fehirden bin 600 sporcu kat\u0131lacak.<\/p>\n<p>\u015eahinbey Spor Salonu\u2019ndaki resmi a\u00e7\u0131l\u0131\u015fta konu\u015fan Gaziantep B\u00fcy\u00fck\u015fehir Belediyesi Ba\u015fkan Vekili Latif Karada\u011f, \u015fampiyona boyunca 54 \u015fehirden bin 600 sporcuyu a\u011f\u0131rlayacaklar\u0131n\u0131 belirterek, \u201cGaziantep, gastronomi ve tarih \u015fehrinin yan\u0131 s\u0131ra art\u0131k bir spor \u015fehri ve gen\u00e7lik \u015fehridir. Yeni d\u00f6nemimizin slogan\u0131 y\u00fckselen Gaziantep olarak belirledik. \u2018Gen\u00e7li\u011fiyle Y\u00fckselen Gaziantep\u2019 ve \u2018Sporuyla Y\u00fckselen Gaziantep\u2019 i\u00e7in 3\u2019\u00fcnc\u00fc \u00dcmit, Gen\u00e7 ve U21 Karate \u015eampiyonas\u0131\u2019n\u0131n payda\u015f\u0131 olmaktan \u00e7ok mutluyuz. B\u00fcy\u00fck\u015fehir Belediyesinin yap\u0131lanmas\u0131 kapsam\u0131nda sadece gen\u00e7lik ve sporla ilgili \u00e7al\u0131\u015fmalar\u0131 yapacak Gen\u00e7lik ve Spor Daire Ba\u015fkanl\u0131\u011f\u0131n\u0131 kurduk. Yaz tatilinde 10 bin ki\u015finin kat\u0131ld\u0131\u011f\u0131 yaz okullar\u0131m\u0131zla gen\u00e7li\u011fe hizmet ediyoruz. Yat\u0131r\u0131mlar\u0131m\u0131z aras\u0131nda bulunan 10 spor salonuyla 13 y\u00fczme havuzun in\u015faat \u00e7al\u0131\u015fmalar\u0131 devam ediyor. 23 tesisin ayn\u0131 anda bitmesiyle birlikte \u2018spor \u015fehri\u2019 \u2018sporuyla y\u00fckselen Gaziantep\u2019 hedefine ciddi bir destek sa\u011flayaca\u011f\u0131z. \u015eehitkamil Spor Salonu\u2019na y\u00f6nelik \u00e7al\u0131\u015fmalar ba\u015flayacak. B\u00f6ylece ikinci bir salonu hizmete a\u00e7m\u0131\u015f olaca\u011f\u0131z\u201d dedi.<\/p>\n<p>Gaziantep\u2019i sportif mecralarda tan\u0131taca\u011f\u0131z<\/p>\n<p>T\u00fcrkiye Karate Federasyonu Genel Sekreteri Ali B\u0131ld\u0131rc\u0131n ise, t\u0131pk\u0131 bir bayramla\u015fma gibi Gaziantep\u2019te topland\u0131klar\u0131n bildirerek, \u201cT\u00fcrkiye \u00dcmit, Gen\u00e7 ve U21 Karate \u015eampiyonas\u0131 ve T\u00fcrkiye Milli Tak\u0131m se\u00e7me m\u00fcsabakalar\u0131 i\u00e7in bir araday\u0131z. Ge\u00e7mi\u015fte oldu\u011fu gibi bug\u00fcn de desteklerini bizden esirgemeyen B\u00fcy\u00fck\u015fehir Belediye Ba\u015fkan\u0131 Fatma \u015eahin\u2019e ve Gaziantep Valisi Davut G\u00fcl\u2019e \u015f\u00fckranlar\u0131m\u0131 sunar\u0131m. Gaziantep art\u0131k kalbimize yerle\u015fmi\u015ftir. Karate Federasyonumuzun en \u00f6nemli pilot illerinden birisi olmu\u015ftur. Art\u0131k, Gaziantep\u2019siz bir faaliyet y\u0131l\u0131 yapmak neredeyse imkans\u0131z hale gelmi\u015ftir. Dolay\u0131s\u0131yla Gaziantep ekonomisiyle, tarihiyle, k\u00fclt\u00fcr\u00fcyle, co\u011frafyas\u0131yla T\u00fcrkiye\u2019mizin her ge\u00e7en g\u00fcn y\u00fckselen bir de\u011feri ve hepimizin g\u00f6zbebe\u011fidir. Bundan sonra da birlikteli\u011fimiz ve dayan\u0131\u015fmam\u0131z devam edecektir. G\u00fczide \u015fehrimizin sportif mecralarda da t\u00fcm D\u00fcnya\u2019da tan\u0131nmas\u0131na \u00f6nc\u00fcl\u00fck edece\u011fiz\u201d diye konu\u015ftu.<\/p>\n<p>Gaziantep Gen\u00e7lik ve Spor \u0130l M\u00fcd\u00fcr\u00fc Ahmet K\u00f6lemen de T\u00fcrkiye \u00dcmit, Gen\u00e7 ve U21 Karate \u015eampiyonas\u0131\u2019na kat\u0131lan t\u00fcm sporcular\u0131 ve antren\u00f6rlerii spor kenti Gaziantep\u2019te a\u011f\u0131rlamaktan duydu\u011fu memnuniyeti dile getirerek, t\u00fcm yar\u0131\u015fmac\u0131lara g\u00f6n\u00fclden ba\u015far\u0131lar diledi.<\/p>\n<p>Konu\u015fmalar\u0131n ard\u0131ndan T\u00fcrkiye Karate Federasyonu Genel Sekreteri Ali B\u0131ld\u0131rc\u0131n, Karada\u011f\u2019a milli tak\u0131m formas\u0131 ve B\u00fcy\u00fck\u015fehir Belediyesi taraf\u0131ndan \u015fampiyonan\u0131n yap\u0131lmas\u0131nda verilen destekten dolay\u0131 te\u015fekk\u00fcr belgesi takdim etti.<\/p>\n","protected":false},"excerpt":{"rendered":"<p>GAZ\u0130ANTEP B\u00dcY\u00dcK\u015eEH\u0130R BELED\u0130YES\u0130 VE T\u00dcRK\u0130YE KARATE FEDERASYONU \u0130\u015eB\u0130RL\u0130\u011e\u0130NDE ORGAN\u0130ZE ED\u0130LEN T\u00dcRK\u0130YE \u00dcM\u0130T, GEN\u00c7 VE U21 KARATE \u015eAMP\u0130YONASI\u2019NIN RESM\u0130 A\u00c7ILI\u015eI YAPILDI. 27-30 HAZ\u0130RAN 2019 TAR\u0130HLER\u0130 ARASINDA D\u00dcZENLENECEK \u015eAMP\u0130YONAYA, 54 \u015eEH\u0130RDEN B\u0130N 600 SPORCU KATILACAK.<\/p>\n","protected":false},"author":1,"featured_media":0,"comment_status":"closed","ping_status":"open","sticky":false,"template":"","format":"standard","meta":{"jetpack_post_was_ever_published":false,"_jetpack_newsletter_access":"","_jetpack_dont_email_post_to_subs":false,"_jetpack_newsletter_tier_id":0,"_jetpack_memberships_contains_paywalled_content":false,"_jetpack_memberships_contains_paid_content":false,"footnotes":"","jetpack_publicize_message":"","jetpack_publicize_feature_enabled":true,"jetpack_social_post_already_shared":true,"jetpack_social_options":{"image_generator_settings":{"template":"highway","default_image_id":0,"font":"","enabled":false},"version":2}},"categories":[657],"tags":[674,803,9692,3690,17103,453,20844,4448,117],"class_list":["post-175349","post","type-post","status-publish","format-standard","hentry","category-spor","tag-acilisi","tag-genc","tag-karate","tag-resmi","tag-sampiyonasinin","tag-turkiye","tag-u21","tag-umit","tag-yapildi"],"jetpack_publicize_connections":[],"jetpack_featured_media_url":"","jetpack_sharing_enabled":true,"jetpack_shortlink":"https:\/\/wp.me\/paKIfm-JCd","_links":{"self":[{"href":"http:\/\/www.tvturk.com\/index.php\/wp-json\/wp\/v2\/posts\/175349","targetHints":{"allow":["GET"]}}],"collection":[{"href":"http:\/\/www.tvturk.com\/index.php\/wp-json\/wp\/v2\/posts"}],"about":[{"href":"http:\/\/www.tvturk.com\/index.php\/wp-json\/wp\/v2\/types\/post"}],"author":[{"embeddable":true,"href":"http:\/\/www.tvturk.com\/index.php\/wp-json\/wp\/v2\/users\/1"}],"replies":[{"embeddable":true,"href":"http:\/\/www.tvturk.com\/index.php\/wp-json\/wp\/v2\/comments?post=175349"}],"version-history":[{"count":0,"href":"http:\/\/www.tvturk.com\/index.php\/wp-json\/wp\/v2\/posts\/175349\/revisions"}],"wp:attachment":[{"href":"http:\/\/www.tvturk.com\/index.php\/wp-json\/wp\/v2\/media?parent=175349"}],"wp:term":[{"taxonomy":"category","embeddable":true,"href":"http:\/\/www.tvturk.com\/index.php\/wp-json\/wp\/v2\/categories?post=175349"},{"taxonomy":"post_tag","embeddable":true,"href":"http:\/\/www.tvturk.com\/index.php\/wp-json\/wp\/v2\/tags?post=175349"}],"curies":[{"name":"wp","href":"https:\/\/api.w.org\/{rel}","templated":true}]}}