{"id":175355,"date":"2019-06-28T17:46:47","date_gmt":"2019-06-28T14:46:47","guid":{"rendered":"http:\/\/www.tvturk.com\/index.php\/istanbul-moda-akademisinden-moda-sov\/"},"modified":"2019-06-28T17:46:47","modified_gmt":"2019-06-28T14:46:47","slug":"istanbul-moda-akademisinden-moda-sov","status":"publish","type":"post","link":"http:\/\/www.tvturk.com\/index.php\/istanbul-moda-akademisinden-moda-sov\/","title":{"rendered":"\u0130stanbul Moda Akademisi\u2019nden moda \u015fov"},"content":{"rendered":"<p>12 y\u0131ld\u0131r sekt\u00f6re tasar\u0131mc\u0131 yeti\u015ftiren T\u00fcrkiye\u2019nin \u00f6nde gelen moda okulu \u0130stanbul Moda Akademisi, mezun \u00f6\u011frencilerin tasar\u0131mlar\u0131n\u0131n yan\u0131nda halihaz\u0131rda e\u011fitim alan \u00f6\u011frencilerin de tasar\u0131mlar\u0131yla yer ald\u0131\u011f\u0131 dev bir defile organizasyonuna imza att\u0131.<\/p>\n<p>B\u00fcy\u00fck bir co\u015fkuyla kar\u015f\u0131lanan defileyi izlemeye gelenler aras\u0131nda \u0130HK\u0130B Y\u00f6netim Kurulu Ba\u015fkan\u0131 Mustafa G\u00fcltepe, T\u0130M Ba\u015fkan\u0131 \u0130smail G\u00fclle, \u00d6yk\u00fc Karayel, Yonca Ebuziya, \u00d6mer Tavilo\u011flu, Nejdet Ayayd\u0131n, At\u0131l Kuto\u011flu, \u00d6zg\u00fcr Masur, Simay B\u00fclb\u00fcl, Niyazi Erdo\u011fan, Mehtap Elaidi gibi isimler yer ald\u0131.<\/p>\n<p>Bug\u00fcne kadar her y\u0131l mezun etti\u011fi \u00f6\u011frencilerin \u00e7al\u0131\u015fmalar\u0131n\u0131 bir sergide toplayan \u0130stanbul Moda Akademisi, bu y\u0131l kurumda moda tasar\u0131m\u0131 e\u011fitimi alan birinci, ikinci s\u0131n\u0131flar\u0131n tasar\u0131mlar\u0131ndan se\u00e7ilenlerle birlikte mezun \u00f6\u011frencilerin tasar\u0131mlar\u0131n\u0131 dev bir defileyle tan\u0131tt\u0131.<\/p>\n<p>Defilede 70 model ile, \u0130MA\u2019da Moda Tasar\u0131m\u0131 ve Teknolojisi Lisans Program\u0131 bir, iki ve \u00fc\u00e7\u00fcnc\u00fc s\u0131n\u0131flar\u0131nda \u00f6\u011frenim g\u00f6ren toplamda 35 \u00f6\u011frencinin 84 farkl\u0131 tasar\u0131m\u0131 podyumda yer ald\u0131.<\/p>\n<p>Moda tasar\u0131m\u0131 birinci s\u0131n\u0131f \u00f6\u011frencilerinin 2018-19 e\u011fitim d\u00f6nemi s\u00fcresince ger\u00e7ekle\u015ftirdikleri \u2018etek, g\u00f6mlek ve elbise projeleri\u2019, ikinci s\u0131n\u0131f \u00f6\u011frencilerinin ilk koleksiyonlar\u0131n\u0131 haz\u0131rlad\u0131klar\u0131 \u2018mini koleksiyon\u2019 projesi, ilk kez bir defile ile sergilendi. Birbirinden farkl\u0131 tema ve konseptler geli\u015ftirerek hayata ge\u00e7irilen \u2018final projeleri\u2019 ise moda tasar\u0131m\u0131 son s\u0131n\u0131f \u00f6\u011frencileri i\u00e7in moda haftas\u0131na a\u00e7\u0131lan kap\u0131ya anahtar niteli\u011findeydi.<\/p>\n<p>Moda, tekstil, perakende, sanat ve bas\u0131ndan \u00f6nemli isimlerden olu\u015fan yakla\u015f\u0131k 700 davetlinin kat\u0131l\u0131m\u0131yla ger\u00e7ekle\u015fen defilede ayn\u0131 zamanda New Gen J\u00fcrisi de yer al\u0131yordu. Modan\u0131n farkl\u0131 disiplinlerinde yer alan profesyonellerden olu\u015fan j\u00fcriye \u00fcnl\u00fc moda tasar\u0131mc\u0131s\u0131 Bora Aksu ba\u015fkanl\u0131k etti. Moda Tasar\u0131m\u0131 Lisans Program\u0131 son s\u0131n\u0131f \u00f6\u011frencilerinin \u00e7al\u0131\u015fmalar\u0131n\u0131 de\u011ferlendiren j\u00fcride John Lau, Mehtap Elaidi, \u00d6zg\u00fcr Masur, \u00d6zlem Kaya, \u015eebnem G\u00fcnay, \u00d6zge Sar\u0131kad\u0131lar, Kaner K\u0131van\u00e7, Burak Sanuk, Mert Yemenicio\u011flu, O\u011fuz Erel, Alper Uzel, \u0130lke G\u00fczelsoy Cerci, Duygu Bengi, Aytekin Yal\u00e7\u0131n ve Bur\u00e7in \u00dcnald\u0131 yer al\u0131yor. j\u00fcri, son s\u0131n\u0131f \u00f6\u011frencilerinin \u00e7al\u0131\u015fmalar\u0131n\u0131 de\u011ferlendirerek, Mercedes-Benz Fashion Week Istanbul\u2019da her sezon ger\u00e7ekle\u015fen \u201cNew Gen\u201d karma defilesinde yer almaya hak kazananlar\u0131 belirledi.<\/p>\n<p>Defile sonras\u0131 yap\u0131lan \u00f6d\u00fcl t\u00f6reninde \u0130stanbul Haz\u0131r Giyim ve Konfeksiyon \u0130hracat\u00e7\u0131 Birlikleri (\u0130HK\u0130B) taraf\u0131ndan 2018-19 e\u011fitim d\u00f6nemi mezunlar\u0131na akademik ba\u015far\u0131 ve en iyi koleksiyon \u00f6d\u00fclleri sunuldu.<\/p>\n","protected":false},"excerpt":{"rendered":"<p>12 YILDIR SEKT\u00d6RE TASARIMCI YET\u0130\u015eT\u0130REN T\u00dcRK\u0130YE\u2019N\u0130N \u00d6NDE GELEN MODA OKULU \u0130STANBUL MODA AKADEM\u0130S\u0130, MEZUN \u00d6\u011eRENC\u0130LER\u0130N TASARIMLARININ YANINDA HAL\u0130HAZIRDA E\u011e\u0130T\u0130M ALAN \u00d6\u011eRENC\u0130LER\u0130N DE TASARIMLARIYLA YER ALDI\u011eI DEV B\u0130R DEF\u0130LE ORGAN\u0130ZASYONUNA \u0130MZA ATTI.<\/p>\n","protected":false},"author":1,"featured_media":0,"comment_status":"closed","ping_status":"open","sticky":false,"template":"","format":"standard","meta":{"jetpack_post_was_ever_published":false,"_jetpack_newsletter_access":"","_jetpack_dont_email_post_to_subs":false,"_jetpack_newsletter_tier_id":0,"_jetpack_memberships_contains_paywalled_content":false,"_jetpack_memberships_contains_paid_content":false,"footnotes":"","jetpack_publicize_message":"","jetpack_publicize_feature_enabled":true,"jetpack_social_post_already_shared":true,"jetpack_social_options":{"image_generator_settings":{"template":"highway","default_image_id":0,"font":"","enabled":false},"version":2}},"categories":[1],"tags":[42729,730,3060,3662],"class_list":["post-175355","post","type-post","status-publish","format-standard","hentry","category-genel","tag-akademisinden","tag-istanbul","tag-moda","tag-sov"],"jetpack_publicize_connections":[],"jetpack_featured_media_url":"","jetpack_sharing_enabled":true,"jetpack_shortlink":"https:\/\/wp.me\/paKIfm-JCj","_links":{"self":[{"href":"http:\/\/www.tvturk.com\/index.php\/wp-json\/wp\/v2\/posts\/175355","targetHints":{"allow":["GET"]}}],"collection":[{"href":"http:\/\/www.tvturk.com\/index.php\/wp-json\/wp\/v2\/posts"}],"about":[{"href":"http:\/\/www.tvturk.com\/index.php\/wp-json\/wp\/v2\/types\/post"}],"author":[{"embeddable":true,"href":"http:\/\/www.tvturk.com\/index.php\/wp-json\/wp\/v2\/users\/1"}],"replies":[{"embeddable":true,"href":"http:\/\/www.tvturk.com\/index.php\/wp-json\/wp\/v2\/comments?post=175355"}],"version-history":[{"count":0,"href":"http:\/\/www.tvturk.com\/index.php\/wp-json\/wp\/v2\/posts\/175355\/revisions"}],"wp:attachment":[{"href":"http:\/\/www.tvturk.com\/index.php\/wp-json\/wp\/v2\/media?parent=175355"}],"wp:term":[{"taxonomy":"category","embeddable":true,"href":"http:\/\/www.tvturk.com\/index.php\/wp-json\/wp\/v2\/categories?post=175355"},{"taxonomy":"post_tag","embeddable":true,"href":"http:\/\/www.tvturk.com\/index.php\/wp-json\/wp\/v2\/tags?post=175355"}],"curies":[{"name":"wp","href":"https:\/\/api.w.org\/{rel}","templated":true}]}}