{"id":175375,"date":"2019-06-28T19:01:40","date_gmt":"2019-06-28T16:01:40","guid":{"rendered":"http:\/\/www.tvturk.com\/index.php\/ispartada-bedelli-jandarma-erler-yemin-etti\/"},"modified":"2019-06-28T19:01:40","modified_gmt":"2019-06-28T16:01:40","slug":"ispartada-bedelli-jandarma-erler-yemin-etti","status":"publish","type":"post","link":"http:\/\/www.tvturk.com\/index.php\/ispartada-bedelli-jandarma-erler-yemin-etti\/","title":{"rendered":"Isparta\u2019da Bedelli Jandarma Erler yemin etti"},"content":{"rendered":"<p>H\u00fck\u00fcmet taraf\u0131ndan \u00e7\u0131kar\u0131lan 21 g\u00fcnl\u00fck bedelli askerlik uygulamas\u0131 kapsam\u0131nda 21. Celp D\u00f6nemi\u2019nde Isparta\u2019ya gelen bedelli Jandarma Erler i\u00e7in yemin t\u00f6reni d\u00fczenlendi. Isparta \u0130l Jandarma Komutanl\u0131\u011f\u0131nda 21 g\u00fcnl\u00fck askeri e\u011fitimini tamamlayan 49 Bedelli Jandarma Er d\u00fczenlenen t\u00f6renle yemin ederek terhis oldu.<\/p>\n<p>Isparta\u2019da 21. Celp D\u00f6nemi\u2019nde temel e\u011fitimlerini tamamlayan bedelli askerler, yemin ederek terhis oldu.<\/p>\n<p>Isparta \u0130l Jandarma Komutanl\u0131\u011f\u0131nda e\u011fitimlerini tamamlayan bedelli askerlik y\u00fck\u00fcml\u00fcs\u00fc 49 jandarma er i\u00e7in Milli E\u011fitim \u00c7al\u0131\u015fanlar\u0131 Spor Salonu\u2019nda t\u00f6ren d\u00fczenlendi. T\u00f6rene \u0130l Jandarma Komutan\u0131 Albay Mustafa \u00d6zdurhan, aileler ve e\u011fitimlerini tamamlayan bedelli askerler kat\u0131ld\u0131. Sayg\u0131 duru\u015funda bulunulmas\u0131 ve \u0130stiklal Mar\u015f\u0131\u2019n\u0131n okunmas\u0131yla ba\u015flayan t\u00f6rende, T\u00fcrk bayra\u011f\u0131n\u0131n ge\u00e7i\u015fi t\u00fcm kat\u0131l\u0131mc\u0131lar taraf\u0131ndan ayakta selamland\u0131. T\u00f6rende jandarma \u00fcniformalar\u0131n\u0131 giyen 49 bedelli jandarma er, T\u00fcrk bayra\u011f\u0131 ve silah\u0131n bulundu\u011fu alana ellerini koyarak yemin etti. Yeminin ard\u0131ndan G\u00f6rev isimli \u015fiir okundu. T\u00f6ren sonras\u0131nda birli\u011fe ilk kat\u0131lan bedelli Jandarma Er taraf\u0131ndan ya\u015f k\u00fct\u00fc\u011f\u00fcne d\u00f6nem plaketi \u00e7ak\u0131ld\u0131.<\/p>\n<p>T\u00f6rende daha sonra birli\u011fe ilk kat\u0131lan, sigaray\u0131 b\u0131rakan, en \u00e7ok kitap okuyan jandarma erler ve ailelerine \u0130l Jandarma Komutan\u0131 Albay Mustafa \u00d6zdurhan taraf\u0131ndan \u00f6d\u00fclleri takdim edildi.<\/p>\n<p>\u201cYemininize bir \u00f6m\u00fcr boyu sad\u0131k kalaca\u011f\u0131n\u0131zdan hi\u00e7 kimsenin \u015f\u00fcphesi yoktur\u201d<\/p>\n<p>T\u00f6rende konu\u015fma yapan \u0130l Jandarma Komutan\u0131 Albay \u00d6zdurhan ise, &#8220;K\u0131ymetli Mehmet\u00e7ikler. Sizler biraz \u00f6nce milletimizin ve ba\u011f\u0131ms\u0131zl\u0131\u011f\u0131m\u0131z\u0131n sembol\u00fc olan \u015fanl\u0131 bayra\u011f\u0131m\u0131z\u0131n \u00fczerine el koyarak, anne-baba ve yak\u0131nlar\u0131n\u0131z\u0131n huzurunda, silah arkada\u015flar\u0131n\u0131zla omuz omuza vererek, gerekti\u011finde cumhuriyet, vatan ve vazife u\u011frunda seve seve can\u0131n\u0131z\u0131 verece\u011fine namus ve \u015ferefiniz \u00fczerine ant i\u00e7tiniz. \u0130\u00e7ti\u011finiz bu ant, vatan ve millet sevgisi, vazife, namus ve \u015feref nam\u0131nda olup, d\u00fcr\u00fcstl\u00fc\u011f\u00fcn, mutlak itaatin simgesi ve ayn\u0131 zamanda Jandarma Genel Komutanl\u0131\u011f\u0131na mensup bir asker oldu\u011funuzun kabul belgesidir. \u00dclkeye hizmet, sadece k\u0131\u015flalarla s\u0131n\u0131rl\u0131 de\u011fildir. Unutmay\u0131n\u0131z ki, ne i\u015f yapt\u0131\u011f\u0131n\u0131z\u0131n \u00f6nemi yoktur. Mevcut g\u00f6revinizi en iyi \u015fekilde yapaca\u011f\u0131n\u0131za, kanun ve nizam\u0131, do\u011frulu\u011fu ve d\u00fcr\u00fcstl\u00fc\u011f\u00fc, hak ve adaleti daima rehber edinece\u011finizden, yemininize bir \u00f6m\u00fcr boyu sad\u0131k kalaca\u011f\u0131n\u0131zdan hi\u00e7 kimsenin \u015f\u00fcphesi yoktur&#8221; ifadelerini kulland\u0131.<\/p>\n<p>Albay \u00d6zdurhan, konu\u015fmas\u0131n\u0131n sonunda bedelli askerlerin temel e\u011fitiminde eme\u011fi ge\u00e7en personeline te\u015fekk\u00fcr ederek, yemin eden askerlere de antlar\u0131n\u0131n hay\u0131rl\u0131 ve u\u011furlu olmas\u0131n\u0131 temenni ederek ba\u015far\u0131lar diledi. \u00d6zdurhan, vatan i\u00e7in can\u0131n\u0131 veren \u015fehitleri de rahmetle and\u0131.<\/p>\n<p>Program ge\u00e7it t\u00f6reninin ard\u0131ndan sona ererken, 3 haftal\u0131k \u00f6zlemle evlatlar\u0131na kavu\u015fan aileler, Albay \u00d6zdurhan ve asker evlatlar\u0131yla bol bol hat\u0131ra foto\u011fraf\u0131 \u00e7ektirdi.<\/p>\n","protected":false},"excerpt":{"rendered":"<p>H\u00dcK\u00dcMET TARAFINDAN \u00c7IKARILAN 21 G\u00dcNL\u00dcK BEDELL\u0130 ASKERL\u0130K UYGULAMASI KAPSAMINDA 21.CELP D\u00d6NEM\u0130NDE ISPARTA\u2019YA GELEN BEDELL\u0130 JANDARMA ERLER \u0130\u00c7\u0130N YEM\u0130N T\u00d6REN\u0130 D\u00dcZENLEND\u0130. ISPARTA \u0130L JANDARMA KOMUTANLI\u011eI\u2019NDA 21 G\u00dcNL\u00dcK ASKER\u0130 E\u011e\u0130T\u0130M\u0130N\u0130 TAMAMLAYAN 49 BEDELL\u0130 JANDARMA ER D\u00dcZENLENEN T\u00d6RENLE YEM\u0130N EDEREK TERH\u0130S OLDU.<\/p>\n","protected":false},"author":1,"featured_media":0,"comment_status":"closed","ping_status":"open","sticky":false,"template":"","format":"standard","meta":{"jetpack_post_was_ever_published":false,"_jetpack_newsletter_access":"","_jetpack_dont_email_post_to_subs":false,"_jetpack_newsletter_tier_id":0,"_jetpack_memberships_contains_paywalled_content":false,"_jetpack_memberships_contains_paid_content":false,"footnotes":"","jetpack_publicize_message":"","jetpack_publicize_feature_enabled":true,"jetpack_social_post_already_shared":true,"jetpack_social_options":{"image_generator_settings":{"template":"highway","default_image_id":0,"font":"","enabled":false},"version":2}},"categories":[1],"tags":[2810,42736,207,5679,942,5575],"class_list":["post-175375","post","type-post","status-publish","format-standard","hentry","category-genel","tag-bedelli","tag-erler","tag-etti","tag-ispartada","tag-jandarma","tag-yemin"],"jetpack_publicize_connections":[],"jetpack_featured_media_url":"","jetpack_sharing_enabled":true,"jetpack_shortlink":"https:\/\/wp.me\/paKIfm-JCD","_links":{"self":[{"href":"http:\/\/www.tvturk.com\/index.php\/wp-json\/wp\/v2\/posts\/175375","targetHints":{"allow":["GET"]}}],"collection":[{"href":"http:\/\/www.tvturk.com\/index.php\/wp-json\/wp\/v2\/posts"}],"about":[{"href":"http:\/\/www.tvturk.com\/index.php\/wp-json\/wp\/v2\/types\/post"}],"author":[{"embeddable":true,"href":"http:\/\/www.tvturk.com\/index.php\/wp-json\/wp\/v2\/users\/1"}],"replies":[{"embeddable":true,"href":"http:\/\/www.tvturk.com\/index.php\/wp-json\/wp\/v2\/comments?post=175375"}],"version-history":[{"count":0,"href":"http:\/\/www.tvturk.com\/index.php\/wp-json\/wp\/v2\/posts\/175375\/revisions"}],"wp:attachment":[{"href":"http:\/\/www.tvturk.com\/index.php\/wp-json\/wp\/v2\/media?parent=175375"}],"wp:term":[{"taxonomy":"category","embeddable":true,"href":"http:\/\/www.tvturk.com\/index.php\/wp-json\/wp\/v2\/categories?post=175375"},{"taxonomy":"post_tag","embeddable":true,"href":"http:\/\/www.tvturk.com\/index.php\/wp-json\/wp\/v2\/tags?post=175375"}],"curies":[{"name":"wp","href":"https:\/\/api.w.org\/{rel}","templated":true}]}}