{"id":175385,"date":"2019-06-28T19:16:38","date_gmt":"2019-06-28T16:16:38","guid":{"rendered":"http:\/\/www.tvturk.com\/index.php\/diyanet-isleri-baskani-erbas-okullarda-manevi-yonden-egitim-yeterli-degil\/"},"modified":"2019-06-28T19:16:38","modified_gmt":"2019-06-28T16:16:38","slug":"diyanet-isleri-baskani-erbas-okullarda-manevi-yonden-egitim-yeterli-degil","status":"publish","type":"post","link":"http:\/\/www.tvturk.com\/index.php\/diyanet-isleri-baskani-erbas-okullarda-manevi-yonden-egitim-yeterli-degil\/","title":{"rendered":"Diyanet \u0130\u015fleri Ba\u015fkan\u0131 Erba\u015f: \u201cOkullarda manevi y\u00f6nden e\u011fitim yeterli de\u011fil\u201d"},"content":{"rendered":"<p>Diyanet \u0130\u015fleri Ba\u015fkan\u0131 Prof. Dr. Ali Erba\u015f, \u0130stanbul\u2019da T\u00fcrkiye Diyanet Vakf\u0131 \u0130stanbul \u015eubesi ve Gen\u00e7lik Merkezi binas\u0131n\u0131n a\u00e7\u0131l\u0131\u015f\u0131n\u0131 yapt\u0131. Erba\u015f, okullarda ve fak\u00fcltelerde manevi e\u011fitimin yetersiz oldu\u011funu ifade ederek bu e\u011fitimi gen\u00e7lik merkezlerinde vereceklerini s\u00f6yledi.<\/p>\n<p>\u0130stanbul \u0130l M\u00fcft\u00fcl\u00fc\u011f\u00fc taraf\u0131ndan yapt\u0131r\u0131lan T\u00fcrkiye Diyanet Vakf\u0131 \u0130stanbul \u015eubesi ve Gen\u00e7lik Merkezi hizmete a\u00e7\u0131ld\u0131. Fatih il\u00e7esi Kalenderhane Mahallesi C\u00fcce \u00c7e\u015fmesi Sokak\u2019ta yap\u0131lan a\u00e7\u0131l\u0131\u015fa Diyanet \u0130\u015fleri Ba\u015fkan\u0131 Prof. Dr. Ali Erba\u015f ve \u0130stanbul \u0130l M\u00fcft\u00fcs\u00fc Prof. Dr. Hasan Kamil Y\u0131lmaz da kat\u0131ld\u0131.<\/p>\n<p>\u201cAilenin bozuldu\u011funa dair bir tak\u0131m bilgiler al\u0131yoruz\u201d<\/p>\n<p>A\u00e7\u0131l\u0131\u015f t\u00f6reninde konu\u015fan Diyanet \u0130\u015fleri Ba\u015fkan\u0131 Prof. Dr. Ali Erba\u015f, gen\u00e7lik merkezinde verilecek olan e\u011fitimlerin \u00f6nemine dikkat \u00e7ekti. Bu t\u00fcr mekanlar\u0131n k\u0131z \u00f6\u011frenciler i\u00e7in olduk\u00e7a \u00f6nemli oldu\u011funu ifade eden Erba\u015f, \u201cCenab\u0131 Hak, bu t\u00fcr mekanlar\u0131n say\u0131s\u0131n\u0131 art\u0131rs\u0131n. \u00d6zellikle k\u0131zlar\u0131m\u0131z i\u00e7in \u00e7ok \u00f6nemli. Onlar\u0131n bu t\u00fcr mekanlarda korunakl\u0131 yerlerde kalmalar\u0131 gerekiyor. Kitaplarla, konferanslarla, sohbetlerle beslenmeleri gerekiyor. Aile o kadar \u00f6nemli ki, biz Diyanet \u0130\u015fleri Ba\u015fkanl\u0131\u011f\u0131 olarak \u00fclkemizin 81 ilinde ve d\u00f6rt y\u00fcz k\u00fcsur il\u00e7esinde aile rehberlik b\u00fcrolar\u0131 a\u00e7t\u0131k. O b\u00fcrolardan \u00e7al\u0131\u015fanlar\u0131n y\u00fczde 95\u2019i hoca han\u0131mlardan olu\u015fuyor. Zaman zaman dinliyoruz. Dinledik\u00e7e bazen seviniyoruz, bazen \u00fcz\u00fcl\u00fcyoruz. Sevincimizin sebebi, ger\u00e7ekten aileye dokunmalar\u0131, problemleri \u00e7\u00f6zmeye \u00e7al\u0131\u015fmalar\u0131, o ailenin k\u0131zlar\u0131na sahip \u00e7\u0131kmalar\u0131. Bu bizi sevindiriyor. \u00dczen k\u0131sm\u0131 da gittik\u00e7e ailenin bozulmas\u0131na y\u00f6nelik geli\u015fmeleri g\u00f6r\u00fcyoruz. Bozuldu\u011funa dair bir tak\u0131m bilgiler al\u0131yoruz.\u201d diye konu\u015ftu.<\/p>\n<p>\u201cOkullarda manevi y\u00f6nden e\u011fitimler yeterli de\u011fil\u201d<\/p>\n<p>Diyanet \u0130\u015fleri Ba\u015fkan\u0131 Erba\u015f,  gen\u00e7lik merkezleri ile okullar\u0131n aras\u0131ndaki fark\u0131 da anlatt\u0131. Manevi e\u011fitimin okullarda yetersiz oldu\u011funu ifade eden Erba\u015f, \u201cBurada yeti\u015fen k\u0131z \u00f6\u011frencilerimiz, aile bireyi olacak, anne olacak. Belki \u00e7e\u015fitli fak\u00fclteleri bitirmi\u015f, bitirecek olabilirler ama onlar\u0131n en \u00f6nemli unvan\u0131 anneliktir, anne olmalar\u0131d\u0131r. Anne olmalar\u0131 i\u00e7in nas\u0131l bir e\u011fitime tabi tutaca\u011f\u0131z? Nas\u0131l onlar\u0131n manevi d\u00fcnyalar\u0131n\u0131 besleyece\u011fiz? Bu \u00e7ok \u00f6nemli. Bunu okullarda, fak\u00fcltelerde yapmam\u0131z zor. \u0130lahiyat fak\u00fcltesi ve benzeri bir tak\u0131m e\u011fitim fak\u00fcltelerinin baz\u0131lar\u0131n\u0131n b\u00f6l\u00fcmlerinde manevi y\u00f6nden insan\u0131m\u0131z\u0131n beslenmesine y\u00f6nelik e\u011fitim programlar\u0131 var ama yeterli de\u011fil. \u0130\u015fte bu t\u00fcr gen\u00e7lik merkezlerinde, yurtlarda bu i\u015fi yapmam\u0131z gerekiyor. \u0130\u015fte bu mekanda yapaca\u011f\u0131m\u0131z hizmetler gelece\u011fe y\u00f6nelik meyvelerini verecek. \u00d6zellikle k\u0131zlar\u0131m\u0131z\u0131n iyi bir M\u00fcsl\u00fcman kad\u0131n nas\u0131l olmal\u0131, bir anne nas\u0131l olmal\u0131, bunun g\u0131das\u0131n\u0131 alacaklar burada\u201d \u015feklinde konu\u015ftu.<\/p>\n<p>\u0130stanbul \u0130l M\u00fcft\u00fcs\u00fc Prof. Dr. Hasan Kamil Y\u0131lmaz da t\u00f6rende bir konu\u015fma yapt\u0131. y\u0131lmaz, T\u00fcrkiye Diyanet Vakf\u0131 \u0130stanbul \u015eubesi ve Gen\u00e7lik Merkezi olarak a\u00e7\u0131l\u0131\u015f\u0131 yap\u0131lan bina i\u00e7in \u201cBu mekan\u0131 ilk sat\u0131n ald\u0131\u011f\u0131m\u0131z zaman \u0130stanbul M\u00fcft\u00fcl\u00fc\u011f\u00fc Konutu olarak d\u00fc\u015f\u00fcn\u00fclm\u00fc\u015ft\u00fc. Yani, m\u00fcft\u00fcm\u00fcz burada ikamet eder diye alm\u0131\u015ft\u0131k. Ama daha sonra g\u00f6rd\u00fck ki bu mekan\u0131n bulundu\u011fu alanda e\u011fitim kurumlar\u0131 var. \u00d6zellikle k\u0131z \u00f6\u011frenci yurtlar\u0131yla dolu bir alan buras\u0131. B\u00f6yle olmas\u0131 bizi Diyanet\u2019in insan ve din merkezli anlay\u0131\u015f\u0131yla ku\u015fatt\u0131. Ve dedik ki buras\u0131 insan merkezli din hizmetinin bir e\u011fitim be\u015fi\u011fi olsun ve civarda kalan k\u0131z \u00f6\u011frencilerimizin istifade edece\u011fi bir gen\u00e7lik merkezi olsun.\u201d dedi.<\/p>\n<p>Konu\u015fmalar\u0131n ard\u0131ndan Diyanet \u0130\u015fleri Ba\u015fkan\u0131 Prof. Dr. Ali Erba\u015f, \u0130stanbul \u0130l M\u00fcft\u00fcs\u00fc Prof. Dr. Hasan Kamil Y\u0131lmaz ve beraberindeki heyet a\u00e7\u0131l\u0131\u015f kurdelesini keserek binay\u0131 gezdi.<\/p>\n","protected":false},"excerpt":{"rendered":"<p>\u0130STANBUL \u0130L M\u00dcFT\u00dcL\u00dc\u011e\u00dc TARAFINDAN YAPTIRILAN T\u00dcRK\u0130YE D\u0130YANET VAKFI \u0130STANBUL \u015eUBES\u0130 VE GEN\u00c7L\u0130K MERKEZ\u0130 H\u0130ZMETE A\u00c7ILDI. FAT\u0130H \u0130L\u00c7ES\u0130 KALENDERHANE MAHALLES\u0130 C\u00dcCE \u00c7E\u015eMES\u0130 SOKAK\u2019TA YAPILAN A\u00c7ILI\u015eA D\u0130YANET \u0130\u015eLER\u0130 BA\u015eKANI PROF. DR. AL\u0130 ERBA\u015e VE \u0130STANBUL \u0130L M\u00dcFT\u00dcS\u00dc PROF. DR. HASAN KAM\u0130L YILMAZ DA KATILDI.<\/p>\n","protected":false},"author":1,"featured_media":0,"comment_status":"closed","ping_status":"open","sticky":false,"template":"","format":"standard","meta":{"jetpack_post_was_ever_published":false,"_jetpack_newsletter_access":"","_jetpack_dont_email_post_to_subs":false,"_jetpack_newsletter_tier_id":0,"_jetpack_memberships_contains_paywalled_content":false,"_jetpack_memberships_contains_paid_content":false,"footnotes":"","jetpack_publicize_message":"","jetpack_publicize_feature_enabled":true,"jetpack_social_post_already_shared":true,"jetpack_social_options":{"image_generator_settings":{"template":"highway","default_image_id":0,"font":"","enabled":false},"version":2}},"categories":[1],"tags":[8688,216,2039,3150,398,10687,3151,7897,4284,8778],"class_list":["post-175385","post","type-post","status-publish","format-standard","hentry","category-genel","tag-yeterli","tag-baskani","tag-degil","tag-diyanet","tag-egitim","tag-erbas","tag-isleri","tag-manevi","tag-okullarda","tag-yonden"],"jetpack_publicize_connections":[],"jetpack_featured_media_url":"","jetpack_sharing_enabled":true,"jetpack_shortlink":"https:\/\/wp.me\/paKIfm-JCN","_links":{"self":[{"href":"http:\/\/www.tvturk.com\/index.php\/wp-json\/wp\/v2\/posts\/175385","targetHints":{"allow":["GET"]}}],"collection":[{"href":"http:\/\/www.tvturk.com\/index.php\/wp-json\/wp\/v2\/posts"}],"about":[{"href":"http:\/\/www.tvturk.com\/index.php\/wp-json\/wp\/v2\/types\/post"}],"author":[{"embeddable":true,"href":"http:\/\/www.tvturk.com\/index.php\/wp-json\/wp\/v2\/users\/1"}],"replies":[{"embeddable":true,"href":"http:\/\/www.tvturk.com\/index.php\/wp-json\/wp\/v2\/comments?post=175385"}],"version-history":[{"count":0,"href":"http:\/\/www.tvturk.com\/index.php\/wp-json\/wp\/v2\/posts\/175385\/revisions"}],"wp:attachment":[{"href":"http:\/\/www.tvturk.com\/index.php\/wp-json\/wp\/v2\/media?parent=175385"}],"wp:term":[{"taxonomy":"category","embeddable":true,"href":"http:\/\/www.tvturk.com\/index.php\/wp-json\/wp\/v2\/categories?post=175385"},{"taxonomy":"post_tag","embeddable":true,"href":"http:\/\/www.tvturk.com\/index.php\/wp-json\/wp\/v2\/tags?post=175385"}],"curies":[{"name":"wp","href":"https:\/\/api.w.org\/{rel}","templated":true}]}}