{"id":175389,"date":"2019-06-28T19:47:06","date_gmt":"2019-06-28T16:47:06","guid":{"rendered":"http:\/\/www.tvturk.com\/index.php\/genclerbirligi-senegalli-kaleci-ile-anlasti\/"},"modified":"2019-06-28T19:47:06","modified_gmt":"2019-06-28T16:47:06","slug":"genclerbirligi-senegalli-kaleci-ile-anlasti","status":"publish","type":"post","link":"http:\/\/www.tvturk.com\/index.php\/genclerbirligi-senegalli-kaleci-ile-anlasti\/","title":{"rendered":"Gen\u00e7lerbirli\u011fi, Senegalli kaleci ile anla\u015ft\u0131"},"content":{"rendered":"<p>Transfer \u00e7al\u0131\u015fmalar\u0131n\u0131 s\u00fcrd\u00fcren Gen\u00e7lerbirli\u011fi Senegalli kaleci Abdoulaye Diallo ile anla\u015fmaya vard\u0131.<\/p>\n<p>Ba\u015fkent ekibi bir d\u00f6nem \u00c7aykur Rizespor formas\u0131 da giyen Diallo ile iki y\u0131ll\u0131k s\u00f6zle\u015fme imzalad\u0131.1992 do\u011fumlu 1.91 boyundaki kaleci \u015fu anda \u00fclke milli tak\u0131m\u0131 Senegal ile Afrika Uluslar Kupas\u0131\u2019nda m\u00fccadele ediyor.<\/p>\n<p>Son olarak Fransa Ligue 1 tak\u0131mlar\u0131ndan Rennes\u2019in kalesini koruyan Abdoulaye Diallo, Afrika Uluslar Kupas\u0131\u2019n\u0131n ard\u0131ndan Gen\u00e7lerbirli\u011fi kamp\u0131na kat\u0131lacak.<\/p>\n","protected":false},"excerpt":{"rendered":"<p>TRANSFER \u00c7ALI\u015eMALARINI S\u00dcRD\u00dcREN GEN\u00c7LERB\u0130RL\u0130\u011e\u0130 SENEGALL\u0130 KALEC\u0130 ABDOULAYE D\u0130ALLO \u0130LE ANLA\u015eMAYA VARDI.<\/p>\n","protected":false},"author":1,"featured_media":0,"comment_status":"closed","ping_status":"open","sticky":false,"template":"","format":"standard","meta":{"jetpack_post_was_ever_published":false,"_jetpack_newsletter_access":"","_jetpack_dont_email_post_to_subs":false,"_jetpack_newsletter_tier_id":0,"_jetpack_memberships_contains_paywalled_content":false,"_jetpack_memberships_contains_paid_content":false,"footnotes":"","jetpack_publicize_message":"","jetpack_publicize_feature_enabled":true,"jetpack_social_post_already_shared":true,"jetpack_social_options":{"image_generator_settings":{"template":"highway","default_image_id":0,"font":"","enabled":false},"version":2}},"categories":[657],"tags":[6579,7850,192,24663,27072],"class_list":["post-175389","post","type-post","status-publish","format-standard","hentry","category-spor","tag-anlasti","tag-genclerbirligi","tag-ile","tag-kaleci","tag-senegalli"],"jetpack_publicize_connections":[],"jetpack_featured_media_url":"","jetpack_sharing_enabled":true,"jetpack_shortlink":"https:\/\/wp.me\/paKIfm-JCR","_links":{"self":[{"href":"http:\/\/www.tvturk.com\/index.php\/wp-json\/wp\/v2\/posts\/175389","targetHints":{"allow":["GET"]}}],"collection":[{"href":"http:\/\/www.tvturk.com\/index.php\/wp-json\/wp\/v2\/posts"}],"about":[{"href":"http:\/\/www.tvturk.com\/index.php\/wp-json\/wp\/v2\/types\/post"}],"author":[{"embeddable":true,"href":"http:\/\/www.tvturk.com\/index.php\/wp-json\/wp\/v2\/users\/1"}],"replies":[{"embeddable":true,"href":"http:\/\/www.tvturk.com\/index.php\/wp-json\/wp\/v2\/comments?post=175389"}],"version-history":[{"count":0,"href":"http:\/\/www.tvturk.com\/index.php\/wp-json\/wp\/v2\/posts\/175389\/revisions"}],"wp:attachment":[{"href":"http:\/\/www.tvturk.com\/index.php\/wp-json\/wp\/v2\/media?parent=175389"}],"wp:term":[{"taxonomy":"category","embeddable":true,"href":"http:\/\/www.tvturk.com\/index.php\/wp-json\/wp\/v2\/categories?post=175389"},{"taxonomy":"post_tag","embeddable":true,"href":"http:\/\/www.tvturk.com\/index.php\/wp-json\/wp\/v2\/tags?post=175389"}],"curies":[{"name":"wp","href":"https:\/\/api.w.org\/{rel}","templated":true}]}}