{"id":175415,"date":"2019-06-28T22:31:41","date_gmt":"2019-06-28T19:31:41","guid":{"rendered":"http:\/\/www.tvturk.com\/index.php\/diyarbakirda-seyh-sait-ve-arkadaslari-anildi\/"},"modified":"2019-06-28T22:31:41","modified_gmt":"2019-06-28T19:31:41","slug":"diyarbakirda-seyh-sait-ve-arkadaslari-anildi","status":"publish","type":"post","link":"http:\/\/www.tvturk.com\/index.php\/diyarbakirda-seyh-sait-ve-arkadaslari-anildi\/","title":{"rendered":"Diyarbak\u0131r\u2019da \u015eeyh Sait ve arkada\u015flar\u0131 an\u0131ld\u0131"},"content":{"rendered":"<p>Diyarbak\u0131r 94 y\u0131l \u00f6nce idam edilen \u015eeyh Sait ve arkada\u015flar\u0131 d\u00fczenlenen etkinlikle an\u0131ld\u0131.<\/p>\n<p>Mustazaflar Cemiyeti Diyarbak\u0131r \u015eubesi taraf\u0131ndan 94 y\u0131l \u00f6nce idam edilen \u015eeyh Sait ve 46 arkada\u015f\u0131 an\u0131ld\u0131. Sur il\u00e7esinde bulunan tarihi Ulu Camii\u2019nde k\u0131l\u0131nan cuma namaz\u0131 sonras\u0131 ger\u00e7ekle\u015ftirilen bas\u0131n a\u00e7\u0131klamas\u0131n\u0131 Mustazaflar Cemiyeti Diyarbak\u0131r \u015eubesi \u00fcyesi Uzeyir Yuva okudu. Yuva, \u201cAradan ge\u00e7en 94 y\u0131la ra\u011fmen \u015eeyh Said efendi ve dava arkada\u015flar\u0131n\u0131n kabirlerinin gizleniyor olmas\u0131 b\u00fcy\u00fck bir zul\u00fcmd\u00fcr. Y\u0131llard\u0131r toplumun bu konuda bir beklentisi vard\u0131r. Bir an evvel bu zulme son verilmeli ve \u015eeyh Said efendi ile arkada\u015flar\u0131n\u0131n kabir yerleri a\u00e7\u0131\u011fa \u00e7\u0131kar\u0131lmad\u0131r. Devlet, o d\u00f6nemde yap\u0131lan zul\u00fcmlerden dolay\u0131, M\u00fcsl\u00fcman halktan \u00f6z\u00fcr dilemeli ve sebep oldu\u011fu her t\u00fcrl\u00fc kayb\u0131 telafi etmelidir. M\u00fcfredat kitaplar\u0131nda ge\u00e7en, \u00e7ocuklar\u0131m\u0131z\u0131n zihinlerine zerk edilen \u015eeyh Said ve dava arkada\u015flar\u0131 hakk\u0131ndaki as\u0131ls\u0131z ithamlar ortadan kald\u0131r\u0131lmal\u0131d\u0131r. Toplumun ihtiya\u00e7lar\u0131n\u0131 kar\u015f\u0131lamada yetersiz kalan halihaz\u0131rdaki anayasa yenilenmelidir. Halk\u0131n inanc\u0131 ve k\u00fclt\u00fcr\u00fcyle bar\u0131\u015f\u0131k yeni, sivil bir anayasa yap\u0131lmal\u0131d\u0131r. Bu m\u00fcnasebetle \u015fehadetlerinin 94\u2019\u00fcnc\u00fc y\u0131l\u0131nda \u015eeyh Said ve 46 dava arkada\u015f\u0131n\u0131 tekrar y\u00e2d eder ve onlar\u0131 unutmay\u0131p, unutturmayaca\u011f\u0131m\u0131z\u0131 vadederiz\u201d dedi.<\/p>\n<p>A\u00e7\u0131klaman\u0131n ard\u0131ndan dualar okuyan grup da\u011f\u0131ld\u0131.<\/p>\n","protected":false},"excerpt":{"rendered":"<p>D\u0130YARBAKIR MUSTAZAFLAR CEM\u0130YET\u0130 TARAFINDAN D\u00dcZENLENEN BASIN A\u00c7ILAMASINDA \u015eEYH SA\u0130T VE DAVA ARKADA\u015eLARI ANILARAK, YERLER\u0130N\u0130N A\u00c7IKLANMASINI \u0130STED\u0130.<\/p>\n","protected":false},"author":1,"featured_media":0,"comment_status":"closed","ping_status":"open","sticky":false,"template":"","format":"standard","meta":{"jetpack_post_was_ever_published":false,"_jetpack_newsletter_access":"","_jetpack_dont_email_post_to_subs":false,"_jetpack_newsletter_tier_id":0,"_jetpack_memberships_contains_paywalled_content":false,"_jetpack_memberships_contains_paid_content":false,"footnotes":"","jetpack_publicize_message":"","jetpack_publicize_feature_enabled":true,"jetpack_social_post_already_shared":true,"jetpack_social_options":{"image_generator_settings":{"template":"highway","default_image_id":0,"font":"","enabled":false},"version":2}},"categories":[1],"tags":[241,7808,62,4633,16495],"class_list":["post-175415","post","type-post","status-publish","format-standard","hentry","category-genel","tag-anildi","tag-arkadaslari","tag-diyarbakirda","tag-sait","tag-seyh"],"jetpack_publicize_connections":[],"jetpack_featured_media_url":"","jetpack_sharing_enabled":true,"jetpack_shortlink":"https:\/\/wp.me\/paKIfm-JDh","_links":{"self":[{"href":"http:\/\/www.tvturk.com\/index.php\/wp-json\/wp\/v2\/posts\/175415","targetHints":{"allow":["GET"]}}],"collection":[{"href":"http:\/\/www.tvturk.com\/index.php\/wp-json\/wp\/v2\/posts"}],"about":[{"href":"http:\/\/www.tvturk.com\/index.php\/wp-json\/wp\/v2\/types\/post"}],"author":[{"embeddable":true,"href":"http:\/\/www.tvturk.com\/index.php\/wp-json\/wp\/v2\/users\/1"}],"replies":[{"embeddable":true,"href":"http:\/\/www.tvturk.com\/index.php\/wp-json\/wp\/v2\/comments?post=175415"}],"version-history":[{"count":0,"href":"http:\/\/www.tvturk.com\/index.php\/wp-json\/wp\/v2\/posts\/175415\/revisions"}],"wp:attachment":[{"href":"http:\/\/www.tvturk.com\/index.php\/wp-json\/wp\/v2\/media?parent=175415"}],"wp:term":[{"taxonomy":"category","embeddable":true,"href":"http:\/\/www.tvturk.com\/index.php\/wp-json\/wp\/v2\/categories?post=175415"},{"taxonomy":"post_tag","embeddable":true,"href":"http:\/\/www.tvturk.com\/index.php\/wp-json\/wp\/v2\/tags?post=175415"}],"curies":[{"name":"wp","href":"https:\/\/api.w.org\/{rel}","templated":true}]}}