{"id":175483,"date":"2019-06-29T10:32:04","date_gmt":"2019-06-29T07:32:04","guid":{"rendered":"http:\/\/www.tvturk.com\/index.php\/emre-aydin-ve-fatma-turgut-ruzgari-bursada-esti\/"},"modified":"2019-06-29T10:32:04","modified_gmt":"2019-06-29T07:32:04","slug":"emre-aydin-ve-fatma-turgut-ruzgari-bursada-esti","status":"publish","type":"post","link":"http:\/\/www.tvturk.com\/index.php\/emre-aydin-ve-fatma-turgut-ruzgari-bursada-esti\/","title":{"rendered":"Emre Ayd\u0131n ve Fatma Turgut r\u00fczgar\u0131 Bursa\u2019da esti"},"content":{"rendered":"<p>Bursa K\u00fclt\u00fcr Sanat ve Turizm Vakf\u0131 ve Bursa B\u00fcy\u00fck\u015fehir Belediyesi i\u015fbirli\u011fiyle d\u00fczenlenen 58. Uluslararas\u0131 Bursa Festivali\u2019nin 8\u2019inci g\u00fcn\u00fcnde Fatma Turgut ve Emre Ayd\u0131n sahne ald\u0131. Seslendirdikleri \u015fark\u0131larla seyircileri mest eden ikili, sahne performanslar\u0131 ile adeta Bursa\u2019y\u0131 sallad\u0131.<\/p>\n<p>Bursa B\u00fcy\u00fck\u015fehir Belediyesi ad\u0131na Bursa K\u00fclt\u00fcr Sanat ve Turizm Vakf\u0131 taraf\u0131ndan d\u00fczenlenen 58. Uluslararas\u0131 Bursa Festivali\u2019nde Demir Demirkan, Cecilia Krull, Kubat, \u0130stanbul Devlet Opera ve Balesi, Cesaria Evora Tribute, Bir Tayyareci Vecihi H\u00fcrku\u015f, Muazzez Abac\u0131&amp; G\u00f6khan Tepe\u2019nin ard\u0131ndan 8\u2019inci etkinli\u011finde Pop M\u00fczi\u011fi\u2019nin \u00f6nemli isimlerinden Fatma Turgut ve Rock M\u00fczi\u011finin sevilen ismi Emre Ayd\u0131n seyirci ile bulu\u015ftu. \u0130lk olarak sahne alan pop m\u00fczi\u011finin \u00f6nemli ismi Fatma Turgut, \u00f6zel olarak haz\u0131rlad\u0131\u011f\u0131  repertuar\u0131 ile hayranlar\u0131n\u0131n g\u00f6nl\u00fcn\u00fc bir kez daha fethetti. Hemen ard\u0131ndan sahneye \u00e7\u0131kan rock m\u00fczi\u011fin g\u00fc\u00e7l\u00fc sesi Emre Ayd\u0131n, festival kat\u0131l\u0131mc\u0131lar\u0131na unutulmaz bir gece ya\u015fatt\u0131. Gecenin sonlar\u0131nda ikiliye \u2019Bir pazar kahvalt\u0131s\u0131, sensiz olmaz, ele g\u00fcne kar\u015f\u0131 yapayaln\u0131z \u2019 \u015fark\u0131lar\u0131yla yapt\u0131klar\u0131 d\u00fcetlerle kat\u0131l\u0131mc\u0131lar da e\u015flik etti. Geceye damgas\u0131n\u0131 vuran ikili dakikalarca ayakta alk\u0131\u015fland\u0131.<\/p>\n","protected":false},"excerpt":{"rendered":"<p>BURSA K\u00dcLT\u00dcR SANAT VE TUR\u0130ZM VAKFI VE BURSA B\u00dcY\u00dcK\u015eEH\u0130R BELED\u0130YES\u0130 \u0130\u015eB\u0130RL\u0130\u011e\u0130YLE D\u00dcZENLENEN 58. ULUSLARARASI BURSA FEST\u0130VAL\u0130&#8217;N\u0130N 8&#8217;\u0130NC\u0130 G\u00dcN\u00dcNDE FATMA TURGUT VE EMRE AYDIN SAHNE ALDI. SESLEND\u0130RD\u0130KLER\u0130 \u015eARKILARLA SEY\u0130RC\u0130LER\u0130 MEST EDEN \u0130K\u0130L\u0130, SAHNE PERFORMANSLARI \u0130LE ADETA BURSA&#8217;YI SALLADI.<\/p>\n","protected":false},"author":1,"featured_media":0,"comment_status":"closed","ping_status":"open","sticky":false,"template":"","format":"standard","meta":{"jetpack_post_was_ever_published":false,"_jetpack_newsletter_access":"","_jetpack_dont_email_post_to_subs":false,"_jetpack_newsletter_tier_id":0,"_jetpack_memberships_contains_paywalled_content":false,"_jetpack_memberships_contains_paid_content":false,"footnotes":"","jetpack_publicize_message":"","jetpack_publicize_feature_enabled":true,"jetpack_social_post_already_shared":true,"jetpack_social_options":{"image_generator_settings":{"template":"highway","default_image_id":0,"font":"","enabled":false},"version":2}},"categories":[656],"tags":[24357,426,1032,6360,7366,2580,726],"class_list":["post-175483","post","type-post","status-publish","format-standard","hentry","category-kultur-sanat","tag-turgut","tag-aydin","tag-bursada","tag-emre","tag-esti","tag-fatma","tag-ruzgari"],"jetpack_publicize_connections":[],"jetpack_featured_media_url":"","jetpack_sharing_enabled":true,"jetpack_shortlink":"https:\/\/wp.me\/paKIfm-JEn","_links":{"self":[{"href":"http:\/\/www.tvturk.com\/index.php\/wp-json\/wp\/v2\/posts\/175483","targetHints":{"allow":["GET"]}}],"collection":[{"href":"http:\/\/www.tvturk.com\/index.php\/wp-json\/wp\/v2\/posts"}],"about":[{"href":"http:\/\/www.tvturk.com\/index.php\/wp-json\/wp\/v2\/types\/post"}],"author":[{"embeddable":true,"href":"http:\/\/www.tvturk.com\/index.php\/wp-json\/wp\/v2\/users\/1"}],"replies":[{"embeddable":true,"href":"http:\/\/www.tvturk.com\/index.php\/wp-json\/wp\/v2\/comments?post=175483"}],"version-history":[{"count":0,"href":"http:\/\/www.tvturk.com\/index.php\/wp-json\/wp\/v2\/posts\/175483\/revisions"}],"wp:attachment":[{"href":"http:\/\/www.tvturk.com\/index.php\/wp-json\/wp\/v2\/media?parent=175483"}],"wp:term":[{"taxonomy":"category","embeddable":true,"href":"http:\/\/www.tvturk.com\/index.php\/wp-json\/wp\/v2\/categories?post=175483"},{"taxonomy":"post_tag","embeddable":true,"href":"http:\/\/www.tvturk.com\/index.php\/wp-json\/wp\/v2\/tags?post=175483"}],"curies":[{"name":"wp","href":"https:\/\/api.w.org\/{rel}","templated":true}]}}