{"id":175495,"date":"2019-06-29T10:46:33","date_gmt":"2019-06-29T07:46:33","guid":{"rendered":"http:\/\/www.tvturk.com\/index.php\/ozel-bursada-bir-ilk-gerceklestirilecek\/"},"modified":"2019-06-29T10:46:33","modified_gmt":"2019-06-29T07:46:33","slug":"ozel-bursada-bir-ilk-gerceklestirilecek","status":"publish","type":"post","link":"http:\/\/www.tvturk.com\/index.php\/ozel-bursada-bir-ilk-gerceklestirilecek\/","title":{"rendered":"(\u00d6zel) Bursa\u2019da bir ilk ger\u00e7ekle\u015ftirilecek"},"content":{"rendered":"<p>Y\u0131ld\u0131r\u0131m Belediyesi taraf\u0131ndan Namazgah Park\u0131\u2019na \u2019acil durum butonu\u2019 yerle\u015ftirilecek. B\u00f6ylelikle meydana gelebilecek olaylarda butona basan vatanda\u015flar, yetkililerle g\u00f6r\u00fcnt\u00fcl\u00fc ve sesli konu\u015facak.<\/p>\n<p>Y\u0131ld\u0131r\u0131m\u2019da g\u00f6reve ba\u015flayan Belediye Ba\u015fkan\u0131 Oktay Y\u0131lmaz, yeni d\u00f6nemde \u00e7ocuk parklar\u0131na b\u00fcy\u00fck \u00f6nem veriyor. Belediye taraf\u0131ndan pilot park se\u00e7ilen Namazgah\u2019daki \u00e7ocuk park\u0131na \u2019acil durum butonu\u2019 yerle\u015ftirilecek. B\u00f6ylelikle 7 g\u00fcn 24 saat izlenecek parktaki \u00e7ocuklar daha g\u00fcvenli oyunlar oynayacak. Park, belediye taraf\u0131ndan hizmet binas\u0131ndan izlenecek. Acil durumlarda vatanda\u015flar\u0131n butona basmas\u0131yla g\u00f6revlilerle sesli ve g\u00f6r\u00fcnt\u00fcl\u00fc olarak irtibata ge\u00e7ilecek. \u0130rtibata ge\u00e7ilmesinin ard\u0131ndan belediye yetkilileri, olumsuz duruma g\u00f6re parka zab\u0131ta, polis veya ambulans\u0131 y\u00f6nlendirecek. Ayr\u0131ca bu uygulama Bursa\u2019da bir ilk olacak.<\/p>\n<p>Konuyla ilgili bilgiler veren Y\u0131lmaz, &#8220;Namazgah park\u0131m\u0131zda panik butonuyla alakal\u0131 \u00e7al\u0131\u015fmam\u0131z var. Vatanda\u015f\u0131m\u0131z butona bast\u0131\u011f\u0131nda bizim birimimizle g\u00f6r\u00fcnt\u00fcl\u00fc ve sesli konu\u015facak. Biz de buna istinaden emniyet birimlerine ve kendi birimlerimizle ileti\u015fime ge\u00e7ece\u011fiz. An\u0131nda olaya m\u00fcdahale edilecek&#8221; dedi.<\/p>\n<p>&#8220;Kent parklar\u0131 in\u015fa edece\u011fiz&#8221;<\/p>\n<p>Y\u0131ld\u0131r\u0131m Belediye Ba\u015fkan\u0131 Oktay Y\u0131lmaz, kent parklar\u0131 i\u00e7in de \u00e7al\u0131\u015fmalar\u0131 h\u0131zland\u0131rd\u0131klar\u0131n\u0131 s\u00f6yledi. Yeni d\u00f6nemde il\u00e7ede Uluda\u011f\u2019\u0131n eteklerine ve dere kenarlar\u0131na kent parklar\u0131 yap\u0131lacak. B\u00f6ylelikle G\u00f6kdere, Hacivat, \u00c7\u0131nar\u00f6n\u00fc ve Deli\u00e7ay derelerinin etraf\u0131 canlanacak.<\/p>\n<p>Kent parklar\u0131 ile alakal\u0131 bilgiler veren Y\u0131lmaz, \u201cY\u0131ld\u0131r\u0131m, Uluda\u011f\u2019\u0131n eteklerine kurulmu\u015f, vadilerle bezenmi\u015f g\u00fczel bir il\u00e7e. Uluda\u011f\u2019\u0131n eteklerini ve dere kenarlar\u0131nda kent parklar\u0131m\u0131z ve b\u00fcy\u00fck \u00e7ocuk aktivite k\u00f6y\u00fcm\u00fcz olacak. G\u00f6kdere, canlanm\u0131\u015f olacak. Kapl\u0131kaya\u2019dan devam eden Hacivat deremiz var. Dere cazibe merkezi olacak. Hacivat ve \u00c7\u0131nar\u00f6n\u00fc\u2019n\u00fc daha kullan\u0131\u015fl\u0131 hale getirece\u011fiz. Birde Deli\u00e7ay var. Do\u011fal ye\u015fil alanlar\u0131m\u0131za bir tak\u0131m fonksiyonlar y\u00fckleyerek halk\u0131m\u0131z\u0131n nefes alabilece\u011fi \u00e7ocuklar\u0131m\u0131z\u0131n anneleriyle ho\u015f\u00e7a vakit ge\u00e7irebilecekleri alanlar olu\u015fturaca\u011f\u0131z. Macera parklar\u0131yla beraber \u00e7ocuklar\u0131m\u0131z\u0131n enerjilerini atabilece\u011fi ortamlar olu\u015fturaca\u011f\u0131z. Bu alanlar\u0131 olu\u015fturmak yetmiyor. G\u00fcvenli\u011fi de m\u00fchim. Biz bunlarla ilgili bir tak\u0131m \u00e7al\u0131\u015fmalar yap\u0131yoruz\u201d dedi.<\/p>\n<p>\u00d6te yandan, Y\u0131ld\u0131r\u0131m Belediyesi\u2019nin \u00f6n\u00fcm\u00fczdeki g\u00fcnlerde a\u00e7\u0131l\u0131\u015f\u0131 planlanan Mollaarap\u2019taki Sular Vadisi projesiyle ilgili de baz\u0131 i\u015fletmecilerle g\u00f6r\u00fc\u015ft\u00fc\u011f\u00fc, yat\u0131r\u0131m\u0131n de\u011ferlendirilmesi i\u00e7in \u00f6nemli markalar\u0131n b\u00f6lgeye kazand\u0131r\u0131lmaya \u00e7al\u0131\u015f\u0131ld\u0131\u011f\u0131 \u00f6\u011frenildi.<\/p>\n","protected":false},"excerpt":{"rendered":"<p>YILDIRIM BELED\u0130YES\u0130 TARAFINDAN NAMAZGAH PARKI\u2019NA \u2019AC\u0130L DURUM BUTONU\u2019 YERLE\u015eT\u0130R\u0130LECEK. B\u00d6YLEL\u0130KLE MEYDANA GELEB\u0130LECEK OLAYLARDA BUTONA BASAN VATANDA\u015eLAR, YETK\u0130L\u0130LERLE G\u00d6R\u00dcNT\u00dcL\u00dc VE SESL\u0130 KONU\u015eACAK.<\/p>\n","protected":false},"author":1,"featured_media":0,"comment_status":"closed","ping_status":"open","sticky":false,"template":"","format":"standard","meta":{"jetpack_post_was_ever_published":false,"_jetpack_newsletter_access":"","_jetpack_dont_email_post_to_subs":false,"_jetpack_newsletter_tier_id":0,"_jetpack_memberships_contains_paywalled_content":false,"_jetpack_memberships_contains_paid_content":false,"footnotes":"","jetpack_publicize_message":"","jetpack_publicize_feature_enabled":true,"jetpack_social_post_already_shared":true,"jetpack_social_options":{"image_generator_settings":{"template":"highway","default_image_id":0,"font":"","enabled":false},"version":2}},"categories":[1],"tags":[1073,125,1032,33336,37],"class_list":["post-175495","post","type-post","status-publish","format-standard","hentry","category-genel","tag-ozel","tag-bir","tag-bursada","tag-gerceklestirilecek","tag-ilk"],"jetpack_publicize_connections":[],"jetpack_featured_media_url":"","jetpack_sharing_enabled":true,"jetpack_shortlink":"https:\/\/wp.me\/paKIfm-JEz","_links":{"self":[{"href":"http:\/\/www.tvturk.com\/index.php\/wp-json\/wp\/v2\/posts\/175495","targetHints":{"allow":["GET"]}}],"collection":[{"href":"http:\/\/www.tvturk.com\/index.php\/wp-json\/wp\/v2\/posts"}],"about":[{"href":"http:\/\/www.tvturk.com\/index.php\/wp-json\/wp\/v2\/types\/post"}],"author":[{"embeddable":true,"href":"http:\/\/www.tvturk.com\/index.php\/wp-json\/wp\/v2\/users\/1"}],"replies":[{"embeddable":true,"href":"http:\/\/www.tvturk.com\/index.php\/wp-json\/wp\/v2\/comments?post=175495"}],"version-history":[{"count":0,"href":"http:\/\/www.tvturk.com\/index.php\/wp-json\/wp\/v2\/posts\/175495\/revisions"}],"wp:attachment":[{"href":"http:\/\/www.tvturk.com\/index.php\/wp-json\/wp\/v2\/media?parent=175495"}],"wp:term":[{"taxonomy":"category","embeddable":true,"href":"http:\/\/www.tvturk.com\/index.php\/wp-json\/wp\/v2\/categories?post=175495"},{"taxonomy":"post_tag","embeddable":true,"href":"http:\/\/www.tvturk.com\/index.php\/wp-json\/wp\/v2\/tags?post=175495"}],"curies":[{"name":"wp","href":"https:\/\/api.w.org\/{rel}","templated":true}]}}