{"id":175503,"date":"2019-06-29T10:47:00","date_gmt":"2019-06-29T07:47:00","guid":{"rendered":"http:\/\/www.tvturk.com\/index.php\/denizlispor-eski-baskani-ali-ipek-hayatini-kaybetti\/"},"modified":"2019-06-29T10:47:00","modified_gmt":"2019-06-29T07:47:00","slug":"denizlispor-eski-baskani-ali-ipek-hayatini-kaybetti","status":"publish","type":"post","link":"http:\/\/www.tvturk.com\/index.php\/denizlispor-eski-baskani-ali-ipek-hayatini-kaybetti\/","title":{"rendered":"Denizlispor eski Ba\u015fkan\u0131 Ali \u0130pek hayat\u0131n\u0131 kaybetti"},"content":{"rendered":"<p>T\u00fcrkiye Futbol Federasyonu Y\u00f6netim Kurulu eski \u00fcyesi ve Denizlispor Kul\u00fcb\u00fc eski ba\u015fkanlar\u0131ndan Ali \u0130pek\u2019in vefat etti. \u0130pek Denizlispor\u2019da 1990-1992 ve 2005-2010 d\u00f6nemlerinde ba\u015fkanl\u0131k yapt\u0131. 1997-2004 y\u0131llar\u0131nda Haluk Ulusoy d\u00f6neminde T\u00fcrkiye Futbol Federasyonu Y\u00f6netim Kurulu \u00dcyeli\u011fi g\u00f6revinde bulundu. \u0130pek, tedavi g\u00f6rd\u00fc\u011f\u00fc hastanede 64 ya\u015f\u0131nda hayat\u0131n\u0131 kaybetti.<\/p>\n","protected":false},"excerpt":{"rendered":"<p>T\u00dcRK\u0130YE FUTBOL FEDERASYONU Y\u00d6NET\u0130M KURULU ESK\u0130 \u00dcYES\u0130 VE DEN\u0130ZL\u0130SPOR KUL\u00dcB\u00dc ESK\u0130 BA\u015eKANLARINDAN AL\u0130 \u0130PEK&#8217;\u0130N VEFAT ETT\u0130.<\/p>\n","protected":false},"author":1,"featured_media":0,"comment_status":"closed","ping_status":"open","sticky":false,"template":"","format":"standard","meta":{"jetpack_post_was_ever_published":false,"_jetpack_newsletter_access":"","_jetpack_dont_email_post_to_subs":false,"_jetpack_newsletter_tier_id":0,"_jetpack_memberships_contains_paywalled_content":false,"_jetpack_memberships_contains_paid_content":false,"footnotes":"","jetpack_publicize_message":"","jetpack_publicize_feature_enabled":true,"jetpack_social_post_already_shared":true,"jetpack_social_options":{"image_generator_settings":{"template":"highway","default_image_id":0,"font":"","enabled":false},"version":2}},"categories":[657],"tags":[19831,625,216,6694,1123,848,849],"class_list":["post-175503","post","type-post","status-publish","format-standard","hentry","category-spor","tag-ipek","tag-ali","tag-baskani","tag-denizlispor","tag-eski","tag-hayatini","tag-kaybetti"],"jetpack_publicize_connections":[],"jetpack_featured_media_url":"","jetpack_sharing_enabled":true,"jetpack_shortlink":"https:\/\/wp.me\/paKIfm-JEH","_links":{"self":[{"href":"http:\/\/www.tvturk.com\/index.php\/wp-json\/wp\/v2\/posts\/175503","targetHints":{"allow":["GET"]}}],"collection":[{"href":"http:\/\/www.tvturk.com\/index.php\/wp-json\/wp\/v2\/posts"}],"about":[{"href":"http:\/\/www.tvturk.com\/index.php\/wp-json\/wp\/v2\/types\/post"}],"author":[{"embeddable":true,"href":"http:\/\/www.tvturk.com\/index.php\/wp-json\/wp\/v2\/users\/1"}],"replies":[{"embeddable":true,"href":"http:\/\/www.tvturk.com\/index.php\/wp-json\/wp\/v2\/comments?post=175503"}],"version-history":[{"count":0,"href":"http:\/\/www.tvturk.com\/index.php\/wp-json\/wp\/v2\/posts\/175503\/revisions"}],"wp:attachment":[{"href":"http:\/\/www.tvturk.com\/index.php\/wp-json\/wp\/v2\/media?parent=175503"}],"wp:term":[{"taxonomy":"category","embeddable":true,"href":"http:\/\/www.tvturk.com\/index.php\/wp-json\/wp\/v2\/categories?post=175503"},{"taxonomy":"post_tag","embeddable":true,"href":"http:\/\/www.tvturk.com\/index.php\/wp-json\/wp\/v2\/tags?post=175503"}],"curies":[{"name":"wp","href":"https:\/\/api.w.org\/{rel}","templated":true}]}}