{"id":175505,"date":"2019-06-29T11:01:28","date_gmt":"2019-06-29T08:01:28","guid":{"rendered":"http:\/\/www.tvturk.com\/index.php\/eslerine-yardimci-olmak-isteyen-abla-ve-kiz-kardesi-gozlemeci-dukkani-acti\/"},"modified":"2019-06-29T11:01:28","modified_gmt":"2019-06-29T08:01:28","slug":"eslerine-yardimci-olmak-isteyen-abla-ve-kiz-kardesi-gozlemeci-dukkani-acti","status":"publish","type":"post","link":"http:\/\/www.tvturk.com\/index.php\/eslerine-yardimci-olmak-isteyen-abla-ve-kiz-kardesi-gozlemeci-dukkani-acti\/","title":{"rendered":"E\u015flerine yard\u0131mc\u0131 olmak isteyen abla ve k\u0131z karde\u015fi g\u00f6zlemeci d\u00fckkan\u0131 a\u00e7t\u0131"},"content":{"rendered":"<p>D\u0130YARBAKIR (\u0130HA) \u2013 Diyarbak\u0131rl\u0131 Mukaddes ve Belgize Bulu\u015f isimli karde\u015fler, ev ald\u0131klar\u0131 i\u00e7in kredilerini \u00f6demekte g\u00fc\u00e7l\u00fck \u00e7eken e\u015flerine destek olmak i\u00e7in s\u0131rt s\u0131rta verdi. Herhangi bir destek almadan g\u00f6zlemeci d\u00fckkan\u0131 a\u00e7an karde\u015fler mahallelinin g\u00f6zlemeci ablas\u0131 oldu.<\/p>\n<p>Diyarbak\u0131r\u2019\u0131n Ba\u011flar il\u00e7esinde ya\u015fayan Mukaddes (49) ve Belgize Bulu\u015f (48) isimli karde\u015fler, ev ald\u0131klar\u0131 i\u00e7in kredilerini \u00f6demekte g\u00fc\u00e7l\u00fck \u00e7eken e\u015flerinin morallerini y\u00fcksek tutmak ve ev ekonomisine katk\u0131 sunmak i\u00e7in bir i\u015f yeri a\u00e7maya karar verdi. Ellerinde bir birikmi\u015fleri olmayan karde\u015fler, k\u00fc\u00e7\u00fck bir d\u00fckkan kiralay\u0131p i\u00e7ine buz dolab\u0131, oklava ve hamur a\u00e7ma tahtas\u0131 ile ocak yerle\u015ftirdi. Burada g\u00f6zleme yaparak aile b\u00fct\u00e7elerine k\u00fc\u00e7\u00fck de olsa bir katk\u0131 sa\u011flamaya \u00e7al\u0131\u015fan karde\u015flerin \u00fcn\u00fc, yapt\u0131klar\u0131 g\u00f6zlemenin lezzeti sayesinde civar mahallelere de yay\u0131ld\u0131. Mahallelinin g\u00f6zlemeci ablalar\u0131 olan Bulu\u015f karde\u015flerin tek amac\u0131 b\u00fcy\u00fck bir i\u015fletme a\u00e7\u0131p hem kazan\u00e7lar\u0131n\u0131 artt\u0131rmak hem kad\u0131n istihdam\u0131na katk\u0131 sunmak.<\/p>\n<p>\u201cHuzurlu bir \u015fekilde i\u015fimizi s\u00fcrd\u00fcr\u00fcyoruz\u201d<\/p>\n<p>9 ay \u00f6nce g\u00f6zlemeci d\u00fckkan\u0131 a\u00e7t\u0131klar\u0131n\u0131 belirten 48 ya\u015f\u0131ndaki Belgize Bulu\u015f, ablas\u0131 ile birlikte d\u00fckkan\u0131 i\u015flettiklerini s\u00f6yledi. Belgize Bulu\u015f, \u201c\u0130\u015fimizden gayet memnunuz, huzurlu bir \u015fekilde mesle\u011fimize devam etmekteyiz. Devletten destek bekliyoruz. Tezgah\u0131m\u0131z yok, kola dolab\u0131m\u0131z yok, i\u015fimizi s\u00fcrd\u00fcrmek istiyoruz. Aile destek verdi\u011fi i\u00e7in buraday\u0131z, Allah raz\u0131 olsun hepsinden \u00e7ocuklar\u0131m\u0131zdan e\u015f dostlar\u0131m\u0131zdan. Hatta \u00e7evrede \u00e7ok g\u00fczel tepkiler g\u00f6rd\u00fck, iyi dileklerde bulundular, d\u00fczenimizi oturttuk. Burada okul da var hocalar ve \u00f6\u011frencilerde var \u00e7ok be\u011fenmekte g\u00f6zlemelerimiz, devam etmek istiyoruz.  Destek gelirse daha iyi olur\u201d dedi.<\/p>\n","protected":false},"excerpt":{"rendered":"<p>D\u0130YARBAKIRLI MUKADDES VE BELG\u0130ZE BULU\u015e \u0130S\u0130ML\u0130 KARDE\u015eLER, EV ALDIKLARI \u0130\u00c7\u0130N KRED\u0130LER\u0130N\u0130 \u00d6DEMEKTE G\u00dc\u00c7L\u00dcK \u00c7EKEN E\u015eLER\u0130NE DESTEK OLMAK \u0130\u00c7\u0130N SIRT SIRTA VERD\u0130. HERHANG\u0130 BR\u0130 DESTEK ALMADAN G\u00d6ZLEMEC\u0130 D\u00dcKKANI A\u00c7AN KARDE\u015eLER MAHALLEL\u0130N\u0130N G\u00d6ZLEMEC\u0130 ABLASI OLDU.<\/p>\n","protected":false},"author":1,"featured_media":0,"comment_status":"closed","ping_status":"open","sticky":false,"template":"","format":"standard","meta":{"jetpack_post_was_ever_published":false,"_jetpack_newsletter_access":"","_jetpack_dont_email_post_to_subs":false,"_jetpack_newsletter_tier_id":0,"_jetpack_memberships_contains_paywalled_content":false,"_jetpack_memberships_contains_paid_content":false,"footnotes":"","jetpack_publicize_message":"","jetpack_publicize_feature_enabled":true,"jetpack_social_post_already_shared":true,"jetpack_social_options":{"image_generator_settings":{"template":"highway","default_image_id":0,"font":"","enabled":false},"version":2}},"categories":[19],"tags":[25469,1494,40486,11929,42773,6732,13614,4200,1364,15184],"class_list":["post-175505","post","type-post","status-publish","format-standard","hentry","category-ekonomi","tag-abla","tag-acti","tag-dukkani","tag-eslerine","tag-gozlemeci","tag-isteyen","tag-kardesi","tag-kiz","tag-olmak","tag-yardimci"],"jetpack_publicize_connections":[],"jetpack_featured_media_url":"","jetpack_sharing_enabled":true,"jetpack_shortlink":"https:\/\/wp.me\/paKIfm-JEJ","_links":{"self":[{"href":"http:\/\/www.tvturk.com\/index.php\/wp-json\/wp\/v2\/posts\/175505","targetHints":{"allow":["GET"]}}],"collection":[{"href":"http:\/\/www.tvturk.com\/index.php\/wp-json\/wp\/v2\/posts"}],"about":[{"href":"http:\/\/www.tvturk.com\/index.php\/wp-json\/wp\/v2\/types\/post"}],"author":[{"embeddable":true,"href":"http:\/\/www.tvturk.com\/index.php\/wp-json\/wp\/v2\/users\/1"}],"replies":[{"embeddable":true,"href":"http:\/\/www.tvturk.com\/index.php\/wp-json\/wp\/v2\/comments?post=175505"}],"version-history":[{"count":0,"href":"http:\/\/www.tvturk.com\/index.php\/wp-json\/wp\/v2\/posts\/175505\/revisions"}],"wp:attachment":[{"href":"http:\/\/www.tvturk.com\/index.php\/wp-json\/wp\/v2\/media?parent=175505"}],"wp:term":[{"taxonomy":"category","embeddable":true,"href":"http:\/\/www.tvturk.com\/index.php\/wp-json\/wp\/v2\/categories?post=175505"},{"taxonomy":"post_tag","embeddable":true,"href":"http:\/\/www.tvturk.com\/index.php\/wp-json\/wp\/v2\/tags?post=175505"}],"curies":[{"name":"wp","href":"https:\/\/api.w.org\/{rel}","templated":true}]}}