{"id":175507,"date":"2019-06-29T11:01:40","date_gmt":"2019-06-29T08:01:40","guid":{"rendered":"http:\/\/www.tvturk.com\/index.php\/erdemden-bgcye-ziyaret\/"},"modified":"2019-06-29T11:01:40","modified_gmt":"2019-06-29T08:01:40","slug":"erdemden-bgcye-ziyaret","status":"publish","type":"post","link":"http:\/\/www.tvturk.com\/index.php\/erdemden-bgcye-ziyaret\/","title":{"rendered":"Erdem\u2019den BGC\u2019ye ziyaret"},"content":{"rendered":"<p>Nil\u00fcfer Belediye Ba\u015fkan\u0131 Turgay Erdem ve ba\u015fkan yard\u0131mc\u0131lar\u0131, Bursa Gazeteciler Cemiyeti Ba\u015fkan\u0131 Nuri Kolayl\u0131 ve y\u00f6netim kurulu \u00fcyelerini Bas\u0131n K\u00fclt\u00fcr Saray\u0131\u2019ndaki BGC merkezinde ziyaret etti.<\/p>\n<p>Bursa Gazeteciler Cemiyeti\u2019nin Bursa\u2019n\u0131n \u00f6nde gelen sivil toplum kurulu\u015flar\u0131ndan biri oldu\u011funu ifade eden Nil\u00fcfer Belediye Ba\u015fkan\u0131 Turgay Erdem, &#8220;Nil\u00fcfer Belediyesi\u2019nde yeni bir d\u00f6neme ba\u015flad\u0131k. Bu yeni d\u00f6nemde dayan\u0131\u015fma i\u00e7inde Bursa ve Nil\u00fcfer i\u00e7in \u00e7al\u0131\u015faca\u011f\u0131z. Mustafa Bozbey\u2019den ald\u0131\u011f\u0131m\u0131z g\u00f6revi, daha iyi yerlere ta\u015f\u0131mak i\u00e7in gayret edece\u011fiz. \u0130nsan\u0131m\u0131za hizmete y\u00f6nelik projelerde Bursa Gazeteciler Cemiyeti ile dayan\u0131\u015fma i\u00e7inde \u00e7al\u0131\u015faca\u011f\u0131m\u0131za inan\u0131yorum&#8221; dedi.<\/p>\n<p>Ziyaretten memnunluk duydu\u011funu ifade eden BGC Ba\u015fkan\u0131 Nuri Kolayl\u0131 da, &#8220;Nil\u00fcfer Belediyesiyle ve \u015fans\u0131n\u0131zla uzun y\u0131llar \u00f6ncesine dayanan i\u015fbirli\u011fimiz var. Bas\u0131n K\u00fclt\u00fcr Saray\u0131\u2019n\u0131n yap\u0131m s\u00fcrecinde deste\u011finizi ald\u0131k. Nil\u00fcfer Akk\u0131l\u0131\u00e7 K\u00fct\u00fcphanesi\u2019ni ve U\u011fur Mumcu Etkinlik Salonu\u2019nu Bursa\u2019ya birlikte kazand\u0131rd\u0131k, sosyal ve k\u00fclt\u00fcrel etkinlikleri yine birlikte s\u00fcrd\u00fcr\u00fcyoruz. Biz de i\u015f birli\u011fimizin artarak devam edece\u011fine inan\u0131yoruz&#8221; diye konu\u015ftu.<\/p>\n<p>Ziyarete, Nil\u00fcfer Belediye Ba\u015fkan\u0131 Turgay Erdem\u2019in yan\u0131 s\u0131ra Ba\u015fkan Yard\u0131mc\u0131lar\u0131 Adem Vural, Remzi \u00c7\u0131nar, Sibel \u00d6zer ve Engin Yener ile Bas\u0131n Yay\u0131n Halka \u0130li\u015fkiler M\u00fcd\u00fcr\u00fc Hande Ko\u00e7 da kat\u0131ld\u0131. BGC heyetinde ise Ba\u015fkan Yard\u0131mc\u0131lar\u0131 Fuat Kars, \u0130hsan Alt\u0131karde\u015f, Fikret S\u00f6nmez, Hakan I\u015f\u0131kkent, Y\u00f6netim Kurulu \u00fcyeleri Ahmet Kundak\u00e7\u0131, Cemal Ekentok ile Genel Sekreter Sinan Tun\u00e7 yer ald\u0131.<\/p>\n","protected":false},"excerpt":{"rendered":"<p>N\u0130L\u00dcFER BELED\u0130YE BA\u015eKANI TURGAY ERDEM VE BA\u015eKAN YARDIMCILARI, BURSA GAZETEC\u0130LER CEM\u0130YET\u0130 BA\u015eKANI NUR\u0130 KOLAYLI VE Y\u00d6NET\u0130M KURULU \u00dcYELER\u0130N\u0130 BASIN K\u00dcLT\u00dcR SARAYI&#8217;NDAK\u0130 BGC MERKEZ\u0130NDE Z\u0130YARET ETT\u0130.<\/p>\n","protected":false},"author":1,"featured_media":0,"comment_status":"closed","ping_status":"open","sticky":false,"template":"","format":"standard","meta":{"jetpack_post_was_ever_published":false,"_jetpack_newsletter_access":"","_jetpack_dont_email_post_to_subs":false,"_jetpack_newsletter_tier_id":0,"_jetpack_memberships_contains_paywalled_content":false,"_jetpack_memberships_contains_paid_content":false,"footnotes":"","jetpack_publicize_message":"","jetpack_publicize_feature_enabled":true,"jetpack_social_post_already_shared":true,"jetpack_social_options":{"image_generator_settings":{"template":"highway","default_image_id":0,"font":"","enabled":false},"version":2}},"categories":[1],"tags":[422,8116,150],"class_list":["post-175507","post","type-post","status-publish","format-standard","hentry","category-genel","tag-bgcye","tag-erdemden","tag-ziyaret"],"jetpack_publicize_connections":[],"jetpack_featured_media_url":"","jetpack_sharing_enabled":true,"jetpack_shortlink":"https:\/\/wp.me\/paKIfm-JEL","_links":{"self":[{"href":"http:\/\/www.tvturk.com\/index.php\/wp-json\/wp\/v2\/posts\/175507","targetHints":{"allow":["GET"]}}],"collection":[{"href":"http:\/\/www.tvturk.com\/index.php\/wp-json\/wp\/v2\/posts"}],"about":[{"href":"http:\/\/www.tvturk.com\/index.php\/wp-json\/wp\/v2\/types\/post"}],"author":[{"embeddable":true,"href":"http:\/\/www.tvturk.com\/index.php\/wp-json\/wp\/v2\/users\/1"}],"replies":[{"embeddable":true,"href":"http:\/\/www.tvturk.com\/index.php\/wp-json\/wp\/v2\/comments?post=175507"}],"version-history":[{"count":0,"href":"http:\/\/www.tvturk.com\/index.php\/wp-json\/wp\/v2\/posts\/175507\/revisions"}],"wp:attachment":[{"href":"http:\/\/www.tvturk.com\/index.php\/wp-json\/wp\/v2\/media?parent=175507"}],"wp:term":[{"taxonomy":"category","embeddable":true,"href":"http:\/\/www.tvturk.com\/index.php\/wp-json\/wp\/v2\/categories?post=175507"},{"taxonomy":"post_tag","embeddable":true,"href":"http:\/\/www.tvturk.com\/index.php\/wp-json\/wp\/v2\/tags?post=175507"}],"curies":[{"name":"wp","href":"https:\/\/api.w.org\/{rel}","templated":true}]}}