{"id":175539,"date":"2019-06-29T11:31:40","date_gmt":"2019-06-29T08:31:40","guid":{"rendered":"http:\/\/www.tvturk.com\/index.php\/istanbul-havalimaninin-yapim-hikayesi-kitap-oldu\/"},"modified":"2019-06-29T11:31:40","modified_gmt":"2019-06-29T08:31:40","slug":"istanbul-havalimaninin-yapim-hikayesi-kitap-oldu","status":"publish","type":"post","link":"http:\/\/www.tvturk.com\/index.php\/istanbul-havalimaninin-yapim-hikayesi-kitap-oldu\/","title":{"rendered":"\u0130stanbul Havaliman\u0131\u2019n\u0131n yap\u0131m hikayesi kitap oldu"},"content":{"rendered":"<p>\u0130GA, Cumhuriyet tarihinin en b\u00fcy\u00fck projesi olan \u0130stanbul Havaliman\u0131\u2019n\u0131n 42 ay gibi k\u0131sa bir s\u00fcrede yap\u0131l\u0131\u015f hikayesini derinlemesine ele alan \u201cHayaldi Ger\u00e7ek Oldu\u201d kitab\u0131n\u0131 yay\u0131nlad\u0131. Uzun s\u00fcren \u00e7al\u0131\u015fmalar sonunda haz\u0131rlanan kitab\u0131n, havac\u0131l\u0131k sekt\u00f6r\u00fc ad\u0131na kaynak olarak kullan\u0131lmas\u0131 hedefleniyor.<\/p>\n<p>T\u00fcrkiye\u2019yi havac\u0131l\u0131kta zirveye ta\u015f\u0131yan \u0130stanbul Havaliman\u0131\u2019n\u0131n prestij kitab\u0131 \u201cHayaldi Ger\u00e7ek Oldu\u201d ismiyle okuyucu ile bulu\u015ftu. \u0130stanbul Havaliman\u0131\u2019n\u0131n ge\u00e7mi\u015ften g\u00fcn\u00fcm\u00fcze t\u00fcm s\u00fcre\u00e7lerinin hik\u00e2yesinin anlat\u0131ld\u0131\u011f\u0131 kitapta, bu s\u00fcrece yak\u0131ndan tan\u0131kl\u0131k etmi\u015f ve y\u00f6n vermi\u015f ki\u015filerin anlat\u0131mlar\u0131na da yer veriliyor. \u0130stanbul Havaliman\u0131\u2019n\u0131n in\u015faat s\u00fcrecindeki her detaylar\u0131n tek tek kaleme al\u0131nd\u0131\u011f\u0131 kitapta, havaliman\u0131 yap\u0131m\u0131nda var g\u00fcc\u00fcyle \u00e7al\u0131\u015fan mimarlardan m\u00fchendislere i\u015f\u00e7ilerden emek\u00e7ilere kadar bir\u00e7ok ki\u015finin katk\u0131lar\u0131 da sayfalardaki yerini al\u0131yor.<\/p>\n<p>\u0130GA\u2019dan havac\u0131l\u0131k sekt\u00f6r\u00fcne katk\u0131 sa\u011flayacak eser<\/p>\n<p>\u0130stanbul Havaliman\u0131\u2019n\u0131n t\u00fcm s\u00fcre\u00e7lerinin anlat\u0131ld\u0131\u011f\u0131 kitapta, \u0130stanbul\u2019un tarihi, havaliman\u0131n\u0131n ihale s\u00fcre\u00e7leri, \u00e7evre ve s\u00fcrd\u00fcr\u00fclebilirlik \u00e7al\u0131\u015fmalar\u0131, in\u015faat alan\u0131nda ya\u015fanan ilkler, teknolojik alt yap\u0131, havaliman\u0131n\u0131n \u00f6zel sistemleri ve en \u00f6nemlisi in\u015faat s\u00fcresinin perde arkas\u0131ndaki geli\u015fmeleri anlat\u0131yor. \u0130GA\u2019n\u0131n havac\u0131l\u0131k sekt\u00f6r\u00fcne arma\u011fan\u0131 niteli\u011finde olan kitap, \u0130stanbul Havaliman\u0131\u2019n\u0131n ilerleyen d\u00f6nemde havac\u0131l\u0131k sekt\u00f6r\u00fcne sunaca\u011f\u0131 ekonomik, k\u00fclt\u00fcrel ve sosyal kalk\u0131nmayla da yenilik\u00e7i, s\u00fcrd\u00fcr\u00fclebilir ve b\u00fct\u00fcnc\u00fcl bir sisteme \u00f6n ayak olacak, \u00f6rnek model te\u015fkil edecek nitelikte oldu\u011funu da aktar\u0131yor.<\/p>\n<p>\u201cHayaldi Ger\u00e7ek Oldu\u201d kitab\u0131, e-kitap olarak da okuyucular\u0131n kar\u015f\u0131s\u0131na \u00e7\u0131k\u0131yor<\/p>\n<p>\u0130stanbul Havaliman\u0131\u2019n\u0131n ile ilgili detaylar\u0131 yak\u0131ndan incelemek isteyen okuyucular prestij kitaba internet \u00fczerinden de ula\u015fabilecek. e-kitap olarak https:\/\/www.igairport.com\/hayaldi-gercek-oldu-e-kitap adresinden okunabilen kitap, hem \u0130ngilizce hem de T\u00fcrk\u00e7e diliyle okuyucular\u0131n kar\u015f\u0131s\u0131na \u00e7\u0131k\u0131yor. Kitap, in\u015faat s\u00fcreci boyunca \u00e7ekilen etkili foto\u011fraf kareleriyle de g\u00f6z dolduruyor. Ara\u015ft\u0131rma ve metin s\u00fcrecinin gazeteci-yazar Faruk \u015e\u00fcy\u00fcn\u2019un edit\u00f6rl\u00fc\u011f\u00fcnde kaleme al\u0131nan Hayaldi Ger\u00e7ek Oldu kitab\u0131 i\u00e7in yo\u011fun bir mesai harcand\u0131. \u0130stanbul Havaliman\u0131\u2019n\u0131n yap\u0131m s\u00fcrecinde g\u00f6rev alan bir\u00e7ok y\u00f6netici, m\u00fchendis ve mimar\u0131n katk\u0131lar\u0131yla hayata ge\u00e7en kitap, okuyucular\u0131 uzun bir yolculu\u011fa \u00e7\u0131kar\u0131yor. Binlerce y\u0131ld\u0131r bu topraklarda ya\u015fam\u0131\u015f insanlar\u0131n \u0130stanbul\u2019a de\u011fer katmak i\u00e7in u\u011fra\u015f verdi\u011fi d\u00fc\u015f\u00fcn\u00fcld\u00fc\u011f\u00fcnde, \u0130stanbul Havaliman\u0131\u2019n\u0131 ger\u00e7e\u011fe d\u00f6n\u00fc\u015ft\u00fcren hikayenin anlat\u0131ld\u0131\u011f\u0131 bu kitap, binlerce ki\u015finin eme\u011fine, azmine \u0131\u015f\u0131k tutuyor.<\/p>\n","protected":false},"excerpt":{"rendered":"<p>\u0130GA, CUMHUR\u0130YET TAR\u0130H\u0130N\u0130N EN B\u00dcY\u00dcK PROJES\u0130 OLAN \u0130STANBUL HAVAL\u0130MANI\u2019NIN 42 AY G\u0130B\u0130 KISA B\u0130R S\u00dcREDE YAPILI\u015e H\u0130KAYES\u0130N\u0130 DER\u0130NLEMES\u0130NE ELE ALAN \u201cHAYALD\u0130 GER\u00c7EK OLDU\u201d K\u0130TABINI YAYINLADI. UZUN S\u00dcREN \u00c7ALI\u015eMALAR SONUNDA HAZIRLANAN K\u0130TABIN, HAVACILIK SEKT\u00d6R\u00dc ADINA KAYNAK OLARAK KULLANILMASI HEDEFLEN\u0130YOR.<\/p>\n","protected":false},"author":1,"featured_media":0,"comment_status":"closed","ping_status":"open","sticky":false,"template":"","format":"standard","meta":{"jetpack_post_was_ever_published":false,"_jetpack_newsletter_access":"","_jetpack_dont_email_post_to_subs":false,"_jetpack_newsletter_tier_id":0,"_jetpack_memberships_contains_paywalled_content":false,"_jetpack_memberships_contains_paid_content":false,"footnotes":"","jetpack_publicize_message":"","jetpack_publicize_feature_enabled":true,"jetpack_social_post_already_shared":true,"jetpack_social_options":{"image_generator_settings":{"template":"highway","default_image_id":0,"font":"","enabled":false},"version":2}},"categories":[1],"tags":[28225,1634,730,4074,77,39497],"class_list":["post-175539","post","type-post","status-publish","format-standard","hentry","category-genel","tag-havalimaninin","tag-hikayesi","tag-istanbul","tag-kitap","tag-oldu","tag-yapim"],"jetpack_publicize_connections":[],"jetpack_featured_media_url":"","jetpack_sharing_enabled":true,"jetpack_shortlink":"https:\/\/wp.me\/paKIfm-JFh","_links":{"self":[{"href":"http:\/\/www.tvturk.com\/index.php\/wp-json\/wp\/v2\/posts\/175539","targetHints":{"allow":["GET"]}}],"collection":[{"href":"http:\/\/www.tvturk.com\/index.php\/wp-json\/wp\/v2\/posts"}],"about":[{"href":"http:\/\/www.tvturk.com\/index.php\/wp-json\/wp\/v2\/types\/post"}],"author":[{"embeddable":true,"href":"http:\/\/www.tvturk.com\/index.php\/wp-json\/wp\/v2\/users\/1"}],"replies":[{"embeddable":true,"href":"http:\/\/www.tvturk.com\/index.php\/wp-json\/wp\/v2\/comments?post=175539"}],"version-history":[{"count":0,"href":"http:\/\/www.tvturk.com\/index.php\/wp-json\/wp\/v2\/posts\/175539\/revisions"}],"wp:attachment":[{"href":"http:\/\/www.tvturk.com\/index.php\/wp-json\/wp\/v2\/media?parent=175539"}],"wp:term":[{"taxonomy":"category","embeddable":true,"href":"http:\/\/www.tvturk.com\/index.php\/wp-json\/wp\/v2\/categories?post=175539"},{"taxonomy":"post_tag","embeddable":true,"href":"http:\/\/www.tvturk.com\/index.php\/wp-json\/wp\/v2\/tags?post=175539"}],"curies":[{"name":"wp","href":"https:\/\/api.w.org\/{rel}","templated":true}]}}