{"id":175541,"date":"2019-06-29T11:31:43","date_gmt":"2019-06-29T08:31:43","guid":{"rendered":"http:\/\/www.tvturk.com\/index.php\/tarsusta-dunyanin-nadir-kuslari-arasinda-gosterilen-yavru-ebabil-kusu-koruma-altina-alindi\/"},"modified":"2019-06-29T11:31:43","modified_gmt":"2019-06-29T08:31:43","slug":"tarsusta-dunyanin-nadir-kuslari-arasinda-gosterilen-yavru-ebabil-kusu-koruma-altina-alindi","status":"publish","type":"post","link":"http:\/\/www.tvturk.com\/index.php\/tarsusta-dunyanin-nadir-kuslari-arasinda-gosterilen-yavru-ebabil-kusu-koruma-altina-alindi\/","title":{"rendered":"Tarsus\u2019ta d\u00fcnyan\u0131n nadir ku\u015flar\u0131 aras\u0131nda g\u00f6sterilen yavru ebabil ku\u015fu koruma alt\u0131na al\u0131nd\u0131"},"content":{"rendered":"<p>Mersin\u2019in Tarsus il\u00e7esinde bir vatanda\u015f taraf\u0131ndan evinin bah\u00e7esinde bulunan ve d\u00fcnyan\u0131n en nadir ku\u015flar\u0131 aras\u0131nda g\u00f6sterilen yavru ebabil ku\u015fu, Tarsus Belediyesi ekipleri taraf\u0131ndan koruma alt\u0131na al\u0131nd\u0131.<\/p>\n<p>\u00c7a\u011flayan Mahallesi\u2019nde u\u00e7amayan bir ku\u015fu bah\u00e7elerinde g\u00f6ren Mehmet T\u00f6men adl\u0131 bir vatanda\u015f, internetten yapt\u0131klar\u0131 ara\u015ft\u0131rmada ku\u015fun cinsinin ebabil oldu\u011funu \u00f6\u011frendi. Tarsus Belediyesi whatsapp ihbar hatt\u0131na  durumu bildiren T\u00f6men, gelen Tarsus Belediyesi Park ve Bah\u00e7eler M\u00fcd\u00fcrl\u00fc\u011f\u00fc ekiplerine ku\u015fu teslim etti. Ard\u0131ndan ekipler, yavru ku\u015fu Tarsus Hayvan Park\u0131 yetkililerine naklettiler. Park ve Bah\u00e7eler M\u00fcd\u00fcr\u00fc Sevgi Baran, \u201cBir vatanda\u015f whatsapp hatt\u0131m\u0131za ihbarda bulunarak, bah\u00e7esinde ebabil cinsi bir ku\u015fun oldu\u011funu s\u00f6yledi. Ekiplerimizle birlikte hi\u00e7 vakit kaybetmeden duyarl\u0131 vatanda\u015f\u0131m\u0131z\u0131n adresine giderek yavru ku\u015fu teslim ald\u0131k&#8221; dedi.<\/p>\n<p>Hayvanat bah\u00e7esi Veterineri F\u0131rat Kabayel de bu mevsimde bu t\u00fcr vakalarla s\u0131k s\u0131k kar\u015f\u0131la\u015ft\u0131klar\u0131n\u0131 belirterek, &#8220;Yuvas\u0131nda ayr\u0131lan baz\u0131 yavru ku\u015flar geli\u015fimlerini tamamlamad\u0131klar\u0131 i\u00e7in u\u00e7am\u0131yor. D\u00fcnyan\u0131n nadir ku\u015flar\u0131ndan biri olan yavru ebabil ku\u015funu tedavi alt\u0131na al\u0131p, bir s\u00fcre misafir ettikten sonra do\u011faya b\u0131rakaca\u011f\u0131z&#8221; dedi.<\/p>\n","protected":false},"excerpt":{"rendered":"<p>MERS\u0130N&#8217;\u0130N TARSUS \u0130L\u00c7ES\u0130NDE B\u0130R VATANDA\u015e TARAFINDAN EV\u0130N\u0130N BAH\u00c7ES\u0130NDE BULUNAN VE D\u00dcNYANIN EN NAD\u0130R KU\u015eLARI ARASINDA G\u00d6STER\u0130LEN YAVRU EBAB\u0130L KU\u015eU, TARSUS BELED\u0130YES\u0130 EK\u0130PLER\u0130 TARAFINDAN KORUMA ALTINA ALINDI.<\/p>\n","protected":false},"author":1,"featured_media":0,"comment_status":"closed","ping_status":"open","sticky":false,"template":"","format":"standard","meta":{"jetpack_post_was_ever_published":false,"_jetpack_newsletter_access":"","_jetpack_dont_email_post_to_subs":false,"_jetpack_newsletter_tier_id":0,"_jetpack_memberships_contains_paywalled_content":false,"_jetpack_memberships_contains_paid_content":false,"footnotes":"","jetpack_publicize_message":"","jetpack_publicize_feature_enabled":true,"jetpack_social_post_already_shared":true,"jetpack_social_options":{"image_generator_settings":{"template":"highway","default_image_id":0,"font":"","enabled":false},"version":2}},"categories":[1],"tags":[1014,1186,1882,1197,30956,20211,1185,1815,18786,19681,20726,1239],"class_list":["post-175541","post","type-post","status-publish","format-standard","hentry","category-genel","tag-alindi","tag-altina","tag-arasinda","tag-dunyanin","tag-ebabil","tag-gosterilen","tag-koruma","tag-kuslari","tag-kusu","tag-nadir","tag-tarsusta","tag-yavru"],"jetpack_publicize_connections":[],"jetpack_featured_media_url":"","jetpack_sharing_enabled":true,"jetpack_shortlink":"https:\/\/wp.me\/paKIfm-JFj","_links":{"self":[{"href":"http:\/\/www.tvturk.com\/index.php\/wp-json\/wp\/v2\/posts\/175541","targetHints":{"allow":["GET"]}}],"collection":[{"href":"http:\/\/www.tvturk.com\/index.php\/wp-json\/wp\/v2\/posts"}],"about":[{"href":"http:\/\/www.tvturk.com\/index.php\/wp-json\/wp\/v2\/types\/post"}],"author":[{"embeddable":true,"href":"http:\/\/www.tvturk.com\/index.php\/wp-json\/wp\/v2\/users\/1"}],"replies":[{"embeddable":true,"href":"http:\/\/www.tvturk.com\/index.php\/wp-json\/wp\/v2\/comments?post=175541"}],"version-history":[{"count":0,"href":"http:\/\/www.tvturk.com\/index.php\/wp-json\/wp\/v2\/posts\/175541\/revisions"}],"wp:attachment":[{"href":"http:\/\/www.tvturk.com\/index.php\/wp-json\/wp\/v2\/media?parent=175541"}],"wp:term":[{"taxonomy":"category","embeddable":true,"href":"http:\/\/www.tvturk.com\/index.php\/wp-json\/wp\/v2\/categories?post=175541"},{"taxonomy":"post_tag","embeddable":true,"href":"http:\/\/www.tvturk.com\/index.php\/wp-json\/wp\/v2\/tags?post=175541"}],"curies":[{"name":"wp","href":"https:\/\/api.w.org\/{rel}","templated":true}]}}