{"id":175543,"date":"2019-06-29T11:31:47","date_gmt":"2019-06-29T08:31:47","guid":{"rendered":"http:\/\/www.tvturk.com\/index.php\/40-yillik-misafir-leylekler-yavrularini-goce-hazirliyor\/"},"modified":"2019-06-29T11:31:47","modified_gmt":"2019-06-29T08:31:47","slug":"40-yillik-misafir-leylekler-yavrularini-goce-hazirliyor","status":"publish","type":"post","link":"http:\/\/www.tvturk.com\/index.php\/40-yillik-misafir-leylekler-yavrularini-goce-hazirliyor\/","title":{"rendered":"40 y\u0131ll\u0131k misafir leylekler yavrular\u0131n\u0131 g\u00f6\u00e7e haz\u0131rl\u0131yor"},"content":{"rendered":"<p>Konya\u2019n\u0131n merkez Karatay il\u00e7esinde yakla\u015f\u0131k 40 y\u0131ld\u0131r ayn\u0131 elektrik dire\u011finde konaklayan leylekler bu y\u0131l da yavrular\u0131n\u0131 ayn\u0131 yerde b\u00fcy\u00fct\u00fcyor.<\/p>\n<p>Gaziosmanpa\u015fa Mahallesinin sembol\u00fc olan leylekler her y\u0131l ayn\u0131 yere gelerek yavrular\u0131n\u0131 e\u011fitiyor ve yavrular yeterli e\u011fitimin ard\u0131ndan u\u00e7may\u0131 \u00f6\u011freniyor. Annesi taraf\u0131ndan u\u00e7u\u015f e\u011fitimi alan yavru leylekler yeterli olgunlu\u011fa ula\u015f\u0131nca mevsim sonunda s\u0131cak b\u00f6lgelere gitmek \u00fczere tekrar kanat \u00e7\u0131rpacak. K\u0131\u015f d\u00f6nemini ba\u015fka yerde ge\u00e7irecek leylekler, \u00fcreme d\u00f6nemini ge\u00e7irmek \u00fczere tekrar gelecek.<\/p>\n<p>Atas\u00f6zlerine ve deyimlere konu olan leyleklerin Anadolu topraklar\u0131na g\u00f6\u00e7\u00fc ise yaz aylar\u0131n\u0131n girmesiyle ba\u015fl\u0131yor. Toplu halde hareket eden leylekler, istedikleri noktalarda ilkbahar ve yaz aylar\u0131 boyunca konaklayarak yavruluyor. Bahar\u0131n geli\u015finin de sembol\u00fc leylekler Gaziosmanpa\u015fa Mahallesinde b\u00f6lge halk\u0131 taraf\u0131ndan sevin\u00e7le kar\u015f\u0131lan\u0131yor, yavrular\u0131 uzaktan sevmenin heyecan\u0131 ya\u015fan\u0131yor.<\/p>\n<p>Mahalle sakinlerinden \u00d6zkan Ac\u0131badem leyleklerin \u00f6nceki y\u0131llarda yuva yapt\u0131klar\u0131 direk y\u0131k\u0131ld\u0131ktan sonra da mahalleden gitmedi\u011fini s\u00f6yledi. \u00c7ocuklu\u011fundan beri ayn\u0131 mahallede ya\u015fad\u0131\u011f\u0131n\u0131 ifade eden Ac\u0131badem, &#8220;Bu evi yapt\u0131\u011f\u0131m\u0131zda 5-6 ya\u015flar\u0131ndayd\u0131k. O zamanlar\u0131 anlat\u0131rlard\u0131, leylekler as\u0131rlar \u00f6nceden varm\u0131\u015f buralarda. Uzun s\u00fcredir buradalar. Ta\u015f direk vard\u0131 burada \u00f6nce yuvalar\u0131 onun \u00fczerindeydi. Ta\u015f direk y\u0131k\u0131l\u0131nca yuvay\u0131 da\u011f\u0131tt\u0131lar. Sonra leylekler buradan gitmedi. \u00c7at\u0131lara, yere ve yollara konmaya ba\u015flad\u0131. Sonra belediye taraf\u0131ndan elektrik dire\u011fi \u00fczerine yuva yap\u0131ld\u0131&#8221; dedi.<\/p>\n<p>&#8220;Mahallenin maskotu haline geldi&#8221;<\/p>\n<p>Yavrular\u0131n sonraki senelerde tekrar geldi\u011fini \u00f6ne s\u00fcren \u00d6zkan Ac\u0131badem, &#8220;Her senenin yavrusu buraya sahip oluyor. Anne babalar\u0131n\u0131 katm\u0131yorlar \u00e7\u00fcnk\u00fc hep g\u00f6r\u00fcyoruz. \u0130ki veya 3 tane yumurta oluyor. Bazen yumurtan\u0131n birini a\u015fa\u011f\u0131 at\u0131yorlar, bazen yumurtadan \u00e7\u0131kt\u0131ktan sonra a\u015fa\u011f\u0131 at\u0131yorlar. Bir tanesinde fire veriyorlar. Anne baba m\u0131 yoksa yavrular m\u0131 a\u015fa\u011f\u0131 at\u0131yor bilemeyiz. Birka\u00e7 tane leylek yavrusunun \u00f6l\u00fcs\u00fcyle kar\u015f\u0131la\u015ft\u0131\u011f\u0131m\u0131z oldu&#8221; diye konu\u015ftu.<\/p>\n<p>Gelen leyleklerin akraba olduklar\u0131n\u0131 tahmin ettiklerini anlatan \u00d6zkan, &#8220;Birbirine benziyorlar ama tahmin ediyoruz. Zaten eskiler de anlat\u0131r oradan biliyoruz. Yuvadaki yavrular\u0131 anne baba besleyemezmi\u015f birinden fire verirlermi\u015f di\u011ferleri sa\u011fl\u0131kl\u0131 geli\u015fsin diye. Bazen de yavrular k\u0131skand\u0131\u011f\u0131 i\u00e7in atarm\u0131\u015f. Leyle\u011fin alt\u0131nda da benim k\u00f6peklerim ba\u011fl\u0131. Onlara att\u0131\u011f\u0131m yiyecekleri al\u0131p yukar\u0131 \u00e7\u0131k\u0131yorlar. Kavga ediyorlar bizim \u00e7ok ho\u015fumuza gidiyor, al\u0131\u015ft\u0131k mahallemizin bir de\u011feri maskotu haline geldi&#8221; \u015feklinde konu\u015ftu.<\/p>\n<p>21 ya\u015f\u0131ndan beri ayn\u0131 mahallede ya\u015fad\u0131\u011f\u0131n\u0131 aktaran Sami Ar\u0131c\u0131 da, mahallenin sakinlerinden biri oldu\u011funu ve her yaz gelen leyleklerin bahar aylar\u0131nda yavrular\u0131n\u0131 b\u00fcy\u00fct\u00fcp gitti\u011fini belirtti.<\/p>\n<p>Ar\u0131c\u0131, &#8220;Ayn\u0131 leylekler mi bilmiyoruz ama her sene ayn\u0131 leyleklerin geldi\u011fini tahmin ediyoruz. Leylekler mahallemizin bir armas\u0131 gibi oldu, mahallemizin sakinlerinden biri gibi g\u00fczel bir durum oldu&#8221; \u015feklinde konu\u015ftu.<\/p>\n<p>B\u00f6lge halk\u0131, y\u0131llard\u0131r gelen leyleklerin ayn\u0131 ku\u015flar olmasa da ayn\u0131 soydan geldiklerine inan\u0131yor. Yiyecek bulmak i\u00e7in zaman zaman havalanan ku\u015flar\u0131n yuvas\u0131 \u00e7ok say\u0131da ser\u00e7eye de ev sahipli\u011fi yap\u0131yor. Ayr\u0131ca mahalledeki bir\u00e7ok elektrik dire\u011fi g\u00f6\u00e7men ku\u015flara e\u011fitim yuvas\u0131 olmaya devam ediyor.<\/p>\n","protected":false},"excerpt":{"rendered":"<p>KONYA\u2019NIN MERKEZ KARATAY \u0130L\u00c7ES\u0130NDE YAKLA\u015eIK 40 YILDIR AYNI ELEKTR\u0130K D\u0130RE\u011e\u0130NDE KONAKLAYAN LEYLEKLER BU YIL DA YAVRULARINI AYNI YERDE B\u00dcY\u00dcT\u00dcYOR.<\/p>\n","protected":false},"author":1,"featured_media":0,"comment_status":"closed","ping_status":"open","sticky":false,"template":"","format":"standard","meta":{"jetpack_post_was_ever_published":false,"_jetpack_newsletter_access":"","_jetpack_dont_email_post_to_subs":false,"_jetpack_newsletter_tier_id":0,"_jetpack_memberships_contains_paywalled_content":false,"_jetpack_memberships_contains_paid_content":false,"footnotes":"","jetpack_publicize_message":"","jetpack_publicize_feature_enabled":true,"jetpack_social_post_already_shared":true,"jetpack_social_options":{"image_generator_settings":{"template":"highway","default_image_id":0,"font":"","enabled":false},"version":2}},"categories":[1],"tags":[17310,20671,3624,6140,30084,710],"class_list":["post-175543","post","type-post","status-publish","format-standard","hentry","category-genel","tag-goce","tag-hazirliyor","tag-leylekler","tag-misafir","tag-yavrularini","tag-yillik"],"jetpack_publicize_connections":[],"jetpack_featured_media_url":"","jetpack_sharing_enabled":true,"jetpack_shortlink":"https:\/\/wp.me\/paKIfm-JFl","_links":{"self":[{"href":"http:\/\/www.tvturk.com\/index.php\/wp-json\/wp\/v2\/posts\/175543","targetHints":{"allow":["GET"]}}],"collection":[{"href":"http:\/\/www.tvturk.com\/index.php\/wp-json\/wp\/v2\/posts"}],"about":[{"href":"http:\/\/www.tvturk.com\/index.php\/wp-json\/wp\/v2\/types\/post"}],"author":[{"embeddable":true,"href":"http:\/\/www.tvturk.com\/index.php\/wp-json\/wp\/v2\/users\/1"}],"replies":[{"embeddable":true,"href":"http:\/\/www.tvturk.com\/index.php\/wp-json\/wp\/v2\/comments?post=175543"}],"version-history":[{"count":0,"href":"http:\/\/www.tvturk.com\/index.php\/wp-json\/wp\/v2\/posts\/175543\/revisions"}],"wp:attachment":[{"href":"http:\/\/www.tvturk.com\/index.php\/wp-json\/wp\/v2\/media?parent=175543"}],"wp:term":[{"taxonomy":"category","embeddable":true,"href":"http:\/\/www.tvturk.com\/index.php\/wp-json\/wp\/v2\/categories?post=175543"},{"taxonomy":"post_tag","embeddable":true,"href":"http:\/\/www.tvturk.com\/index.php\/wp-json\/wp\/v2\/tags?post=175543"}],"curies":[{"name":"wp","href":"https:\/\/api.w.org\/{rel}","templated":true}]}}