{"id":175553,"date":"2019-06-29T11:46:38","date_gmt":"2019-06-29T08:46:38","guid":{"rendered":"http:\/\/www.tvturk.com\/index.php\/denizlisporun-vefat-eden-efsane-baskani-yarin-topraga-verilecek\/"},"modified":"2019-06-29T11:46:38","modified_gmt":"2019-06-29T08:46:38","slug":"denizlisporun-vefat-eden-efsane-baskani-yarin-topraga-verilecek","status":"publish","type":"post","link":"http:\/\/www.tvturk.com\/index.php\/denizlisporun-vefat-eden-efsane-baskani-yarin-topraga-verilecek\/","title":{"rendered":"Denizlispor\u2019un vefat eden efsane ba\u015fkan\u0131 yar\u0131n topra\u011fa verilecek"},"content":{"rendered":"<p>Yukatel Denizlispor\u2019un, tedavi g\u00f6rd\u00fc\u011f\u00fc kanser hastal\u0131\u011f\u0131na yenik d\u00fc\u015ferek hayat\u0131n\u0131 kaybeden eski Kul\u00fcp Ba\u015fkanlar\u0131ndan Ali \u0130pek yar\u0131n topra\u011fa verilecek.<\/p>\n<p>Denizlispor\u2019un efsane ba\u015fkanlar\u0131ndan \u0130pek d\u00fcn gece tedavi g\u00f6rd\u00fc\u011f\u00fc hastanede hayat\u0131n\u0131 kaybetti. Yakla\u015f\u0131k 1 y\u0131ld\u0131r kanser tedavisi g\u00f6ren \u0130pek hastal\u0131\u011f\u0131na yenik d\u00fc\u015ferek hayata veda etti. \u0130pek\u2019in \u00f6l\u00fcm\u00fc, kentte b\u00fcy\u00fck \u00fcz\u00fcnt\u00fcye neden oldu.<\/p>\n<p>\u0130pek\u2019in hayat\u0131n\u0131 kaybetmesinin ard\u0131ndan Denizlispor sosyal medya hesab\u0131ndan bir a\u00e7\u0131klama yap\u0131ld\u0131. A\u00e7\u0131klamada, &#8220;Kul\u00fcb\u00fcm\u00fcz\u00fcn eski ba\u015fkanlar\u0131ndan Ali \u0130pek\u2019in vefat haberini b\u00fcy\u00fck bir \u00fcz\u00fcnt\u00fc ile \u00f6\u011frenmi\u015f bulunmaktay\u0131z. Denizlispor\u2019umuza b\u00fcy\u00fck emekleri ge\u00e7en Ali \u0130pek\u2019i rahmetle an\u0131yor, camiam\u0131za ba\u015fsa\u011fl\u0131\u011f\u0131, ailesi ve sevenlerine sab\u0131r diliyoruz&#8221; ifadelerine yer verildi.<\/p>\n<p>Denizli do\u011fumlu olan \u0130pek, ilk-orta-lise tahsilini Denizli\u2019de tamamlad\u0131ktan sonra, Erzurum Atat\u00fcrk \u00dcniversitesi \u0130\u015fletme Fak\u00fcltesi\u2019nden mezun oldu. 1980 y\u0131l\u0131nda oluklu mukavva ve kutu sekt\u00f6r\u00fcne ad\u0131m atan \u0130pek, gen\u00e7 ya\u015flar\u0131ndan itibaren spora olan d\u00fc\u015fk\u00fcnl\u00fc\u011f\u00fc nedeniyle \u00f6nce futbolcu sonra da idareci ve ba\u015fkanl\u0131k kademelerinde \u00e7e\u015fitli g\u00f6revler ald\u0131. 1988-1990 y\u0131llar\u0131 aras\u0131nda Denizli Amat\u00f6r Spor Kul\u00fcpleri Federasyon (ASKF) Ba\u015fkan\u0131 olarak, Denizli\u2019de amat\u00f6r sporlara hizmet verdi. Denizlispor\u2019da bir\u00e7ok kez y\u00f6neticilik g\u00f6revi alan \u0130pek, 1990-92 y\u0131llar\u0131nda ba\u015fkanl\u0131k yapt\u0131. T\u00fcrkiye Futbol Federasyonu\u2019nda da A Milli Tak\u0131m\u0131n D\u00fcnya 3&#8243;\u00fcnc\u00fcs\u00fc oldu\u011fu d\u00f6nemi de kapsayan, 1997- 2004 tarihleri aras\u0131nda y\u00f6netim kurulu \u00fcyesi olarak g\u00f6rev alan Ali \u0130pek, yine ayn\u0131 d\u00f6nemde T\u00fcrk ve Denizli futbolunun geli\u015fmesi ad\u0131na \u00f6nemli katk\u0131lar sa\u011flad\u0131. 2005-2010 y\u0131llar\u0131 aras\u0131nda yeniden Denizlispor i\u00e7in kollar\u0131 s\u0131vayarak, Denizlispor\u2019un ba\u015far\u0131s\u0131 i\u00e7in ba\u015fkanl\u0131k koltu\u011funa oturan \u0130pek, yine Denizlispor\u2019un markala\u015fmas\u0131 ve tesisle\u015ferek kurumsal bir yap\u0131ya kavu\u015fmas\u0131 ad\u0131na ciddi katk\u0131larda bulundu.<\/p>\n<p>\u0130pek\u2019in cenaze t\u00f6reninin yar\u0131n ikindi namaz\u0131n\u0131 m\u00fcteakip yap\u0131laca\u011f\u0131 \u00f6\u011frenildi.<\/p>\n","protected":false},"excerpt":{"rendered":"<p>YUKATEL DEN\u0130ZL\u0130SPOR\u2019UN, TEDAV\u0130 G\u00d6RD\u00dc\u011e\u00dc KANSER HASTALI\u011eINA YEN\u0130K D\u00dc\u015eEREK HAYATINI KAYBEDEN ESK\u0130 KUL\u00dcP BA\u015eKANLARINDAN AL\u0130 \u0130PEK YARIN TOPRA\u011eA VER\u0130LECEK.<\/p>\n","protected":false},"author":1,"featured_media":0,"comment_status":"closed","ping_status":"open","sticky":false,"template":"","format":"standard","meta":{"jetpack_post_was_ever_published":false,"_jetpack_newsletter_access":"","_jetpack_dont_email_post_to_subs":false,"_jetpack_newsletter_tier_id":0,"_jetpack_memberships_contains_paywalled_content":false,"_jetpack_memberships_contains_paid_content":false,"footnotes":"","jetpack_publicize_message":"","jetpack_publicize_feature_enabled":true,"jetpack_social_post_already_shared":true,"jetpack_social_options":{"image_generator_settings":{"template":"highway","default_image_id":0,"font":"","enabled":false},"version":2}},"categories":[1],"tags":[216,42786,2393,3915,9494,15559,2112,2111],"class_list":["post-175553","post","type-post","status-publish","format-standard","hentry","category-genel","tag-baskani","tag-denizlisporun","tag-eden","tag-efsane","tag-topraga","tag-vefat","tag-verilecek","tag-yarin"],"jetpack_publicize_connections":[],"jetpack_featured_media_url":"","jetpack_sharing_enabled":true,"jetpack_shortlink":"https:\/\/wp.me\/paKIfm-JFv","_links":{"self":[{"href":"http:\/\/www.tvturk.com\/index.php\/wp-json\/wp\/v2\/posts\/175553","targetHints":{"allow":["GET"]}}],"collection":[{"href":"http:\/\/www.tvturk.com\/index.php\/wp-json\/wp\/v2\/posts"}],"about":[{"href":"http:\/\/www.tvturk.com\/index.php\/wp-json\/wp\/v2\/types\/post"}],"author":[{"embeddable":true,"href":"http:\/\/www.tvturk.com\/index.php\/wp-json\/wp\/v2\/users\/1"}],"replies":[{"embeddable":true,"href":"http:\/\/www.tvturk.com\/index.php\/wp-json\/wp\/v2\/comments?post=175553"}],"version-history":[{"count":0,"href":"http:\/\/www.tvturk.com\/index.php\/wp-json\/wp\/v2\/posts\/175553\/revisions"}],"wp:attachment":[{"href":"http:\/\/www.tvturk.com\/index.php\/wp-json\/wp\/v2\/media?parent=175553"}],"wp:term":[{"taxonomy":"category","embeddable":true,"href":"http:\/\/www.tvturk.com\/index.php\/wp-json\/wp\/v2\/categories?post=175553"},{"taxonomy":"post_tag","embeddable":true,"href":"http:\/\/www.tvturk.com\/index.php\/wp-json\/wp\/v2\/tags?post=175553"}],"curies":[{"name":"wp","href":"https:\/\/api.w.org\/{rel}","templated":true}]}}