{"id":175563,"date":"2019-06-29T12:16:51","date_gmt":"2019-06-29T09:16:51","guid":{"rendered":"http:\/\/www.tvturk.com\/index.php\/onazi-unal-karamanin-dogum-gununu-kutladi-sampiyonluk-mesaji-verdi\/"},"modified":"2019-06-29T12:16:51","modified_gmt":"2019-06-29T09:16:51","slug":"onazi-unal-karamanin-dogum-gununu-kutladi-sampiyonluk-mesaji-verdi","status":"publish","type":"post","link":"http:\/\/www.tvturk.com\/index.php\/onazi-unal-karamanin-dogum-gununu-kutladi-sampiyonluk-mesaji-verdi\/","title":{"rendered":"Onazi, \u00dcnal Karaman\u2019\u0131n do\u011fum g\u00fcn\u00fcn\u00fc kutlad\u0131, \u015fampiyonluk mesaj\u0131 verdi"},"content":{"rendered":"<p>Trabzonspor\u2019un y\u0131ld\u0131z futbolcusu Ogenyi Onazi, Teknik Direkt\u00f6r \u00dcnal Karaman\u2019\u0131n do\u011fum g\u00fcn\u00fcn\u00fc kutlayarak \u015fampiyonluk mesaj\u0131 verdi.<\/p>\n<p>Ge\u00e7ti\u011fimiz sezon ya\u015fad\u0131\u011f\u0131 a\u011f\u0131r sakatl\u0131\u011f\u0131n ard\u0131ndan uzun s\u00fcre sahalardan uzak kalan Onazi, kendini yeni sezon \u00f6ncesi haz\u0131r hale getirmek i\u00e7in \u00e7al\u0131\u015fmalar\u0131n\u0131 Mehmet Ali Y\u0131lmaz Tesisleri\u2019nde s\u00fcrd\u00fcr\u00fcyor. Yapt\u0131\u011f\u0131 antrenman s\u0131ras\u0131nda Onazi, sosyal medya hesab\u0131ndan \u00dcnal Karaman ile g\u00f6r\u00fcnt\u00fcs\u00fcn\u00fc payla\u015farak, 53 ya\u015f\u0131na giren tecr\u00fcbeli teknik adam\u0131n do\u011fum g\u00fcn\u00fcn\u00fc kutlad\u0131 ve \u015fampiyonluk mesaj\u0131 verdi. Ba\u015far\u0131l\u0131 oyuncu, &#8220;Do\u011fum g\u00fcn\u00fcn kutlu olsun hocam. \u0130n\u015fallah \u015fampiyon Trabzon. Bize her yer Trabzon&#8221; ifadelerini kullan\u0131rken, \u00dcnal Karaman ise oyuncusuna te\u015fekk\u00fcr ederek, \u2019in\u015fallah\u2019 yan\u0131t\u0131n\u0131 verdi.<\/p>\n","protected":false},"excerpt":{"rendered":"<p>TRABZONSPOR&#8217;UN YILDIZ OYUNCUSU OGENY\u0130 ONAZ\u0130, TEKN\u0130K D\u0130REKT\u00d6R \u00dcNAL KARAMAN&#8217;IN DO\u011eUM G\u00dcN\u00dcN\u00dc KUTLAYARAK \u015eAMP\u0130YONLUK MESAJI VERD\u0130.<\/p>\n","protected":false},"author":1,"featured_media":0,"comment_status":"closed","ping_status":"open","sticky":false,"template":"","format":"standard","meta":{"jetpack_post_was_ever_published":false,"_jetpack_newsletter_access":"","_jetpack_dont_email_post_to_subs":false,"_jetpack_newsletter_tier_id":0,"_jetpack_memberships_contains_paywalled_content":false,"_jetpack_memberships_contains_paid_content":false,"footnotes":"","jetpack_publicize_message":"","jetpack_publicize_feature_enabled":true,"jetpack_social_post_already_shared":true,"jetpack_social_options":{"image_generator_settings":{"template":"highway","default_image_id":0,"font":"","enabled":false},"version":2}},"categories":[657],"tags":[1068,12884,20109,4040,3121,27654,4694,5877,386],"class_list":["post-175563","post","type-post","status-publish","format-standard","hentry","category-spor","tag-dogum","tag-gununu","tag-karamanin","tag-kutladi","tag-mesaji","tag-onazi","tag-sampiyonluk","tag-unal","tag-verdi"],"jetpack_publicize_connections":[],"jetpack_featured_media_url":"","jetpack_sharing_enabled":true,"jetpack_shortlink":"https:\/\/wp.me\/paKIfm-JFF","_links":{"self":[{"href":"http:\/\/www.tvturk.com\/index.php\/wp-json\/wp\/v2\/posts\/175563","targetHints":{"allow":["GET"]}}],"collection":[{"href":"http:\/\/www.tvturk.com\/index.php\/wp-json\/wp\/v2\/posts"}],"about":[{"href":"http:\/\/www.tvturk.com\/index.php\/wp-json\/wp\/v2\/types\/post"}],"author":[{"embeddable":true,"href":"http:\/\/www.tvturk.com\/index.php\/wp-json\/wp\/v2\/users\/1"}],"replies":[{"embeddable":true,"href":"http:\/\/www.tvturk.com\/index.php\/wp-json\/wp\/v2\/comments?post=175563"}],"version-history":[{"count":0,"href":"http:\/\/www.tvturk.com\/index.php\/wp-json\/wp\/v2\/posts\/175563\/revisions"}],"wp:attachment":[{"href":"http:\/\/www.tvturk.com\/index.php\/wp-json\/wp\/v2\/media?parent=175563"}],"wp:term":[{"taxonomy":"category","embeddable":true,"href":"http:\/\/www.tvturk.com\/index.php\/wp-json\/wp\/v2\/categories?post=175563"},{"taxonomy":"post_tag","embeddable":true,"href":"http:\/\/www.tvturk.com\/index.php\/wp-json\/wp\/v2\/tags?post=175563"}],"curies":[{"name":"wp","href":"https:\/\/api.w.org\/{rel}","templated":true}]}}