{"id":175573,"date":"2019-06-29T12:32:30","date_gmt":"2019-06-29T09:32:30","guid":{"rendered":"http:\/\/www.tvturk.com\/index.php\/cern-arastirmacisi-prof-dr-mossadek-talby-cocuklara-atom-alti-parcaciklarin-gizemli-dunyasini-anlatti\/"},"modified":"2019-06-29T12:32:30","modified_gmt":"2019-06-29T09:32:30","slug":"cern-arastirmacisi-prof-dr-mossadek-talby-cocuklara-atom-alti-parcaciklarin-gizemli-dunyasini-anlatti","status":"publish","type":"post","link":"http:\/\/www.tvturk.com\/index.php\/cern-arastirmacisi-prof-dr-mossadek-talby-cocuklara-atom-alti-parcaciklarin-gizemli-dunyasini-anlatti\/","title":{"rendered":"CERN Ara\u015ft\u0131rmac\u0131s\u0131 Prof. Dr. Mossadek Talby, \u00e7ocuklara atom alt\u0131 par\u00e7ac\u0131klar\u0131n gizemli d\u00fcnyas\u0131n\u0131 anlatt\u0131"},"content":{"rendered":"<p>D\u00fcnyaca \u00fcnl\u00fc ve en b\u00fcy\u00fck atom ara\u015ft\u0131rmalar\u0131 merkezi CERN\u2019de ara\u015ft\u0131rmalar y\u00fcr\u00fcten ve Fransa Aix-Marseille \u00dcniversitesi\u2019nde Fizik Profes\u00f6r\u00fc olan Prof. Dr. Mossadek Talby, \u00d6zay G\u00fcnsel \u00c7ocuk \u00dcniversitesi\u2019nde \u00f6\u011frencilere \u201cAtom Par\u00e7ac\u0131klar\u0131n\u0131n E\u011flenceli D\u00fcnyas\u0131\u201d konulu konferans verdi.<\/p>\n<p>Yak\u0131n Do\u011fu \u00dcniversitesi \u0130rfan G\u00fcnsel Kongre Merkezi, Salon 4\u2019de ger\u00e7ekle\u015ftirilen konferansta, Prof. Dr. Mossadek Talby g\u00f6rsel \u00f6rneklerle atom alt\u0131 par\u00e7ac\u0131klar\u0131n gizemli d\u00fcnyas\u0131, karanl\u0131k madde ve CERN \u00e7al\u0131\u015fmalar\u0131 konusunda \u00f6\u011frencileri bilgilendirdi. Konferans kapsam\u0131nda Higgs bozonu ile ilgili video g\u00f6sterimi de yap\u0131ld\u0131.<\/p>\n<p>Atom ve atom alt\u0131 hakk\u0131nda ilgin\u00e7 bilgiler payla\u015f\u0131ld\u0131<\/p>\n<p>Prof. Dr. Talby, \u00f6\u011frencilere atom ve atom alt\u0131 par\u00e7ac\u0131klar\u0131n s\u0131r dolu d\u00fcnyas\u0131na dair ilgin\u00e7 bilgiler aktard\u0131. Prof. Dr. Talby sunumunda; \u2018Evrenin tarihi, her \u015fey neyden yap\u0131lm\u0131\u015ft\u0131r?\u2019,  \u2018Her \u015feyi bir arada tutan nedir?\u2019, \u2018Par\u00e7ac\u0131klar\u0131 atomlar\u0131n i\u00e7inde tutan nedir?\u2019, elektronlar ve kuarklar d\u0131\u015f\u0131nda do\u011fada var olan ba\u015fka temel par\u00e7ac\u0131klar, temel par\u00e7ac\u0131klar ve etkile\u015fimleri, B\u00fcy\u00fck Hadron \u00c7arp\u0131\u015ft\u0131r\u0131c\u0131s\u0131, LHC T\u00fcneli ve proton-proton etkile\u015fimi, ATLAS Dedekt\u00f6r\u00fc, CMS Dedekt\u00f6r\u00fc, ALICE Dedekt\u00f6r\u00fc, LHCB Dedekt\u00f6r\u00fc, d\u00fcnya \u00e7ap\u0131nda bilgi i\u015flem \u0131zgaras\u0131 www\u2019dan sonra yeni bir CERN Yenili\u011fi ve LHC\u2019de Higgs Boson\u2019un ke\u015ffi gibi konular\u0131nda merak uyand\u0131ran bilgiler anlatt\u0131.<\/p>\n<p>\u00d6\u011frenciler sorular\u0131yla Prof. Dr. Talby \u015fa\u015f\u0131rtt\u0131<\/p>\n<p>Konferans, \u00f6zellikle 06-12 ya\u015f grubu \u00e7ocuklar\u0131n de\u011fi\u015fik sorular\u0131 ile \u00e7ok renkli ve ne\u015feli hale geldi. Atom alt\u0131 par\u00e7ac\u0131klar konusunda bilimsel \u00e7al\u0131\u015fmalar yapan ve pek \u00e7ok makalesi bulunan Prof. Prof. Dr. Mossadek Talby, konferans s\u0131ras\u0131nda \u00f6\u011frencilerin atom, molek\u00fcl ve elektronlar ile ilgili \u00e7ok ilgin\u00e7 sorular\u0131n\u0131 yan\u0131tlad\u0131. Konferans\u0131 ilgi ve merakla dinleyen \u00f6\u011frenciler, evreni meydana getiren maddeler, evrende g\u00f6r\u00fclen cisimler ve cisimler aras\u0131 etkile\u015fimi sa\u011flayan par\u00e7ac\u0131klar, insan v\u00fccudundaki atomlar\u0131n \u00f6ld\u00fckten sonra ne oldu\u011fu gibi merak ettikleri konularda sorduklar\u0131 sorular\u0131 ile Prof. Prof. Dr. Mossadek Talby\u2019i \u015fa\u015f\u0131rtt\u0131lar. \u00d6\u011frencilerin kalan di\u011fer sorular\u0131n\u0131 mektup olarak yaz\u0131p g\u00f6ndermeleri halinde mektupla cevaplamaya s\u00f6z veren Prof. Dr. Talby, \u00e7ocuklar\u0131n ilgi ve sorular\u0131ndan \u00e7ok etkilendi\u011fini, ileride tekrar benzeri etkinlikleri yapmak \u00fczere keyifle gelebilece\u011fini ifade etti.<\/p>\n<p>Konferans\u0131n sonunda, \u00d6zay G\u00fcnsel \u00c7ocuk \u00dcniversitesi M\u00fctevelli Heyeti Ba\u015fkan\u0131 Anna G\u00fcnsel taraf\u0131ndan Prof. Dr. Mossadek Talby\u2019e te\u015fekk\u00fcr plaketi takdim edildi.<\/p>\n<p>\u00dcniversite y\u00f6neticileri de izledi<\/p>\n<p>\u00d6zay G\u00fcnsel \u00c7ocuk \u00dcniversitesi Genel Koordinat\u00f6r\u00fc Uzman Psikolog \u00c7a\u011fla Akarsel\u2019in sunuculu\u011funu \u00fcstlendi\u011fi Prof. Dr. Mossadek Talby\u2019nin \u201cAtom Par\u00e7ac\u0131klar\u0131n\u0131n E\u011flenceli D\u00fcnyas\u0131\u201d konulu konferans\u0131; \u00d6zay G\u00fcnsel \u00c7ocuk \u00dcniversitesi M\u00fctevelli Heyeti Ba\u015fkan\u0131 Anna G\u00fcnsel, \u00d6zay G\u00fcnsel \u00c7ocuk \u00dcniversitesi Rekt\u00f6r\u00fc Prof. Dr. Filiz Meri\u00e7li, Yak\u0131n Do\u011fu \u00dcniversitesi Rekt\u00f6r Yard\u0131mc\u0131s\u0131 Prof. Dr. Tamer \u015eanl\u0131da\u011f, Yak\u0131n Do\u011fu \u00dcniversitesi M\u00fctevelli Heyeti Ba\u015fkan\u0131 Teknoloji Dan\u0131\u015fman\u0131 Prof. Dr. Murat \u00d6zg\u00f6ren, \u00d6zay G\u00fcnsel \u00c7ocuk \u00dcniversitesi Genel Sekreteri Duygu Kaptano\u011flu ile akademisyenler ve ara\u015ft\u0131rmac\u0131lar da izledi.<\/p>\n","protected":false},"excerpt":{"rendered":"<p>D\u00dcNYACA \u00dcNL\u00dc VE EN B\u00dcY\u00dcK ATOM ARA\u015eTIRMALARI MERKEZ\u0130 CERN\u2019DE ARA\u015eTIRMALAR Y\u00dcR\u00dcTEN VE FRANSA A\u0130X-MARSE\u0130LLE \u00dcN\u0130VERS\u0130TES\u0130&#8217;NDE F\u0130Z\u0130K PROFES\u00d6R\u00dc OLAN PROF. DR. MOSSADEK TALBY, \u00d6ZAY G\u00dcNSEL \u00c7OCUK \u00dcN\u0130VERS\u0130TES\u0130\u2019NDE \u00d6\u011eRENC\u0130LERE \u201cATOM PAR\u00c7ACIKLARININ E\u011eLENCEL\u0130 D\u00dcNYASI\u201d KONULU KONFERANS VERD\u0130.<\/p>\n","protected":false},"author":1,"featured_media":0,"comment_status":"closed","ping_status":"open","sticky":false,"template":"","format":"standard","meta":{"jetpack_post_was_ever_published":false,"_jetpack_newsletter_access":"","_jetpack_dont_email_post_to_subs":false,"_jetpack_newsletter_tier_id":0,"_jetpack_memberships_contains_paywalled_content":false,"_jetpack_memberships_contains_paid_content":false,"footnotes":"","jetpack_publicize_message":"","jetpack_publicize_feature_enabled":true,"jetpack_social_post_already_shared":true,"jetpack_social_options":{"image_generator_settings":{"template":"highway","default_image_id":0,"font":"","enabled":false},"version":2}},"categories":[1],"tags":[1567,356,42791,31382,42790,353,279,14072,32095,42792,42794,2750,42793],"class_list":["post-175573","post","type-post","status-publish","format-standard","hentry","category-genel","tag-alti","tag-anlatti","tag-arastirmacisi","tag-atom","tag-cern","tag-cocuklara","tag-dr","tag-dunyasini","tag-gizemli","tag-mossadek","tag-parcaciklarin","tag-prof","tag-talby"],"jetpack_publicize_connections":[],"jetpack_featured_media_url":"","jetpack_sharing_enabled":true,"jetpack_shortlink":"https:\/\/wp.me\/paKIfm-JFP","_links":{"self":[{"href":"http:\/\/www.tvturk.com\/index.php\/wp-json\/wp\/v2\/posts\/175573","targetHints":{"allow":["GET"]}}],"collection":[{"href":"http:\/\/www.tvturk.com\/index.php\/wp-json\/wp\/v2\/posts"}],"about":[{"href":"http:\/\/www.tvturk.com\/index.php\/wp-json\/wp\/v2\/types\/post"}],"author":[{"embeddable":true,"href":"http:\/\/www.tvturk.com\/index.php\/wp-json\/wp\/v2\/users\/1"}],"replies":[{"embeddable":true,"href":"http:\/\/www.tvturk.com\/index.php\/wp-json\/wp\/v2\/comments?post=175573"}],"version-history":[{"count":0,"href":"http:\/\/www.tvturk.com\/index.php\/wp-json\/wp\/v2\/posts\/175573\/revisions"}],"wp:attachment":[{"href":"http:\/\/www.tvturk.com\/index.php\/wp-json\/wp\/v2\/media?parent=175573"}],"wp:term":[{"taxonomy":"category","embeddable":true,"href":"http:\/\/www.tvturk.com\/index.php\/wp-json\/wp\/v2\/categories?post=175573"},{"taxonomy":"post_tag","embeddable":true,"href":"http:\/\/www.tvturk.com\/index.php\/wp-json\/wp\/v2\/tags?post=175573"}],"curies":[{"name":"wp","href":"https:\/\/api.w.org\/{rel}","templated":true}]}}