{"id":175617,"date":"2019-06-29T13:46:27","date_gmt":"2019-06-29T10:46:27","guid":{"rendered":"http:\/\/www.tvturk.com\/index.php\/afyonkarahisarda-8inci-halka-modul-ve-cebir-calistayi-tamamlandi\/"},"modified":"2019-06-29T13:46:27","modified_gmt":"2019-06-29T10:46:27","slug":"afyonkarahisarda-8inci-halka-modul-ve-cebir-calistayi-tamamlandi","status":"publish","type":"post","link":"http:\/\/www.tvturk.com\/index.php\/afyonkarahisarda-8inci-halka-modul-ve-cebir-calistayi-tamamlandi\/","title":{"rendered":"Afyonkarahisar\u2019da 8\u2019inci Halka Mod\u00fcl ve Cebir \u00c7al\u0131\u015ftay\u0131 tamamland\u0131"},"content":{"rendered":"<p>Afyon Kocatepe \u00dcniversitesi (AK\u00dc) Fen Edebiyat Fak\u00fcltesi ev sahipli\u011finde d\u00fczenlenen 8\u2019inci Halka, Mod\u00fcl ve Cebir \u00c7al\u0131\u015ftay\u0131 sona erdi.<\/p>\n<p>24 Haziran 2019 tarihinde ba\u015flayan ve 2. defa AK\u00dc ev sahipli\u011finde ger\u00e7ekle\u015ftirilen 8\u2019inci Halka, Mod\u00fcl ve Cebir \u00c7al\u0131\u015ftay\u0131 kapsam\u0131nda cebirlerin temsil teorisi ve halka-mod\u00fcl teorilerinin ortak noktalar\u0131nda yer alan ve \u00f6nemli yap\u0131 ta\u015flar\u0131ndan olan, \u201cRings of Finite Representation Type\u201d ve \u201cSeriality\u201d konular\u0131nda, baz\u0131 temel teoremlerin ifadeleri ve ispatlar\u0131 yap\u0131ld\u0131. \u00c7al\u0131\u015ftay s\u00fcresince \u201cSonsuz Boyutlu Cebirler \u00dczerindeki Mod\u00fcller\u201d , \u201cFonksiyonel \u00d6zde\u015flik Nedir?\u201d ve \u201cKal\u0131tsal Noether Asal Halkalar\u201d konu ba\u015fl\u0131klar\u0131ndaki \u201ccontributed lecture\u201d konu\u015fmalar\u0131 da ger\u00e7ekle\u015ftirildi.<\/p>\n<p>\u00c7al\u0131\u015ftay\u0131n kapan\u0131\u015f\u0131nda konu\u015fan AK\u00dc Fen Edebiyat Fak\u00fcltesi Matematik B\u00f6l\u00fcm\u00fc Dr. \u00d6\u011fr. \u00dcyesi Fatma Kaynarca, \u00e7al\u0131\u015ftay\u0131 ikinci defa d\u00fczenliyor olman\u0131n \u00f6nemine de\u011findi. Kaynarca; \u201cFen Edebiyat Fak\u00fcltesi olarak 8. Halka Mod\u00fcl ve Cebir \u00c7al\u0131\u015ftay\u0131na ev sahipli\u011fi yapmaktan b\u00fcy\u00fck mutluluk duyduk. Bug\u00fcn de bu \u00e7al\u0131\u015ftay\u0131m\u0131z\u0131n sonuna geldik. Kat\u0131lan b\u00fct\u00fcn hocalar\u0131m\u0131za, \u00f6\u011frenci arkada\u015flar\u0131m\u0131za, bize destek veren b\u00f6l\u00fcm\u00fcm\u00fcze, Fen Edebiyat Fak\u00fcltesine ve \u00fcniversite rekt\u00f6rl\u00fc\u011f\u00fcm\u00fcze \u00e7ok te\u015fekk\u00fcr ediyorum\u201d ifadelerini kulland\u0131.<\/p>\n<p>\u0130L\u0130M \u00d6\u011eRENMEYE GELD\u0130N\u0130Z<\/p>\n<p>AK\u00dc Rekt\u00f6r Yard\u0131mc\u0131s\u0131 Prof. Dr. Murat Peker ise sunum yapan \u00f6\u011fretim \u00fcyeleri ile kat\u0131l\u0131mc\u0131 \u00f6\u011frencilere te\u015fekk\u00fcr etti. Peker; \u201cHerkes bu yaz g\u00fcn\u00fcnde tatillerde iken sizler bu havalarda buraya ilim \u00f6\u011frenmeye geldiniz, cebirle ilgili daha detayl\u0131 bilgi edinmenin pe\u015fine d\u00fc\u015ft\u00fcn\u00fcz. Bu y\u00fczden kat\u0131l\u0131mlar\u0131n\u0131zdan dolay\u0131 ba\u015fta sunum yapan hocalar\u0131m\u0131za olmak \u00fczere herkese te\u015fekk\u00fcr ediyorum. 2 y\u0131l \u00fcst \u00fcste \u00fcniversitemiz ev sahipli\u011fi yapm\u0131\u015f oldu. Bundan sonra da ba\u015fka bir \u00fcniversiteyle ayn\u0131 ba\u015far\u0131yla devam eder umar\u0131m\u201d diye konu\u015ftu.<\/p>\n<p>\u0130lim pe\u015finde ko\u015fuldu\u011fu s\u00fcrece daha g\u00fczel \u015feyleri ba\u015farman\u0131n ve yapman\u0131n gayreti i\u00e7erisine girildi\u011fini kaydeden Peker, \u201cBu konuda da matematik b\u00fct\u00fcn ilimlerin temelidir diyebiliriz. Matematiksiz hi\u00e7bir \u015fey olmayaca\u011f\u0131n\u0131 hepimiz gayet iyi biliyoruz. 24 saatimizi say\u0131lar\u0131 olmadan ge\u00e7irebilmeyi hayal edin, yapabilir misiniz? Bunu ifade ederken bile say\u0131lar\u0131 kullanmak zorunda kal\u0131yoruz. Matematiksiz hayat yok, matematik hayat\u0131n i\u00e7inde ve her yerinde. Dolay\u0131s\u0131yla hem kendi hayat\u0131n\u0131z i\u00e7in, hem de ailemiz, \u00e7evremizdeki insanlar ve b\u00fct\u00fcn insanlar i\u00e7in faydal\u0131 bilgiler \u00fcretmek bizim temel amac\u0131m\u0131z. \u0130n\u015fallah bu grup da ileriki d\u00f6nemlerde \u00e7ok daha g\u00fczel bilimsel bilgiler \u00fcretecektir\u201d dedi.<\/p>\n<p>\u00c7al\u0131\u015ftay sonunda kat\u0131l\u0131mc\u0131lara ve sunum yapan hocalara sertifikalar\u0131 ve te\u015fekk\u00fcr belgeleri verildi.<\/p>\n","protected":false},"excerpt":{"rendered":"<p>AFYON KOCATEPE \u00dcN\u0130VERS\u0130TES\u0130 (AK\u00dc) FEN EDEB\u0130YAT FAK\u00dcLTES\u0130 EV SAH\u0130PL\u0130\u011e\u0130NDE D\u00dcZENLENEN 8\u2019\u0130NC\u0130 HALKA, MOD\u00dcL VE CEB\u0130R \u00c7ALI\u015eTAYI SONA ERD\u0130.<\/p>\n","protected":false},"author":1,"featured_media":0,"comment_status":"closed","ping_status":"open","sticky":false,"template":"","format":"standard","meta":{"jetpack_post_was_ever_published":false,"_jetpack_newsletter_access":"","_jetpack_dont_email_post_to_subs":false,"_jetpack_newsletter_tier_id":0,"_jetpack_memberships_contains_paywalled_content":false,"_jetpack_memberships_contains_paid_content":false,"footnotes":"","jetpack_publicize_message":"","jetpack_publicize_feature_enabled":true,"jetpack_social_post_already_shared":true,"jetpack_social_options":{"image_generator_settings":{"template":"highway","default_image_id":0,"font":"","enabled":false},"version":2}},"categories":[1],"tags":[22641,894,304,42808,3945,42807,693],"class_list":["post-175617","post","type-post","status-publish","format-standard","hentry","category-genel","tag-8inci","tag-afyonkarahisarda","tag-calistayi","tag-cebir","tag-halka","tag-modul","tag-tamamlandi"],"jetpack_publicize_connections":[],"jetpack_featured_media_url":"","jetpack_sharing_enabled":true,"jetpack_shortlink":"https:\/\/wp.me\/paKIfm-JGx","_links":{"self":[{"href":"http:\/\/www.tvturk.com\/index.php\/wp-json\/wp\/v2\/posts\/175617","targetHints":{"allow":["GET"]}}],"collection":[{"href":"http:\/\/www.tvturk.com\/index.php\/wp-json\/wp\/v2\/posts"}],"about":[{"href":"http:\/\/www.tvturk.com\/index.php\/wp-json\/wp\/v2\/types\/post"}],"author":[{"embeddable":true,"href":"http:\/\/www.tvturk.com\/index.php\/wp-json\/wp\/v2\/users\/1"}],"replies":[{"embeddable":true,"href":"http:\/\/www.tvturk.com\/index.php\/wp-json\/wp\/v2\/comments?post=175617"}],"version-history":[{"count":0,"href":"http:\/\/www.tvturk.com\/index.php\/wp-json\/wp\/v2\/posts\/175617\/revisions"}],"wp:attachment":[{"href":"http:\/\/www.tvturk.com\/index.php\/wp-json\/wp\/v2\/media?parent=175617"}],"wp:term":[{"taxonomy":"category","embeddable":true,"href":"http:\/\/www.tvturk.com\/index.php\/wp-json\/wp\/v2\/categories?post=175617"},{"taxonomy":"post_tag","embeddable":true,"href":"http:\/\/www.tvturk.com\/index.php\/wp-json\/wp\/v2\/tags?post=175617"}],"curies":[{"name":"wp","href":"https:\/\/api.w.org\/{rel}","templated":true}]}}