{"id":175649,"date":"2019-06-29T14:46:56","date_gmt":"2019-06-29T11:46:56","guid":{"rendered":"http:\/\/www.tvturk.com\/index.php\/isaret-dili-egitimi-tamamlandi\/"},"modified":"2019-06-29T14:46:56","modified_gmt":"2019-06-29T11:46:56","slug":"isaret-dili-egitimi-tamamlandi","status":"publish","type":"post","link":"http:\/\/www.tvturk.com\/index.php\/isaret-dili-egitimi-tamamlandi\/","title":{"rendered":"\u0130\u015faret dili e\u011fitimi tamamland\u0131"},"content":{"rendered":"<p>Ke\u00e7i\u00f6ren E\u011fitim ve Ara\u015ft\u0131rma Hastanesinde sa\u011fl\u0131k \u00e7al\u0131\u015fanlar\u0131na i\u015faret dili e\u011fitimi verildi.<\/p>\n<p>Sa\u011fl\u0131k Bakanl\u0131\u011f\u0131 ile Milli E\u011fitim Bakanl\u0131\u011f\u0131 Hayat Boyu \u00d6\u011frenme Genel M\u00fcd\u00fcrl\u00fc\u011f\u00fc aras\u0131nda imzalanan \u201c\u0130\u015faret dili e\u011fitimi\u201d protokol\u00fc \u00e7er\u00e7evesinde Ke\u00e7i\u00f6ren E\u011fitim ve Ara\u015ft\u0131rma Hastanesinde 2 Nisan &#8211; 29 May\u0131s 2019 tarihleri aras\u0131nda i\u015faret dili e\u011fitimi verildi.<\/p>\n<p>Hastane  Sa\u011fl\u0131k Bak\u0131m Hizmetleri M\u00fcd\u00fcrl\u00fc\u011f\u00fc ve \u0130dari ve Mali \u0130\u015fler M\u00fcd\u00fcrl\u00fc\u011f\u00fc\u2019n\u00fcn destekleriyle Ar-Ge birimi organizesinde ger\u00e7ekle\u015ftirilen e\u011fitim yakla\u015f\u0131k 2 ay s\u00fcrd\u00fc.<\/p>\n<p>Engelliler ile \u00e7al\u0131\u015fanlar aras\u0131nda etkili ileti\u015fim kurabilmek, sa\u011fl\u0131k hizmeti eri\u015fimini kolayla\u015ft\u0131rmak ve olu\u015fabilecek ileti\u015fim sorununu ortadan kald\u0131rmak amac\u0131 ile planlanan i\u015faret dili e\u011fitimine hastane personelinin ilgisi olduk\u00e7a yo\u011fundu.<\/p>\n<p>Hastane konferans salonunda ger\u00e7ekle\u015ftirilen bir t\u00f6renle sertifika almaya hak kazanan hastane \u00e7al\u0131\u015fanlar\u0131na sertifikalar\u0131 verildi. Bu \u00e7al\u0131\u015fanlar i\u015fitme engellilere hizmet verirken sunulan sa\u011fl\u0131k hizmetinden en iyi \u015fekilde faydalanmalar\u0131 \u00f6zellikle i\u015fitme engelli hastalar\u0131n sa\u011fl\u0131k problemlerini etkin bir \u015fekilde anlatmalar\u0131nda kolayl\u0131k sa\u011flanmas\u0131 ve tedavilerinin ivedilikle yap\u0131lmas\u0131nda etkin bir rol alacaklar.<\/p>\n<p>Ayn\u0131 zamanda sertifikal\u0131 \u00e7al\u0131\u015fanlar i\u015fitme engelli vatanda\u015f\u0131n hastaneye ba\u015fvuru yapmas\u0131 itibari ile sa\u011fl\u0131k probleminin ilgi alan\u0131 neresi olursa olsun ihtiya\u00e7 halinde acil servis, poliklinikler, ameliyathane, a\u011f\u0131z\/di\u015f, i\u015f ve i\u015flemlerin yap\u0131ld\u0131\u011f\u0131 her b\u00f6l\u00fcmde sunulan sa\u011fl\u0131k hizmetlerden kolayl\u0131kla faydalanabilecek.<\/p>\n<p>Sertifika t\u00f6renine Ankara \u0130l Sa\u011fl\u0131k M\u00fcd\u00fcr\u00fc Prof. Dr. Mehmet G\u00fcl\u00fcm, Etlik Kamu Hastaneleri Birili\u011fi Ba\u015fkan\u0131 Mustafa Erkan \u00c7i\u00e7ek, Bilkent Kamu Hastaneleri Birli\u011fi Ba\u015fkan\u0131 Uzm. Dr. Ey\u00fcp Sar\u0131 ,Sa\u011fl\u0131k Hizmetleri Ba\u015fkan Yard\u0131mc\u0131s\u0131 Uzm. Dr. Mustafa Alimo\u011fullar\u0131 Hastane Ba\u015fhekim Vekili Op.Dr. Nevruz Erez Hastane \u0130dari ve Mali \u0130\u015fler M\u00fcd\u00fcr\u00fc Ahmet Uslu, Sa\u011fl\u0131k Bak\u0131m Hizmetleri M\u00fcd\u00fcr\u00fc \u015eenay Tanr\u0131\u00f6ver, hastane idarecileri ve \u00e7ok say\u0131da personel kat\u0131ld\u0131.<\/p>\n<p>Ankara \u0130l sa\u011fl\u0131k M\u00fcd\u00fcr\u00fc Prof. Dr. Mehmet G\u00fcl\u00fcm k\u0131sa bir selamlama ve te\u015fekk\u00fcr konu\u015fmas\u0131 yapt\u0131. Kursun \u00e7ok verimli ge\u00e7ti\u011fini belirten Prof. Mehmet G\u00fcl\u00fcm konu\u015fmas\u0131nda; &#8220;Sa\u011fl\u0131k M\u00fcd\u00fcrl\u00fc\u011f\u00fc olarak hastane ve ileti\u015fim konusundaki engelli vatanda\u015flar\u0131m\u0131z\u0131n \u00f6n\u00fcndeki engelleri kald\u0131rmak amac\u0131yla ger\u00e7ekle\u015ftirilen bu e\u011fitim programlar\u0131n\u0131n memnuniyet verici d\u00fczeye geldi\u011fini ve bunun yayg\u0131nla\u015ft\u0131r\u0131lmas\u0131 gerekti\u011fini s\u00f6yledi. Desteklerinden dolay\u0131 Milli E\u011fitim M\u00fcd\u00fcrl\u00fc\u011f\u00fc ve Halk E\u011fitim M\u00fcd\u00fcrl\u00fc\u011f\u00fcne te\u015fekk\u00fcr eden Prof. Dr. Mehmet G\u00fcl\u00fcm sertifika alan hastane \u00e7al\u0131\u015fanlar\u0131n\u0131 kutluyorum\u2019\u2019dedi.<\/p>\n","protected":false},"excerpt":{"rendered":"<p>KE\u00c7\u0130\u00d6REN E\u011e\u0130T\u0130M VE ARA\u015eTIRMA HASTANES\u0130NDE SA\u011eLIK \u00c7ALI\u015eANLARINA \u0130\u015eARET D\u0130L\u0130 E\u011e\u0130T\u0130M\u0130 VER\u0130LD\u0130.<\/p>\n","protected":false},"author":1,"featured_media":0,"comment_status":"closed","ping_status":"open","sticky":false,"template":"","format":"standard","meta":{"jetpack_post_was_ever_published":false,"_jetpack_newsletter_access":"","_jetpack_dont_email_post_to_subs":false,"_jetpack_newsletter_tier_id":0,"_jetpack_memberships_contains_paywalled_content":false,"_jetpack_memberships_contains_paid_content":false,"footnotes":"","jetpack_publicize_message":"","jetpack_publicize_feature_enabled":true,"jetpack_social_post_already_shared":true,"jetpack_social_options":{"image_generator_settings":{"template":"highway","default_image_id":0,"font":"","enabled":false},"version":2}},"categories":[1],"tags":[1739,581,1738,693],"class_list":["post-175649","post","type-post","status-publish","format-standard","hentry","category-genel","tag-dili","tag-egitimi","tag-isaret","tag-tamamlandi"],"jetpack_publicize_connections":[],"jetpack_featured_media_url":"","jetpack_sharing_enabled":true,"jetpack_shortlink":"https:\/\/wp.me\/paKIfm-JH3","_links":{"self":[{"href":"http:\/\/www.tvturk.com\/index.php\/wp-json\/wp\/v2\/posts\/175649","targetHints":{"allow":["GET"]}}],"collection":[{"href":"http:\/\/www.tvturk.com\/index.php\/wp-json\/wp\/v2\/posts"}],"about":[{"href":"http:\/\/www.tvturk.com\/index.php\/wp-json\/wp\/v2\/types\/post"}],"author":[{"embeddable":true,"href":"http:\/\/www.tvturk.com\/index.php\/wp-json\/wp\/v2\/users\/1"}],"replies":[{"embeddable":true,"href":"http:\/\/www.tvturk.com\/index.php\/wp-json\/wp\/v2\/comments?post=175649"}],"version-history":[{"count":0,"href":"http:\/\/www.tvturk.com\/index.php\/wp-json\/wp\/v2\/posts\/175649\/revisions"}],"wp:attachment":[{"href":"http:\/\/www.tvturk.com\/index.php\/wp-json\/wp\/v2\/media?parent=175649"}],"wp:term":[{"taxonomy":"category","embeddable":true,"href":"http:\/\/www.tvturk.com\/index.php\/wp-json\/wp\/v2\/categories?post=175649"},{"taxonomy":"post_tag","embeddable":true,"href":"http:\/\/www.tvturk.com\/index.php\/wp-json\/wp\/v2\/tags?post=175649"}],"curies":[{"name":"wp","href":"https:\/\/api.w.org\/{rel}","templated":true}]}}