{"id":175657,"date":"2019-06-29T14:47:21","date_gmt":"2019-06-29T11:47:21","guid":{"rendered":"http:\/\/www.tvturk.com\/index.php\/avrupa-spor-ve-kultur-festivali-coskuyla-basladi\/"},"modified":"2019-06-29T14:47:21","modified_gmt":"2019-06-29T11:47:21","slug":"avrupa-spor-ve-kultur-festivali-coskuyla-basladi","status":"publish","type":"post","link":"http:\/\/www.tvturk.com\/index.php\/avrupa-spor-ve-kultur-festivali-coskuyla-basladi\/","title":{"rendered":"Avrupa Spor ve K\u00fclt\u00fcr Festivali co\u015fkuyla ba\u015flad\u0131"},"content":{"rendered":"<p>Avrupa Spor ve K\u00fclt\u00fcr Festivali (ASKFEST) Almanya\u2019da ba\u015flad\u0131. Gen\u00e7lik ve Spor Bakanl\u0131\u011f\u0131, K\u00fclt\u00fcr ve Turizm Bakanl\u0131\u011f\u0131, Yurtd\u0131\u015f\u0131 T\u00fcrkler ve Akraba Topluluklar Ba\u015fkanl\u0131\u011f\u0131 (YTB) ile Hamm Belediyesi i\u015f birli\u011finde d\u00fczenlenen ASKFEST, Almanya\u2019n\u0131n Hamm \u015fehrinde bulunan Lippepark\u2019ta ba\u015flad\u0131.<\/p>\n<p>Festivale, Gen\u00e7lik ve Spor Bakan\u0131 Mehmet Kasapo\u011flu, K\u00fclt\u00fcr ve Turizm Bakan Yard\u0131mc\u0131s\u0131 Serdar \u00c7am, Yurtd\u0131\u015f\u0131 T\u00fcrkler ve Akraba Topluluklar Ba\u015fkan\u0131 Abdullah Eren ve Essen Ba\u015fkonsolosu \u015eener Cebeci\u2019nin yan\u0131 s\u0131ra Hamm Belediye Ba\u015fkan\u0131 Thomas Hunsteger Petermann ile Almanya Federal Ekonomi ve Enerji Bakanl\u0131\u011f\u0131 M\u00fcste\u015far\u0131 Oliver Wittke kat\u0131ld\u0131.<\/p>\n<p>Festival, T\u00fcrk genci Ceren Alt\u0131n\u00f6z\u2019\u00fcn ve Alman Madenciler M\u00fczik Gurubunun canl\u0131 performanslar\u0131n\u0131n ard\u0131ndan Hamm Belediye Ba\u015fkan\u0131 Petermann, Almanya Federal Ekonomi ve Enerji Bakanl\u0131\u011f\u0131 M\u00fcste\u015far\u0131 Wittke ile Essen Ba\u015fkonsolosu \u015eener Cebeci, K\u00fclt\u00fcr ve Turizm Bakan Yard\u0131mc\u0131s\u0131 Serdar \u00c7am ve Gen\u00e7lik ve Spor Bakan\u0131 Mehmet Kasapo\u011flu\u2019nun a\u00e7\u0131l\u0131\u015f konu\u015fmalar\u0131 ile ba\u015flad\u0131. Petermann ve Wittke a\u00e7\u0131l\u0131\u015f konu\u015fmalar\u0131nda festivalin iki toplumun birlikteli\u011fi a\u00e7\u0131s\u0131ndan \u00f6nemine vurgu yaparken; K\u00fclt\u00fcr ve Turizm Bakan Yard\u0131mc\u0131s\u0131 Serdar \u00c7am, \u2018\u2018K\u00fclt\u00fcr, sanat, spor ve festivaller topluluklar\u0131 bir araya getiren, onlar\u0131 birbirine yakla\u015ft\u0131ran \u00f6nemli etkinliklerdir. Bu a\u00e7\u0131dan ASKFEST\u2019in de \u00e7ok \u00f6nemli oldu\u011funu d\u00fc\u015f\u00fcn\u00fcyorum.\u2019\u2019 dedi. Gen\u00e7lik ve Spor Bakan\u0131 Mehmet Kasapo\u011flu ise \u2018\u2018Yurtd\u0131\u015f\u0131 T\u00fcrkler ve Akraba Topluluklar Ba\u015fkanl\u0131\u011f\u0131 ile ger\u00e7ekle\u015ftirdi\u011fimiz ASKFEST \u00e7ok \u00f6nemli bir festival ve g\u00fczel bir ba\u015flang\u0131\u00e7. Sporun birle\u015ftirici g\u00fcc\u00fcyle ba\u011flar\u0131n daha da g\u00fc\u00e7lenece\u011fine inan\u0131yoruz.\u2019\u2019 dedi.<\/p>\n<p>\u2018\u2018ASKFEST ile birlikte spor yap, birlikte e\u011flen, birlikte ya\u015fa ve gelece\u011fi birlikte kurgula diyoruz\u2019\u2019<\/p>\n<p>YTB Ba\u015fkan\u0131 Abdullah Eren ise festivale ili\u015fkin de\u011ferlendirmelerinde; \u2018\u2018ASKFEST ile Birlikte Spor Yap, Birlikte E\u011flen, Birlikte Ya\u015fa ve Gelece\u011fi Birlikte Kurgula diyoruz. T\u00fcrk ve Alman makamlar\u0131n\u0131n i\u015f birli\u011fiyle bu program\u0131n ger\u00e7ekle\u015ftirilmesi \u00e7ok \u00f6nemli. 3 g\u00fcnl\u00fck dolu dolu bir festival olacak. Bu festival T\u00fcrk-Alman ortak festivali. \u00d6n\u00fcm\u00fczdeki sene de vatanda\u015flar\u0131m\u0131z\u0131n yo\u011fun ya\u015fad\u0131\u011f\u0131 Avrupa\u2019n\u0131n farkl\u0131 yerlerinde de yine oradaki yetkili makamlar\u0131n i\u015f birli\u011fiyle bu organizasyonu ger\u00e7ekle\u015ftirmek istiyoruz. Maalesef Avrupa\u2019n\u0131n farkl\u0131 \u00fclkelerinde \u0130slamofobi gibi hastal\u0131klar \u00fcremekte. Biz bu ak\u0131mlar\u0131 toplumlardaki genel gidi\u015fat olarak g\u00f6rm\u00fcyoruz. B\u00f6yle g\u00f6rmedi\u011fimiz i\u00e7in de bu festivalleri yapmak istiyoruz. Bu festivallerin Avrupa\u2019da s\u00f6z konusu hastal\u0131klar\u0131n yay\u0131lmas\u0131n\u0131 da engelleyece\u011fine inan\u0131yoruz.\u2019\u2019 ifadelerine yer verdi.<\/p>\n<p>Lippepark hikayesiyle \u00f6n plana \u00e7\u0131k\u0131yor<\/p>\n<p>Festival\u2019in ger\u00e7ekle\u015fti\u011fi Lippepark\u2019\u0131n hikayesi ise festivale ayr\u0131 bir \u00f6nem kat\u0131yor. Zira eski bir maden oca\u011f\u0131 olan Lippepark; 1960\u2019l\u0131 y\u0131llar\u0131n ba\u015f\u0131nda hayta ge\u00e7irilen i\u015f g\u00fcc\u00fc anla\u015fmalar\u0131 \u00e7er\u00e7evesinde Almanya\u2019ya gelen T\u00fcrk vatanda\u015flar\u0131n\u0131n da uzunca y\u0131llar \u00e7al\u0131\u015f\u0131p, emek sarf etti\u011fi ve \u015fehrin, Almanya\u2019n\u0131n kalk\u0131nmas\u0131na katk\u0131da bulundu\u011fu bir yer. Hamm\u2019da yo\u011fun bir T\u00fcrk varl\u0131\u011f\u0131 da s\u00f6z konusu.<\/p>\n<p>Millilerden dostluk ma\u00e7\u0131<\/p>\n<p>\u2018\u2018Birlikte Spor Yap, Birlikte E\u011flen, Birlikte Ya\u015fa\u2019\u2019 slogan\u0131 ile hayata ge\u00e7irilen festivalde T\u00fcrk ve Alman Milli Tak\u0131m\u0131n\u0131n unutulmaz isimleri de festivalin an\u0131s\u0131na dostluk ma\u00e7\u0131nda bir araya geldi. Ma\u00e7\u0131 hep beraber izleyen T\u00fcrk ve Alman ziyaret\u00e7iler; festivalin temas\u0131 itibariyle oynanan dostluk ma\u00e7\u0131n\u0131n ASKFEST\u2019e g\u00fczel bir renk ve \u00f6nemli bir anlam katt\u0131\u011f\u0131n\u0131 s\u00f6ylerken; ma\u00e7a ve y\u0131ld\u0131zlara b\u00fcy\u00fck ilgi g\u00f6sterdi.<\/p>\n<p>K\u00fclt\u00fcr\u00fcn ve sporun her alan\u0131 birlikteli\u011fe kat\u0131 sunuyor<\/p>\n<p>Festivalde k\u00fclt\u00fcrden sanata, spordan gastronomiye her iki toplumun sahip oldu\u011fu varl\u0131klar t\u00fcm alanlarda ziyaret\u00e7ilerin ilgisine sunuluyor. T\u00fcrk ve Alman vatanda\u015flar\u0131n b\u00fcy\u00fck bir heyecan ve ilgiyle takip etti\u011fi festivalin ilk g\u00fcn\u00fcnde konu\u015fan her iki toplumdan vatanda\u015flar festivalin ortak billince ve birlikteli\u011fe anlam katarak \u00e7ok \u00f6nemli bir i\u015flev g\u00f6rd\u00fc\u011f\u00fcn\u00fc vurgularken festivalin devam\u0131n\u0131n da mutlaka beklendi\u011fini s\u00f6yledi.<\/p>\n<p>28 Haziran Cuma g\u00fcn\u00fc ba\u015flayan Festival 29-30 Haziran 2019 tarihlerinde de devam edecek. Festivalin haftasonu da devam etmesinden dolay\u0131 T\u00fcrk ve Alman vatanda\u015flar taraf\u0131ndan festivale ilginin yo\u011fun olaca\u011f\u0131 bekleniyor.<\/p>\n","protected":false},"excerpt":{"rendered":"<p>AVRUPA SPOR VE K\u00dcLT\u00dcR FEST\u0130VAL\u0130 (ASKFEST) ALMANYA\u2019DA BA\u015eLADI. GEN\u00c7L\u0130K VE SPOR BAKANLI\u011eI, K\u00dcLT\u00dcR VE TUR\u0130ZM BAKANLI\u011eI, YURTDI\u015eI T\u00dcRKLER VE AKRABA TOPLULUKLAR BA\u015eKANLI\u011eI (YTB) \u0130LE HAMM BELED\u0130YES\u0130 \u0130\u015e B\u0130RL\u0130\u011e\u0130NDE D\u00dcZENLENEN ASKFEST, ALMANYA\u2019NIN HAMM \u015eEHR\u0130NDE BULUNAN L\u0130PPEPARK\u2019TA BA\u015eLADI. FEST\u0130VALE GEN\u00c7L\u0130K VE SPOR BAKANI MEHMET KASAPO\u011eLU, K\u00dcLT\u00dcR VE TUR\u0130ZM BAKAN YARDIMCISI SERDAR \u00c7AM, YURTDI\u015eI T\u00dcRKLER VE AKRABA TOPLULUKLAR BA\u015eKANI ABDULLAH EREN VE ESSEN BA\u015eKONSOLOSU \u015eENER CEBEC\u0130\u2019N\u0130N YANI SIRA HAMM BELED\u0130YE BA\u015eKANI THOMAS HUNSTEGER PETERMANN \u0130LE ALMANYA FEDERAL EKONOM\u0130 VE ENERJ\u0130 BAKANLI\u011eI M\u00dcSTE\u015eARI OL\u0130VER W\u0130TTKE KATILDI.<\/p>\n","protected":false},"author":1,"featured_media":0,"comment_status":"closed","ping_status":"open","sticky":false,"template":"","format":"standard","meta":{"jetpack_post_was_ever_published":false,"_jetpack_newsletter_access":"","_jetpack_dont_email_post_to_subs":false,"_jetpack_newsletter_tier_id":0,"_jetpack_memberships_contains_paywalled_content":false,"_jetpack_memberships_contains_paid_content":false,"footnotes":"","jetpack_publicize_message":"","jetpack_publicize_feature_enabled":true,"jetpack_social_post_already_shared":true,"jetpack_social_options":{"image_generator_settings":{"template":"highway","default_image_id":0,"font":"","enabled":false},"version":2}},"categories":[656],"tags":[392,55,3205,3400,630,1619],"class_list":["post-175657","post","type-post","status-publish","format-standard","hentry","category-kultur-sanat","tag-avrupa","tag-basladi","tag-coskuyla","tag-festivali","tag-kultur","tag-spor"],"jetpack_publicize_connections":[],"jetpack_featured_media_url":"","jetpack_sharing_enabled":true,"jetpack_shortlink":"https:\/\/wp.me\/paKIfm-JHb","_links":{"self":[{"href":"http:\/\/www.tvturk.com\/index.php\/wp-json\/wp\/v2\/posts\/175657","targetHints":{"allow":["GET"]}}],"collection":[{"href":"http:\/\/www.tvturk.com\/index.php\/wp-json\/wp\/v2\/posts"}],"about":[{"href":"http:\/\/www.tvturk.com\/index.php\/wp-json\/wp\/v2\/types\/post"}],"author":[{"embeddable":true,"href":"http:\/\/www.tvturk.com\/index.php\/wp-json\/wp\/v2\/users\/1"}],"replies":[{"embeddable":true,"href":"http:\/\/www.tvturk.com\/index.php\/wp-json\/wp\/v2\/comments?post=175657"}],"version-history":[{"count":0,"href":"http:\/\/www.tvturk.com\/index.php\/wp-json\/wp\/v2\/posts\/175657\/revisions"}],"wp:attachment":[{"href":"http:\/\/www.tvturk.com\/index.php\/wp-json\/wp\/v2\/media?parent=175657"}],"wp:term":[{"taxonomy":"category","embeddable":true,"href":"http:\/\/www.tvturk.com\/index.php\/wp-json\/wp\/v2\/categories?post=175657"},{"taxonomy":"post_tag","embeddable":true,"href":"http:\/\/www.tvturk.com\/index.php\/wp-json\/wp\/v2\/tags?post=175657"}],"curies":[{"name":"wp","href":"https:\/\/api.w.org\/{rel}","templated":true}]}}