{"id":175661,"date":"2019-06-29T15:01:39","date_gmt":"2019-06-29T12:01:39","guid":{"rendered":"http:\/\/www.tvturk.com\/index.php\/sehit-astsubay-adem-tunc-gozyaslari-arasinda-topraga-verildi\/"},"modified":"2019-06-29T15:01:39","modified_gmt":"2019-06-29T12:01:39","slug":"sehit-astsubay-adem-tunc-gozyaslari-arasinda-topraga-verildi","status":"publish","type":"post","link":"http:\/\/www.tvturk.com\/index.php\/sehit-astsubay-adem-tunc-gozyaslari-arasinda-topraga-verildi\/","title":{"rendered":"\u015eehit Astsubay Adem Tun\u00e7, g\u00f6zya\u015flar\u0131 aras\u0131nda topra\u011fa verildi"},"content":{"rendered":"<p>A\u011fr\u0131\u2019n\u0131n Tutak il\u00e7esinde, Suriye\u2019nin \u0130dlib kentinde 10 numaral\u0131 g\u00f6zlem noktas\u0131na d\u00fczenledi\u011fi havanl\u0131 sald\u0131r\u0131da \u015fehit olan Piyade Astsubay K\u0131demli \u00c7avu\u015f Adem Tun\u00e7 (28) g\u00f6zya\u015flar\u0131 aras\u0131nda topra\u011fa verildi.<\/p>\n<p>Suriye\u2019nin \u0130dlib kentinde 10 numaral\u0131 g\u00f6zlem noktas\u0131na d\u00fczenledi\u011fi havanl\u0131 sald\u0131r\u0131da \u015fehit olan Piyade Astsubay K\u0131demli \u00c7avu\u015f Adem Tun\u00e7\u2019un (28) cenazesi d\u00fcn askeri u\u00e7akla A\u011fr\u0131 Ahmed-i Hani Havaliman\u0131\u2019na getirildi. Tutak il\u00e7esine ba\u011fl\u0131 A\u015fa\u011f\u0131 K\u00f6\u015fk k\u00f6y\u00fcnde ya\u015fayan \u015eefika-\u00d6mer Tun\u00e7 \u00e7iftinin 10 \u00e7ocu\u011fundan 9\u2019uncusu olan \u015eehit Piyade Astsubay K\u0131demli \u00c7avu\u015f Adem Tun\u00e7 i\u00e7in bug\u00fcn 15 Temmuz Meydan\u0131\u2019nda d\u00fczenlenen cenaze t\u00f6renine  Adalet Bakan Yard\u0131mc\u0131s\u0131 Selahaddin Mente\u015f, Vali Vekili Hidayet Sar\u0131, AK Parti A\u011fr\u0131 Milletvekili Ekrem \u00c7elebi, MHP \u0130zmir Milletvekili Tamer Osmana\u011fao\u011flu, A\u011fr\u0131 Belediye Ba\u015fkan\u0131 Savc\u0131 Sayan, Garnizon Komutan\u0131 Tu\u011fgeneral Faruk Metin, \u0130l Jandarma Komutan\u0131 Tu\u011fgeneral Cemil L\u00fctfi \u00d6zkul, \u0130l Emniyet M\u00fcd\u00fcr\u00fc Kenan Y\u0131ld\u0131z, \u015fehidin yak\u0131nlar\u0131 ve yakla\u015f\u0131k bin ki\u015fi kat\u0131ld\u0131. \u0130l M\u00fcft\u00fcs\u00fc Tando\u011fan Top\u00e7u taraf\u0131ndan k\u0131ld\u0131r\u0131lan cenaze namaz\u0131n\u0131n ard\u0131ndan  helallik istendi ve dua edildi. T\u00f6rende \u015fehidin anne ve babas\u0131 ile karde\u015fleri  g\u00fc\u00e7l\u00fckle ayakta dururken, namaz sonras\u0131 omuzlara al\u0131nan \u015fehit Tun\u00e7\u2019un naa\u015f\u0131, cenaze arac\u0131na ta\u015f\u0131nd\u0131.<\/p>\n<p>\u015eehidin foto\u011fraf\u0131n\u0131 karde\u015fi Vefa Tun\u00e7 ta\u015f\u0131rken, bekar olan Adem Tun\u00e7, Tutak\u2019a 12 kilometre uzakl\u0131ktaki A\u015fa\u011f\u0131 K\u00f6\u015fk k\u00f6y\u00fc mezarl\u0131\u011f\u0131nda g\u00f6zya\u015flar\u0131 aras\u0131nda topra\u011fa verildi.<\/p>\n","protected":false},"excerpt":{"rendered":"<p>A\u011eRI\u2019NIN TUTAK \u0130L\u00c7ES\u0130NDE, SUR\u0130YE\u2019N\u0130N \u0130DL\u0130B KENT\u0130NDE 10 NUMARALI G\u00d6ZLEM NOKTASINA D\u00dcZENLED\u0130\u011e\u0130 HAVANLI SALDIRIDA \u015eEH\u0130T OLAN P\u0130YADE ASTSUBAY KIDEML\u0130 \u00c7AVU\u015e ADEM TUN\u00c7 (28) G\u00d6ZYA\u015eLARI ARASINDA TOPRA\u011eA VER\u0130LD\u0130.<\/p>\n","protected":false},"author":1,"featured_media":0,"comment_status":"closed","ping_status":"open","sticky":false,"template":"","format":"standard","meta":{"jetpack_post_was_ever_published":false,"_jetpack_newsletter_access":"","_jetpack_dont_email_post_to_subs":false,"_jetpack_newsletter_tier_id":0,"_jetpack_memberships_contains_paywalled_content":false,"_jetpack_memberships_contains_paid_content":false,"footnotes":"","jetpack_publicize_message":"","jetpack_publicize_feature_enabled":true,"jetpack_social_post_already_shared":true,"jetpack_social_options":{"image_generator_settings":{"template":"highway","default_image_id":0,"font":"","enabled":false},"version":2}},"categories":[1],"tags":[750,1882,10856,5268,237,9494,11623,634],"class_list":["post-175661","post","type-post","status-publish","format-standard","hentry","category-genel","tag-adem","tag-arasinda","tag-astsubay","tag-gozyaslari","tag-sehit","tag-topraga","tag-tunc","tag-verildi"],"jetpack_publicize_connections":[],"jetpack_featured_media_url":"","jetpack_sharing_enabled":true,"jetpack_shortlink":"https:\/\/wp.me\/paKIfm-JHf","_links":{"self":[{"href":"http:\/\/www.tvturk.com\/index.php\/wp-json\/wp\/v2\/posts\/175661","targetHints":{"allow":["GET"]}}],"collection":[{"href":"http:\/\/www.tvturk.com\/index.php\/wp-json\/wp\/v2\/posts"}],"about":[{"href":"http:\/\/www.tvturk.com\/index.php\/wp-json\/wp\/v2\/types\/post"}],"author":[{"embeddable":true,"href":"http:\/\/www.tvturk.com\/index.php\/wp-json\/wp\/v2\/users\/1"}],"replies":[{"embeddable":true,"href":"http:\/\/www.tvturk.com\/index.php\/wp-json\/wp\/v2\/comments?post=175661"}],"version-history":[{"count":0,"href":"http:\/\/www.tvturk.com\/index.php\/wp-json\/wp\/v2\/posts\/175661\/revisions"}],"wp:attachment":[{"href":"http:\/\/www.tvturk.com\/index.php\/wp-json\/wp\/v2\/media?parent=175661"}],"wp:term":[{"taxonomy":"category","embeddable":true,"href":"http:\/\/www.tvturk.com\/index.php\/wp-json\/wp\/v2\/categories?post=175661"},{"taxonomy":"post_tag","embeddable":true,"href":"http:\/\/www.tvturk.com\/index.php\/wp-json\/wp\/v2\/tags?post=175661"}],"curies":[{"name":"wp","href":"https:\/\/api.w.org\/{rel}","templated":true}]}}